{"id":221631,"date":"2024-05-02T10:40:00","date_gmt":"2024-05-02T08:40:00","guid":{"rendered":"https:\/\/www.tucomarca.com\/wordpress\/segunda\/?p=221631"},"modified":"2024-05-02T14:30:01","modified_gmt":"2024-05-02T12:30:01","slug":"la-banda-simfonica-de-lartistica-de-xiva-comparteix-escenari-amb-la-banda-de-musica-de-la-guardia-civil","status":"publish","type":"post","link":"https:\/\/tucomarca.whitekongsoftware.com\/ca\/la-banda-simfonica-de-lartistica-de-xiva-comparteix-escenari-amb-la-banda-de-musica-de-la-guardia-civil\/","title":{"rendered":"La banda simf\u00f2nica de \u201cL&#8217;Art\u00edstica\u201d de Xiva comparteix escenari amb la Banda de M\u00fasica de la Gu\u00e0rdia Civil"},"content":{"rendered":"\n<p class=\"wp-block-paragraph\">Els dies 26 i 27 d&#8217;abril, la Gu\u00e0rdia Civil de Val\u00e8ncia va celebrar a Xiva la commemoraci\u00f3 del seu 180 Aniversari, i del 179 del primer lloc en aquesta poblaci\u00f3, i un dels actes va ser el concert en el qual va participar la banda simf\u00f2nica de la SM \u201cL&#8217;Art\u00edstica\u201d de Xiva, i els alumnes de cant de la seua escola de m\u00fasica \u201cGarcia Navarro\u201d.<\/p>\n\n\n\n<p class=\"wp-block-paragraph\">El cos de la Gu\u00e0rdia Civil es va fundar el 28 de mar\u00e7 de 1844, i el 5 de febrer de 1845 es va establir la primera distribuci\u00f3 a la prov\u00edncia de Val\u00e8ncia, sent Xiva el primer lloc que es va instal\u00b7lar, o un dels tres primers, m\u00e9s el de la capital. Pel nexe hist\u00f2ric que els uneix amb Xiva, les autoritats de la Gu\u00e0rdia Civil, conjuntament amb les de Xiva, han organitzat unes jornades d&#8217;actes commemoratius, sent un d&#8217;ells el concert que divendres passat 26, a les 7,30 hores, es va oferir al Cinema-Teatre Astoria que va completar aforament, no podent assistir m\u00e9s chivanos per falta de localitats.<\/p>\n\n\n\n<p class=\"wp-block-paragraph\">El concert el va oferir la Unitat de M\u00fasica de la Gu\u00e0rdia Civil que es va despla\u00e7ar des de Madrid per a aix\u00f2. La Unitat de M\u00fasica estava dirigida pel tinent coronel m\u00fasic, Sr. Jaime Ismael Engu\u00eddanos Royo. En la segona part del concert va participar conjuntament amb la Unitat de M\u00fasica de la Gu\u00e0rdia Civil, un destacat grup de m\u00fasics de la Banda Simf\u00f2nica \u201cL&#8217;Art\u00edstica de Xiva\u201d, aix\u00ed com els alumnes de cant de l&#8217;Escola de M\u00fasica i Dansa \u201cGarc\u00eda Navarro\u201d d&#8217;aquesta Societat, i interpretant-se obres de compositors chivanos.&nbsp;<\/p>\n\n\n\n<p class=\"wp-block-paragraph\">L&#8217;acte va estar presidit per autoritats civils i militars, i despr\u00e9s de l&#8217;intercanvi d&#8217;obsequis entre l&#8217;alcaldessa de Xiva i el coronel cap de la Gu\u00e0rdia Civil, es va iniciar la primera part del concert dirigida per Sr. Jaime Ismael Engu\u00eddanos Royo, amb la interpretaci\u00f3 del seg\u00fcent programa:<\/p>\n\n\n\n<p class=\"wp-block-paragraph\">El Torico de la Corda, (Pasdoble). Luis Serrano.<\/p>\n\n\n\n<p class=\"wp-block-paragraph\">H\u00e1ry J\u00e1nos. Z. Kod\u00e1ly.<\/p>\n\n\n\n<p class=\"wp-block-paragraph\">Simfonia N\u00fam. 45. IV moviment \u201cEls adeus\u201d. J. Haydn.<\/p>\n\n\n\n<p class=\"wp-block-paragraph\">El lloro Florentino. Manuel Morales.<\/p>\n\n\n\n<p class=\"wp-block-paragraph\">Amb la participaci\u00f3 de l&#8217;Escola de M\u00fasica i Dansa \u201cGarc\u00eda Navarro\u201d<\/p>\n\n\n\n<p class=\"wp-block-paragraph\">En la segona part, el tinent coronel m\u00fasic, Sr. Jaime Ismael Engu\u00eddanos, va convidar als m\u00fasics de la Banda Simf\u00f2nica \u201cL&#8217;Art\u00edstica\u201d al fet que s&#8217;uniren a ells, i una vegada tots col\u00b7locats la va iniciar amb una obra no anunciada en el programa:<\/p>\n\n\n\n<p class=\"wp-block-paragraph\">M\u00fasica i vi. Manuel Morales.<\/p>\n\n\n\n<p class=\"wp-block-paragraph\">Amb unes paraules d&#8217;agra\u00efment a la Societat Musical per la col\u00b7laboraci\u00f3 prestada va convidar al director de la Banda Simf\u00f2nica, Sr. Vicente Reche Ruiz, al fet que pujara a l&#8217;estrada i dirigira a les dues agrupacions:<\/p>\n\n\n\n<p class=\"wp-block-paragraph\">Val\u00e8ncia (de la Zarzuela La ben estimada). J. Padilla.<\/p>\n\n\n\n<p class=\"wp-block-paragraph\">Salve Xiva (Himne a Xiva). A .Alonso.<\/p>\n\n\n\n<p class=\"wp-block-paragraph\">Finalitzat el mateix, Sr. Vicente Reche va retornar la batuta a Sr. Jaime Ismael Engu\u00eddanos que va dirigir:<\/p>\n\n\n\n<p class=\"wp-block-paragraph\">Himne de la Comunitat Valenciana. M\u00fasica de J. Serrano i lletra de M. Thous.<\/p>\n\n\n\n<p class=\"wp-block-paragraph\">Himne de la Gu\u00e0rdia Civil. M\u00fasica d&#8217;I. Moreno i Lletra de J. Osuna. Tancant l&#8217;acte amb la interpretaci\u00f3 de l&#8217;Himne nacional.<\/p>\n\n\n\n<p class=\"wp-block-paragraph\">Un concert que romandr\u00e0 molt temps en la mem\u00f2ria dels chivanos, tant pel variat programa com per l&#8217;harmonia, afinaci\u00f3 i qualitat expressiva demostrada per tots els m\u00fasics, que va arribar al tot el p\u00fablic que va respondre amb forts, calorosos i prolongats aplaudiments en cadascuna de les interpretacions, i amb el respecte que mereixen cadascun dels himnes.<\/p>\n","protected":false},"excerpt":{"rendered":"<div class=\"mh-excerpt\">Els dies 26 i 27 d&#8217;abril, la Gu\u00e0rdia Civil de Val\u00e8ncia va celebrar a Xiva la commemoraci\u00f3 del seu 180 Aniversari, i del 179 del primer lloc en aquesta poblaci\u00f3, i un dels actes va <a class=\"mh-excerpt-more\" href=\"https:\/\/tucomarca.whitekongsoftware.com\/ca\/la-banda-simfonica-de-lartistica-de-xiva-comparteix-escenari-amb-la-banda-de-musica-de-la-guardia-civil\/\" title=\"La banda simf\u00f2nica de \u201cL&#8217;Art\u00edstica\u201d de Xiva comparteix escenari amb la Banda de M\u00fasica de la Gu\u00e0rdia Civil\">[+] <\/a><\/div>\n","protected":false},"author":12,"featured_media":221629,"comment_status":"open","ping_status":"open","sticky":false,"template":"","format":"standard","meta":{"footnotes":""},"categories":[11005,10894,10912,11007,10896,10975],"tags":[11195,10914],"class_list":["post-221631","post","type-post","status-publish","format-standard","has-post-thumbnail","category-canal-musica","category-la-comarca-ca","category-la-hoya-ca","category-ocio-y-cultura-ca","category-seccion-ca","category-chiva-ca","tag-chiva-ca","tag-la-hoya-de-bunol-chiva-ca"],"_links":{"self":[{"href":"https:\/\/tucomarca.whitekongsoftware.com\/ca\/wp-json\/wp\/v2\/posts\/221631","targetHints":{"allow":["GET"]}}],"collection":[{"href":"https:\/\/tucomarca.whitekongsoftware.com\/ca\/wp-json\/wp\/v2\/posts"}],"about":[{"href":"https:\/\/tucomarca.whitekongsoftware.com\/ca\/wp-json\/wp\/v2\/types\/post"}],"author":[{"embeddable":true,"href":"https:\/\/tucomarca.whitekongsoftware.com\/ca\/wp-json\/wp\/v2\/users\/12"}],"replies":[{"embeddable":true,"href":"https:\/\/tucomarca.whitekongsoftware.com\/ca\/wp-json\/wp\/v2\/comments?post=221631"}],"version-history":[{"count":0,"href":"https:\/\/tucomarca.whitekongsoftware.com\/ca\/wp-json\/wp\/v2\/posts\/221631\/revisions"}],"wp:featuredmedia":[{"embeddable":true,"href":"https:\/\/tucomarca.whitekongsoftware.com\/ca\/wp-json\/wp\/v2\/media\/221629"}],"wp:attachment":[{"href":"https:\/\/tucomarca.whitekongsoftware.com\/ca\/wp-json\/wp\/v2\/media?parent=221631"}],"wp:term":[{"taxonomy":"category","embeddable":true,"href":"https:\/\/tucomarca.whitekongsoftware.com\/ca\/wp-json\/wp\/v2\/categories?post=221631"},{"taxonomy":"post_tag","embeddable":true,"href":"https:\/\/tucomarca.whitekongsoftware.com\/ca\/wp-json\/wp\/v2\/tags?post=221631"}],"curies":[{"name":"wp","href":"https:\/\/api.w.org\/{rel}","templated":true}]}}