{"id":221552,"date":"2024-05-02T10:55:00","date_gmt":"2024-05-02T08:55:00","guid":{"rendered":"https:\/\/www.tucomarca.com\/wordpress\/segunda\/?p=221552"},"modified":"2024-05-02T12:06:19","modified_gmt":"2024-05-02T10:06:19","slug":"lajuntament-de-xiva-i-la-diputacio-impulsen-els-projectes-vinculats-a-carreteres","status":"publish","type":"post","link":"https:\/\/tucomarca.whitekongsoftware.com\/ca\/lajuntament-de-xiva-i-la-diputacio-impulsen-els-projectes-vinculats-a-carreteres\/","title":{"rendered":"L&#8217;Ajuntament de Xiva i la Diputaci\u00f3 impulsen els projectes vinculats a carreteres"},"content":{"rendered":"\n<p class=\"wp-block-paragraph\">Amparo Fort, alcaldessa de Xiva, ha mantingut una intensa reuni\u00f3 de treball amb Vicente Momp\u00f3, president de la Diputaci\u00f3 de Val\u00e8ncia.<\/p>\n\n\n\n<p class=\"wp-block-paragraph\">En el transcurs de la reuni\u00f3, desenvolupada en la seu de la instituci\u00f3 provincial, s&#8217;ha avan\u00e7at en el desenvolupament del calendari previst dins del Pla Obert d&#8217;Inversions de la Diputaci\u00f3.<\/p>\n\n\n\n<p class=\"wp-block-paragraph\">En aquest context, aspectes com el carril cicle-per als vianants que unir\u00e0 Xiva i Xest o la futura circumval\u00b7laci\u00f3 del municipi, han sigut alguns dels aspectes tractats en una trobada en el qual tamb\u00e9 s&#8217;ha avan\u00e7at en l&#8217;impuls a projectes relacionats amb el subministrament d&#8217;aigua potable a la poblaci\u00f3, el desenvolupament industrial com a eina per a lluitar contra la desocupaci\u00f3 i les inversions en la caserna de la Gu\u00e0rdia Civil del municipi.<\/p>\n","protected":false},"excerpt":{"rendered":"<div class=\"mh-excerpt\">Amparo Fort, alcaldessa de Xiva, ha mantingut una intensa reuni\u00f3 de treball amb Vicente Momp\u00f3, president de la Diputaci\u00f3 de Val\u00e8ncia. En el transcurs de la reuni\u00f3, desenvolupada en la seu de la instituci\u00f3 provincial, <a class=\"mh-excerpt-more\" href=\"https:\/\/tucomarca.whitekongsoftware.com\/ca\/lajuntament-de-xiva-i-la-diputacio-impulsen-els-projectes-vinculats-a-carreteres\/\" title=\"L&#8217;Ajuntament de Xiva i la Diputaci\u00f3 impulsen els projectes vinculats a carreteres\">[+] <\/a><\/div>\n","protected":false},"author":12,"featured_media":221548,"comment_status":"open","ping_status":"open","sticky":false,"template":"","format":"standard","meta":{"footnotes":""},"categories":[10993,10948,10894,10912,10902,10947,10896,10975],"tags":[11195,11246,10914,18825],"class_list":["post-221552","post","type-post","status-publish","format-standard","has-post-thumbnail","category-gavarda-ca","category-infraestructuras-ca","category-la-comarca-ca","category-la-hoya-ca","category-la-ribera-ca","category-politica","category-seccion-ca","category-chiva-ca","tag-chiva-ca","tag-diputacio-de-valencia-ca","tag-la-hoya-de-bunol-chiva-ca","tag-vicent-mompo-ca"],"_links":{"self":[{"href":"https:\/\/tucomarca.whitekongsoftware.com\/ca\/wp-json\/wp\/v2\/posts\/221552","targetHints":{"allow":["GET"]}}],"collection":[{"href":"https:\/\/tucomarca.whitekongsoftware.com\/ca\/wp-json\/wp\/v2\/posts"}],"about":[{"href":"https:\/\/tucomarca.whitekongsoftware.com\/ca\/wp-json\/wp\/v2\/types\/post"}],"author":[{"embeddable":true,"href":"https:\/\/tucomarca.whitekongsoftware.com\/ca\/wp-json\/wp\/v2\/users\/12"}],"replies":[{"embeddable":true,"href":"https:\/\/tucomarca.whitekongsoftware.com\/ca\/wp-json\/wp\/v2\/comments?post=221552"}],"version-history":[{"count":0,"href":"https:\/\/tucomarca.whitekongsoftware.com\/ca\/wp-json\/wp\/v2\/posts\/221552\/revisions"}],"wp:featuredmedia":[{"embeddable":true,"href":"https:\/\/tucomarca.whitekongsoftware.com\/ca\/wp-json\/wp\/v2\/media\/221548"}],"wp:attachment":[{"href":"https:\/\/tucomarca.whitekongsoftware.com\/ca\/wp-json\/wp\/v2\/media?parent=221552"}],"wp:term":[{"taxonomy":"category","embeddable":true,"href":"https:\/\/tucomarca.whitekongsoftware.com\/ca\/wp-json\/wp\/v2\/categories?post=221552"},{"taxonomy":"post_tag","embeddable":true,"href":"https:\/\/tucomarca.whitekongsoftware.com\/ca\/wp-json\/wp\/v2\/tags?post=221552"}],"curies":[{"name":"wp","href":"https:\/\/api.w.org\/{rel}","templated":true}]}}