{"id":221507,"date":"2024-05-01T22:30:00","date_gmt":"2024-05-01T20:30:00","guid":{"rendered":"https:\/\/www.tucomarca.com\/wordpress\/segunda\/?p=221507"},"modified":"2024-05-02T08:27:32","modified_gmt":"2024-05-02T06:27:32","slug":"la-sort-dels-penals-no-afavoreix-al-cd-bunyol-que-cau-enfront-del-manises-cf-4-2-en-la-final-de-la-nostra-copa-despres-duna-prorroga-i-un-partit-molt-igualat","status":"publish","type":"post","link":"https:\/\/tucomarca.whitekongsoftware.com\/ca\/la-sort-dels-penals-no-afavoreix-al-cd-bunyol-que-cau-enfront-del-manises-cf-4-2-en-la-final-de-la-nostra-copa-despres-duna-prorroga-i-un-partit-molt-igualat\/","title":{"rendered":"La sort dels penals no afavoreix al CD Bunyol que cau enfront del Manises CF (4-2) en la final de La Nostra Copa despr\u00e9s d&#8217;una pr\u00f2rroga i un partit molt igualat"},"content":{"rendered":"\n<p class=\"wp-block-paragraph\">Una pr\u00f2rroga i un torn de penals han sigut necessaris perqu\u00e8 el <strong>Manises Club de Futbol <\/strong>superara al <strong>Club Esportiu Bunyol<\/strong> en la final de \u2018<strong>La Nostra Copa<\/strong>\u2019&nbsp;masculina de futbol (4-2) en una trobada disputada en el Poliesportiu Municipal de <strong>L&#8217;Eliana<\/strong> aquest dimecres, dia 1 de maig.<\/p>\n\n\n\n<p class=\"wp-block-paragraph\">La sort dels penals va fer que els llan\u00e7aments, tant de <strong>Tob\u00edas<\/strong>, el primer; com el tercer de <strong>Pastor<\/strong>, foren detinguts pel portera del Manises CF, <strong>Adri<\/strong>, qui va endevinar les intencions de tots dos jugadors i va realitzar dues parades extraordin\u00e0ries. I a m\u00e9s el tret de <strong>Duco<\/strong> es va estavellar en el pal.<\/p>\n\n\n\n<p class=\"wp-block-paragraph\">La diana de <strong>Amador<\/strong> no va ser suficient per a contrarestar els tres gols ja marcats per <strong>Penad\u00e9s<\/strong>, <strong>Mar Cantero<\/strong> i <strong>Peralta<\/strong> per al Manises CF, equip que finalment s&#8217;ha proclamat campi\u00f3 de la tercera edici\u00f3 d&#8217;aquest torneig que organitza la <strong>Federaci\u00f3 de Futbol de la Comunitat Valenciana<\/strong>.<\/p>\n\n\n\n<p class=\"wp-block-paragraph\"><strong>Un partit molt igualat<\/strong><\/p>\n\n\n\n<p class=\"wp-block-paragraph\">Els dos vells i coneguts rivals van oferir un xoc molt igualdado, especialment durant la primera meitat i bona part de la segona; i tots dos van gaudir tamb\u00e9 d&#8217;algunes ocasions clares, com el tir al pal d&#8217;<strong>Iker<\/strong> per al Bunyol en el minut 52 que no va arribar a entrar i que haguera propiciat un desenvolupament bastant diferent de la trobada.<\/p>\n\n\n\n<p class=\"wp-block-paragraph\">Del partit, destacar que el Club Esportiu Bunyol es va avan\u00e7ar en el minut 62 per mediaci\u00f3 de Veintimilla encara que tan sols tretze minuts despr\u00e9s Josevi igualava per al Manises de nou un xoc el marcador del qual ja no es mouria fins als penals; d&#8217;aqu\u00ed ve que el fet que tots dos conjunts hagen hagut d&#8217;arribar fins a la pr\u00f2rroga i els penals dona mostra de l&#8217;igualat que ha sigut un partit que al final se l&#8217;ha emportat el Manises.<\/p>\n\n\n\n<p class=\"wp-block-paragraph\"><strong>Luis Navarro: &#8220;Cal pensar en la Lliga&#8221;<\/strong><\/p>\n\n\n\n<p class=\"wp-block-paragraph\">Despr\u00e9s del xoc, l&#8217;entrenador del CD Bunyol, <strong>Luis Navarro<\/strong>, va ressaltar que arribar &#8220;fins ac\u00ed sempre \u00e9s molt dif\u00edcil&#8221;. El m\u00edster blanc tamb\u00e9 va destacar que l&#8217;equip havia arribat &#8220;molt justito amb cinc partits en dues setmanes&#8221; a aquesta trobada; i va reclamar per a les seues jugadors &#8220;atenci\u00f3 a una Lliga que encara continua i per a la qual cal pensar a al\u00e7ar-se; som bu\u00f1olarras i hem d&#8217;al\u00e7ar-nos i pensar en la pr\u00f2xima Copa per a acabar aquesta Lliga pensat l&#8217;any que ve&#8221;.<\/p>\n\n\n\n<p class=\"wp-block-paragraph\">Per part seua, l&#8217;entrenador del Manises CF, <strong>Santi Mar\u00edn<\/strong>, ha reconegut despr\u00e9s del partit el roc\u00f3s que ha sigut el CD Bunyol i &#8220;el que ha costat superar a un rival que al final ha hagut de ser en els penals&#8221;. L&#8217;entrenador tamb\u00e9 ha lloat &#8220;el gran moment de forma en el qual est\u00e0 el porter, Adri, com ha demostrat en les dues parades espectaculars que ha realitzat, que ens han donat la Copa&#8221;.<\/p>\n\n\n\n<p class=\"wp-block-paragraph\"><strong>Cares conegudes en la tribuna<\/strong><\/p>\n\n\n\n<p class=\"wp-block-paragraph\">En la tribuna es va poder veure moltes cares conegudes no sols del futbol valenci\u00e0 (entre elles al president de la Federaci\u00f3 de Futbol de la Comunitat Valenciana, <strong>Salvador Gomar<\/strong>), sin\u00f3 tamb\u00e9 de resposables p\u00fablics, com el president de la Diputaci\u00f3 de Val\u00e8ncia, <strong>Vicent Momp\u00f3<\/strong>; o l&#8217;alcaldessa de Bunyol, <strong>Virg\u00ednia Sanz<\/strong>; i el regidor d&#8217;Esports de Bunyol,<strong> Ulisses Ara\u00fajo<\/strong>. Un xoc al qual tampoc va faltar el president del CD Bunyol, <strong>Francisco Zan\u00f3n<\/strong>.<\/p>\n\n\n\n<p class=\"wp-block-paragraph\">Els jugadors del CD Bunyol van rebre a m\u00e9s la calor de l&#8217;afici\u00f3 blanca a la seua arribada als voltants del Poliesportiu Municipal de L&#8217;Eliana on el Manises CF ha jugat de local i el&nbsp;CD Bunyol&nbsp;de visitant.<\/p>\n\n\n\n<p class=\"wp-block-paragraph\">Es dona la paradoxa que tots dos conjunts tornaran a veure&#8217;s les cares aquest cap de setmana en el <strong>Beltr\u00e1n B\u00e1guena<\/strong> per a disputar la vint-i-huitena jornada del grup nord de la Lliga Comunitat, categoria en la qual tots dos conjunts militen aquesta temporada i en la qual a penes \u00e9s un punt el que separa a dos equips situats en el lloc huit\u00e9 i nov\u00e9 de la taula, respectivament. <\/p>\n\n\n\n<p class=\"wp-block-paragraph\"><strong>Alineacions:<\/strong><\/p>\n\n\n\n<p class=\"wp-block-paragraph\"><strong>Manises CF (1):<\/strong>&nbsp;Adri, Penad\u00e9s, Champi, Bonillo (Mario, m. 104), Josevi, Marc, Trilles (Nicolau, m. 74), Peris (L\u00e1zaro, m. 118), Cort\u00e9s, Germ\u00e1n (Peralta, m. 68) y David S\u00e1ez (Imanol, m. 73).<\/p>\n\n\n\n<p class=\"wp-block-paragraph\"><strong>CD Bunyol&nbsp;(1)<\/strong>: Paco, Did\u00ed, Amador, Uche (Andr\u00e9s, m. 87), Albert (Tob\u00edas, m. 74), Veintimilla (Emilio, m. 111), Gonza, Peralta, Iker (Santi, m. 87), Duco y Abarca (Pastor, m. 68).<\/p>\n\n\n\n<p class=\"wp-block-paragraph\"><strong>Goles:<\/strong>&nbsp;0-1 (Veintimilla, m. 62); 1-1 (Josevi, m. 75)<\/p>\n\n\n\n<p class=\"wp-block-paragraph\"><strong>Penaltis<em>:<\/em><\/strong><\/p>\n\n\n\n<p class=\"wp-block-paragraph\">Manises CF: Penad\u00e9s (gol); Marc (gol); Peralta (gol).<\/p>\n\n\n\n<p class=\"wp-block-paragraph\">CD Bunyol: Tob\u00edas (para Adri); Amador (gol); Duco (al palo); Pastor (para Adri).<\/p>\n\n\n\n<p class=\"wp-block-paragraph\"><strong>\u00c1rbitratge<\/strong>: Miguel \u00c1ngel Barrag\u00e1n (principal), Antonio P\u00e9rez y Pablo Ram\u00f3n (asistents). Carlos Roda (cuart \u00e1rbitro). Amonest\u00f3 a Peralta, Penad\u00e9s, Champi y Trilles por el Manises CF i a Peralta, Amador i Duco por el CD Bunyol. Informa, <strong>M. A. Pall\u00e1s<\/strong>.<\/p>\n\n\n\n<p class=\"wp-block-paragraph\">Fotos: <strong>Jos\u00e9 Luis Mont\u00f3n<\/strong>.<\/p>\n\n\n\n<figure class=\"wp-block-gallery has-nested-images columns-1 is-cropped wp-block-gallery-1 is-layout-flex wp-block-gallery-is-layout-flex\">\n<figure class=\"wp-block-image size-large\"><img loading=\"lazy\" decoding=\"async\" width=\"886\" height=\"591\" data-id=\"221455\" src=\"https:\/\/www.tucomarca.com\/wordpress\/segunda\/wp-content\/uploads\/2024\/05\/cdbunol_Manises05.jpg\" alt=\"\" class=\"wp-image-221455\" srcset=\"https:\/\/tucomarca.whitekongsoftware.com\/wp-content\/uploads\/2024\/05\/cdbunol_Manises05.jpg 886w, https:\/\/tucomarca.whitekongsoftware.com\/wp-content\/uploads\/2024\/05\/cdbunol_Manises05-300x200.jpg 300w, https:\/\/tucomarca.whitekongsoftware.com\/wp-content\/uploads\/2024\/05\/cdbunol_Manises05-768x512.jpg 768w\" sizes=\"auto, (max-width: 886px) 100vw, 886px\" \/><\/figure>\n\n\n\n<figure class=\"wp-block-image size-large\"><img loading=\"lazy\" decoding=\"async\" width=\"886\" height=\"591\" data-id=\"221453\" src=\"https:\/\/www.tucomarca.com\/wordpress\/segunda\/wp-content\/uploads\/2024\/05\/cdbunol_Manises04.jpg\" alt=\"\" class=\"wp-image-221453\" srcset=\"https:\/\/tucomarca.whitekongsoftware.com\/wp-content\/uploads\/2024\/05\/cdbunol_Manises04.jpg 886w, https:\/\/tucomarca.whitekongsoftware.com\/wp-content\/uploads\/2024\/05\/cdbunol_Manises04-300x200.jpg 300w, https:\/\/tucomarca.whitekongsoftware.com\/wp-content\/uploads\/2024\/05\/cdbunol_Manises04-768x512.jpg 768w\" sizes=\"auto, (max-width: 886px) 100vw, 886px\" \/><\/figure>\n\n\n\n<figure class=\"wp-block-image size-large\"><img loading=\"lazy\" decoding=\"async\" width=\"886\" height=\"591\" data-id=\"221451\" src=\"https:\/\/www.tucomarca.com\/wordpress\/segunda\/wp-content\/uploads\/2024\/05\/cdbunol_Manises03.jpg\" alt=\"\" class=\"wp-image-221451\" srcset=\"https:\/\/tucomarca.whitekongsoftware.com\/wp-content\/uploads\/2024\/05\/cdbunol_Manises03.jpg 886w, https:\/\/tucomarca.whitekongsoftware.com\/wp-content\/uploads\/2024\/05\/cdbunol_Manises03-300x200.jpg 300w, https:\/\/tucomarca.whitekongsoftware.com\/wp-content\/uploads\/2024\/05\/cdbunol_Manises03-768x512.jpg 768w\" sizes=\"auto, (max-width: 886px) 100vw, 886px\" \/><\/figure>\n\n\n\n<figure class=\"wp-block-image size-large\"><img loading=\"lazy\" decoding=\"async\" width=\"886\" height=\"591\" data-id=\"221449\" src=\"https:\/\/www.tucomarca.com\/wordpress\/segunda\/wp-content\/uploads\/2024\/05\/cdbunol_Manises02.jpg\" alt=\"\" class=\"wp-image-221449\" srcset=\"https:\/\/tucomarca.whitekongsoftware.com\/wp-content\/uploads\/2024\/05\/cdbunol_Manises02.jpg 886w, https:\/\/tucomarca.whitekongsoftware.com\/wp-content\/uploads\/2024\/05\/cdbunol_Manises02-300x200.jpg 300w, https:\/\/tucomarca.whitekongsoftware.com\/wp-content\/uploads\/2024\/05\/cdbunol_Manises02-768x512.jpg 768w\" sizes=\"auto, (max-width: 886px) 100vw, 886px\" \/><\/figure>\n\n\n\n<figure class=\"wp-block-image size-large\"><img loading=\"lazy\" decoding=\"async\" width=\"886\" height=\"591\" data-id=\"221447\" src=\"https:\/\/www.tucomarca.com\/wordpress\/segunda\/wp-content\/uploads\/2024\/05\/cdbunol_Manises01.jpg\" alt=\"\" class=\"wp-image-221447\" srcset=\"https:\/\/tucomarca.whitekongsoftware.com\/wp-content\/uploads\/2024\/05\/cdbunol_Manises01.jpg 886w, https:\/\/tucomarca.whitekongsoftware.com\/wp-content\/uploads\/2024\/05\/cdbunol_Manises01-300x200.jpg 300w, https:\/\/tucomarca.whitekongsoftware.com\/wp-content\/uploads\/2024\/05\/cdbunol_Manises01-768x512.jpg 768w\" sizes=\"auto, (max-width: 886px) 100vw, 886px\" \/><\/figure>\n\n\n\n<figure class=\"wp-block-image size-large\"><img loading=\"lazy\" decoding=\"async\" width=\"886\" height=\"591\" data-id=\"221445\" src=\"https:\/\/www.tucomarca.com\/wordpress\/segunda\/wp-content\/uploads\/2024\/05\/cdbunol_Manises00.jpg\" alt=\"\" class=\"wp-image-221445\" srcset=\"https:\/\/tucomarca.whitekongsoftware.com\/wp-content\/uploads\/2024\/05\/cdbunol_Manises00.jpg 886w, https:\/\/tucomarca.whitekongsoftware.com\/wp-content\/uploads\/2024\/05\/cdbunol_Manises00-300x200.jpg 300w, https:\/\/tucomarca.whitekongsoftware.com\/wp-content\/uploads\/2024\/05\/cdbunol_Manises00-768x512.jpg 768w\" sizes=\"auto, (max-width: 886px) 100vw, 886px\" \/><\/figure>\n\n\n\n<figure class=\"wp-block-image size-large\"><img loading=\"lazy\" decoding=\"async\" width=\"1024\" height=\"682\" data-id=\"221500\" src=\"https:\/\/www.tucomarca.com\/wordpress\/segunda\/wp-content\/uploads\/2024\/05\/cdbunol_Manises13-1024x682.jpg\" alt=\"\" class=\"wp-image-221500\" srcset=\"https:\/\/tucomarca.whitekongsoftware.com\/wp-content\/uploads\/2024\/05\/cdbunol_Manises13-1024x682.jpg 1024w, https:\/\/tucomarca.whitekongsoftware.com\/wp-content\/uploads\/2024\/05\/cdbunol_Manises13-300x200.jpg 300w, https:\/\/tucomarca.whitekongsoftware.com\/wp-content\/uploads\/2024\/05\/cdbunol_Manises13-768x512.jpg 768w, https:\/\/tucomarca.whitekongsoftware.com\/wp-content\/uploads\/2024\/05\/cdbunol_Manises13.jpg 1181w\" sizes=\"auto, (max-width: 1024px) 100vw, 1024px\" \/><\/figure>\n\n\n\n<figure class=\"wp-block-image size-large\"><img loading=\"lazy\" decoding=\"async\" width=\"1024\" height=\"682\" data-id=\"221504\" src=\"https:\/\/www.tucomarca.com\/wordpress\/segunda\/wp-content\/uploads\/2024\/05\/cdbunol_Manises15-1024x682.jpg\" alt=\"\" class=\"wp-image-221504\" srcset=\"https:\/\/tucomarca.whitekongsoftware.com\/wp-content\/uploads\/2024\/05\/cdbunol_Manises15-1024x682.jpg 1024w, https:\/\/tucomarca.whitekongsoftware.com\/wp-content\/uploads\/2024\/05\/cdbunol_Manises15-300x200.jpg 300w, https:\/\/tucomarca.whitekongsoftware.com\/wp-content\/uploads\/2024\/05\/cdbunol_Manises15-768x512.jpg 768w, https:\/\/tucomarca.whitekongsoftware.com\/wp-content\/uploads\/2024\/05\/cdbunol_Manises15.jpg 1181w\" sizes=\"auto, (max-width: 1024px) 100vw, 1024px\" \/><\/figure>\n\n\n\n<figure class=\"wp-block-image size-large\"><img loading=\"lazy\" decoding=\"async\" width=\"1024\" height=\"682\" data-id=\"221502\" src=\"https:\/\/www.tucomarca.com\/wordpress\/segunda\/wp-content\/uploads\/2024\/05\/cdbunol_Manises14-1024x682.jpg\" alt=\"\" class=\"wp-image-221502\" srcset=\"https:\/\/tucomarca.whitekongsoftware.com\/wp-content\/uploads\/2024\/05\/cdbunol_Manises14-1024x682.jpg 1024w, https:\/\/tucomarca.whitekongsoftware.com\/wp-content\/uploads\/2024\/05\/cdbunol_Manises14-300x200.jpg 300w, https:\/\/tucomarca.whitekongsoftware.com\/wp-content\/uploads\/2024\/05\/cdbunol_Manises14-768x512.jpg 768w, https:\/\/tucomarca.whitekongsoftware.com\/wp-content\/uploads\/2024\/05\/cdbunol_Manises14.jpg 1181w\" sizes=\"auto, (max-width: 1024px) 100vw, 1024px\" \/><\/figure>\n\n\n\n<figure class=\"wp-block-image size-large\"><img loading=\"lazy\" decoding=\"async\" width=\"886\" height=\"591\" data-id=\"221487\" src=\"https:\/\/www.tucomarca.com\/wordpress\/segunda\/wp-content\/uploads\/2024\/05\/cdbunol_Manises07.jpg\" alt=\"\" class=\"wp-image-221487\" srcset=\"https:\/\/tucomarca.whitekongsoftware.com\/wp-content\/uploads\/2024\/05\/cdbunol_Manises07.jpg 886w, https:\/\/tucomarca.whitekongsoftware.com\/wp-content\/uploads\/2024\/05\/cdbunol_Manises07-300x200.jpg 300w, https:\/\/tucomarca.whitekongsoftware.com\/wp-content\/uploads\/2024\/05\/cdbunol_Manises07-768x512.jpg 768w\" sizes=\"auto, (max-width: 886px) 100vw, 886px\" \/><\/figure>\n\n\n\n<figure class=\"wp-block-image size-large\"><img loading=\"lazy\" decoding=\"async\" width=\"886\" height=\"591\" data-id=\"221489\" src=\"https:\/\/www.tucomarca.com\/wordpress\/segunda\/wp-content\/uploads\/2024\/05\/cdbunol_Manises08.jpg\" alt=\"\" class=\"wp-image-221489\" srcset=\"https:\/\/tucomarca.whitekongsoftware.com\/wp-content\/uploads\/2024\/05\/cdbunol_Manises08.jpg 886w, https:\/\/tucomarca.whitekongsoftware.com\/wp-content\/uploads\/2024\/05\/cdbunol_Manises08-300x200.jpg 300w, https:\/\/tucomarca.whitekongsoftware.com\/wp-content\/uploads\/2024\/05\/cdbunol_Manises08-768x512.jpg 768w\" sizes=\"auto, (max-width: 886px) 100vw, 886px\" \/><\/figure>\n\n\n\n<figure class=\"wp-block-image size-large\"><img loading=\"lazy\" decoding=\"async\" width=\"1024\" height=\"682\" data-id=\"221497\" src=\"https:\/\/www.tucomarca.com\/wordpress\/segunda\/wp-content\/uploads\/2024\/05\/cdbunol_Manises12-1024x682.jpg\" alt=\"\" class=\"wp-image-221497\" srcset=\"https:\/\/tucomarca.whitekongsoftware.com\/wp-content\/uploads\/2024\/05\/cdbunol_Manises12-1024x682.jpg 1024w, https:\/\/tucomarca.whitekongsoftware.com\/wp-content\/uploads\/2024\/05\/cdbunol_Manises12-300x200.jpg 300w, https:\/\/tucomarca.whitekongsoftware.com\/wp-content\/uploads\/2024\/05\/cdbunol_Manises12-768x512.jpg 768w, https:\/\/tucomarca.whitekongsoftware.com\/wp-content\/uploads\/2024\/05\/cdbunol_Manises12.jpg 1181w\" sizes=\"auto, (max-width: 1024px) 100vw, 1024px\" \/><\/figure>\n\n\n\n<figure class=\"wp-block-image size-large\"><img loading=\"lazy\" decoding=\"async\" width=\"1024\" height=\"682\" data-id=\"221495\" src=\"https:\/\/www.tucomarca.com\/wordpress\/segunda\/wp-content\/uploads\/2024\/05\/cdbunol_Manises11-1024x682.jpg\" alt=\"\" class=\"wp-image-221495\" srcset=\"https:\/\/tucomarca.whitekongsoftware.com\/wp-content\/uploads\/2024\/05\/cdbunol_Manises11-1024x682.jpg 1024w, https:\/\/tucomarca.whitekongsoftware.com\/wp-content\/uploads\/2024\/05\/cdbunol_Manises11-300x200.jpg 300w, https:\/\/tucomarca.whitekongsoftware.com\/wp-content\/uploads\/2024\/05\/cdbunol_Manises11-768x512.jpg 768w, https:\/\/tucomarca.whitekongsoftware.com\/wp-content\/uploads\/2024\/05\/cdbunol_Manises11.jpg 1181w\" sizes=\"auto, (max-width: 1024px) 100vw, 1024px\" \/><\/figure>\n\n\n\n<figure class=\"wp-block-image size-large\"><img loading=\"lazy\" decoding=\"async\" width=\"886\" height=\"591\" data-id=\"221493\" src=\"https:\/\/www.tucomarca.com\/wordpress\/segunda\/wp-content\/uploads\/2024\/05\/cdbunol_Manises10.jpg\" alt=\"\" class=\"wp-image-221493\" srcset=\"https:\/\/tucomarca.whitekongsoftware.com\/wp-content\/uploads\/2024\/05\/cdbunol_Manises10.jpg 886w, https:\/\/tucomarca.whitekongsoftware.com\/wp-content\/uploads\/2024\/05\/cdbunol_Manises10-300x200.jpg 300w, https:\/\/tucomarca.whitekongsoftware.com\/wp-content\/uploads\/2024\/05\/cdbunol_Manises10-768x512.jpg 768w\" sizes=\"auto, (max-width: 886px) 100vw, 886px\" \/><\/figure>\n\n\n\n<figure class=\"wp-block-image size-large\"><img loading=\"lazy\" decoding=\"async\" width=\"886\" height=\"591\" data-id=\"221491\" src=\"https:\/\/www.tucomarca.com\/wordpress\/segunda\/wp-content\/uploads\/2024\/05\/cdbunol_Manises09.jpg\" alt=\"\" class=\"wp-image-221491\" srcset=\"https:\/\/tucomarca.whitekongsoftware.com\/wp-content\/uploads\/2024\/05\/cdbunol_Manises09.jpg 886w, https:\/\/tucomarca.whitekongsoftware.com\/wp-content\/uploads\/2024\/05\/cdbunol_Manises09-300x200.jpg 300w, https:\/\/tucomarca.whitekongsoftware.com\/wp-content\/uploads\/2024\/05\/cdbunol_Manises09-768x512.jpg 768w\" sizes=\"auto, (max-width: 886px) 100vw, 886px\" \/><\/figure>\n<\/figure>\n","protected":false},"excerpt":{"rendered":"<div class=\"mh-excerpt\">Una pr\u00f2rroga i un torn de penals han sigut necessaris perqu\u00e8 el Manises Club de Futbol superara al Club Esportiu Bunyol en la final de \u2018La Nostra Copa\u2019&nbsp;masculina de futbol (4-2) en una trobada disputada <a class=\"mh-excerpt-more\" href=\"https:\/\/tucomarca.whitekongsoftware.com\/ca\/la-sort-dels-penals-no-afavoreix-al-cd-bunyol-que-cau-enfront-del-manises-cf-4-2-en-la-final-de-la-nostra-copa-despres-duna-prorroga-i-un-partit-molt-igualat\/\" title=\"La sort dels penals no afavoreix al CD Bunyol que cau enfront del Manises CF (4-2) en la final de La Nostra Copa despr\u00e9s d&#8217;una pr\u00f2rroga i un partit molt igualat\">[+] <\/a><\/div>\n","protected":false},"author":1,"featured_media":221490,"comment_status":"open","ping_status":"open","sticky":false,"template":"","format":"gallery","meta":{"footnotes":""},"categories":[10911,11015,11003,10898,10894,10904,10912,10896],"tags":[10913,11126,11074,11075,10914],"class_list":["post-221507","post","type-post","status-publish","format-gallery","has-post-thumbnail","category-bunol-ca","category-canal-futbol","category-sports","category-ventana-ca","category-la-comarca-ca","category-sin-categorizar-ca","category-la-hoya-ca","category-seccion-ca","tag-bunol-ca","tag-cd-bunol-ca","tag-deportes-ca","tag-futbol-ca","tag-la-hoya-de-bunol-chiva-ca","post_format-post-format-gallery"],"_links":{"self":[{"href":"https:\/\/tucomarca.whitekongsoftware.com\/ca\/wp-json\/wp\/v2\/posts\/221507","targetHints":{"allow":["GET"]}}],"collection":[{"href":"https:\/\/tucomarca.whitekongsoftware.com\/ca\/wp-json\/wp\/v2\/posts"}],"about":[{"href":"https:\/\/tucomarca.whitekongsoftware.com\/ca\/wp-json\/wp\/v2\/types\/post"}],"author":[{"embeddable":true,"href":"https:\/\/tucomarca.whitekongsoftware.com\/ca\/wp-json\/wp\/v2\/users\/1"}],"replies":[{"embeddable":true,"href":"https:\/\/tucomarca.whitekongsoftware.com\/ca\/wp-json\/wp\/v2\/comments?post=221507"}],"version-history":[{"count":0,"href":"https:\/\/tucomarca.whitekongsoftware.com\/ca\/wp-json\/wp\/v2\/posts\/221507\/revisions"}],"wp:featuredmedia":[{"embeddable":true,"href":"https:\/\/tucomarca.whitekongsoftware.com\/ca\/wp-json\/wp\/v2\/media\/221490"}],"wp:attachment":[{"href":"https:\/\/tucomarca.whitekongsoftware.com\/ca\/wp-json\/wp\/v2\/media?parent=221507"}],"wp:term":[{"taxonomy":"category","embeddable":true,"href":"https:\/\/tucomarca.whitekongsoftware.com\/ca\/wp-json\/wp\/v2\/categories?post=221507"},{"taxonomy":"post_tag","embeddable":true,"href":"https:\/\/tucomarca.whitekongsoftware.com\/ca\/wp-json\/wp\/v2\/tags?post=221507"}],"curies":[{"name":"wp","href":"https:\/\/api.w.org\/{rel}","templated":true}]}}