{"id":221399,"date":"2024-05-02T10:45:00","date_gmt":"2024-05-02T08:45:00","guid":{"rendered":"https:\/\/www.tucomarca.com\/wordpress\/segunda\/?p=221399"},"modified":"2024-05-02T11:16:31","modified_gmt":"2024-05-02T09:16:31","slug":"la-unio-musical-santa-cecilia-de-villar-presenta-al-sietaguense-borja-martinez-alegre-com-a-nou-director-de-la-seua-banda-simfonica","status":"publish","type":"post","link":"https:\/\/tucomarca.whitekongsoftware.com\/ca\/la-unio-musical-santa-cecilia-de-villar-presenta-al-sietaguense-borja-martinez-alegre-com-a-nou-director-de-la-seua-banda-simfonica\/","title":{"rendered":"La Uni\u00f3 Musical Santa Cecilia de Villar presenta al sietag\u00fcense Borja Mart\u00ednez Alegre com a nou director de la seua banda simf\u00f2nica"},"content":{"rendered":"\n<h3 class=\"wp-block-heading\">El titular ser\u00e0 presentat dissabte que ve 4 de maig en el concert que se celebrar\u00e0 a les 19,00 hores en el sal\u00f3 de concerts de l&#8217;entitat.<\/h3>\n\n\n\n<h3 class=\"wp-block-heading\">Mart\u00ednez Alegre relleva a Luis Serrano Alarc\u00f3n, que es va acomiadar de la UMSC el mes de novembre passat despr\u00e9s de sis anys al capdavant de l&#8217;agrupaci\u00f3.<\/h3>\n\n\n\n<h3 class=\"wp-block-heading\">En el seu debut amb la banda de Villar, Borja Mart\u00ednez dirigir\u00e0 un programa amb obres d&#8217;Estimant Blanquer, Joaqu\u00edn Rodrigo i el mestre Serrano, entre altres autors.<\/h3>\n\n\n\n<p class=\"wp-block-paragraph\">Borja Mart\u00ednez Alegre es convertir\u00e0 en el nou director titular de la banda simf\u00f2nica de la Uni\u00f3 Musical Santa Cecilia (UMSC) d&#8217;el Villar. Ser\u00e0 en el concert de presentaci\u00f3 que oferir\u00e0 l&#8217;agrupaci\u00f3 dissabte que ve 4 de maig a les 19,30 hores en el sal\u00f3 de concerts de l&#8217;entitat i que s&#8217;inscriu en la campanya Excel\u00b7lent de la Diputaci\u00f3 de Val\u00e8ncia.<\/p>\n\n\n\n<figure class=\"wp-block-image size-large\"><img loading=\"lazy\" decoding=\"async\" width=\"1024\" height=\"711\" src=\"http:\/\/www.tucomarca.com\/wordpress\/segunda\/wp-content\/uploads\/2024\/04\/UMVillar-1024x711.jpg\" alt=\"\" class=\"wp-image-221393\" srcset=\"https:\/\/tucomarca.whitekongsoftware.com\/wp-content\/uploads\/2024\/04\/UMVillar-1024x711.jpg 1024w, https:\/\/tucomarca.whitekongsoftware.com\/wp-content\/uploads\/2024\/04\/UMVillar-300x208.jpg 300w, https:\/\/tucomarca.whitekongsoftware.com\/wp-content\/uploads\/2024\/04\/UMVillar-768x533.jpg 768w, https:\/\/tucomarca.whitekongsoftware.com\/wp-content\/uploads\/2024\/04\/UMVillar.jpg 1181w\" sizes=\"auto, (max-width: 1024px) 100vw, 1024px\" \/><\/figure>\n\n\n\n<p class=\"wp-block-paragraph\">Borja Mart\u00ednez es mostra molt il\u00b7lusionat en iniciar aquesta nova etapa: \u201cassumir la direcci\u00f3 d&#8217;una banda com la de Villar, amb un gran palmar\u00e9s al llarg de la seua traject\u00f2ria, significa per a mi, a m\u00e9s d&#8217;una enorme satisfacci\u00f3, un repte que assumir amb la major responsabilitat en aquesta etapa de la meua vida com a director\u201d.<\/p>\n\n\n\n<p class=\"wp-block-paragraph\">Per al seu concert de presentaci\u00f3 ha configurat un programa que s&#8217;iniciar\u00e0 amb el pasdoble La pau de Setaig\u00fces de Manuel Bernal Nieto i continuar\u00e0 amb Mease P\u00e9rez l&#8217;organista (Poema simf\u00f2nic) de Julio G\u00f3mez i Homenatge a \u201cLa Tempranica\u201d de Joaqu\u00edn Rodrigo (en el 25\u00e9 aniversari de la seua defunci\u00f3) (transcripci\u00f3 Julio G\u00f3mez).<\/p>\n\n\n\n<p class=\"wp-block-paragraph\">Despr\u00e9s del descans, la banda interpretar\u00e0 La flor del taronger (Pasdoble) de Miguel Asins Arb\u00f3, Entorns (Simfonia en tres moviments) d&#8217;Estimant Blanquer i El motet (Pasdoble de la sarsuela del mateix nom) de Jos\u00e9 Serrano (en el 150\u00e9 aniversari del seu naixement).<\/p>\n\n\n\n<p class=\"wp-block-paragraph\">Sobre l&#8217;elecci\u00f3 d&#8217;aquest programa, en el qual s&#8217;inclou una refer\u00e8ncia a la Societat Musical de Setaig\u00fces, on va iniciar la seua formaci\u00f3 musical, o a Estimant Blanquer, que va ser director de la Uni\u00f3 Musical de Villar, aix\u00ed com diverses commemoracions, Borja explica que \u201csempre m&#8217;agrada buscar un fil conductor que enlla\u00e7 cadascuna de les peces del programa. D&#8217;aquesta manera, es compr\u00e9n millor per part d&#8217;int\u00e8rprets i p\u00fablic el sentit del concert. Com se sol dir en angl\u00e9s, el \u201cfil roig\u201d que uneix cadascuna de les obres, b\u00e9 siga per estil o per connexi\u00f3 tem\u00e0tica.\u201d&nbsp;<\/p>\n\n\n\n<p class=\"wp-block-paragraph\">El nou director de la banda de Villar, que ho \u00e9s tamb\u00e9 de les bandes de la Agrupaci\u00f3 Art\u00edstic Musical Santa B\u00e0rbara de Piles i de la Societat Musical Barri de Malilla, aix\u00ed com del Cor Ciutat de X\u00e0tiva, ha guanyat l&#8217;II Concurs de Direcci\u00f3 de la Banda Municipal de Bilbao (2018) i el 2n Premi del European Conductors Competition (2017) en Ostende (B\u00e8lgica).&nbsp;Dos prestigiosos guardons que s&#8217;afigen a una rica traject\u00f2ria que, a m\u00e9s de la direcci\u00f3, inclou la seua faceta com a divulgador musical en diferents f\u00f2rums sobre hist\u00f2ria i repertori de banda.&nbsp;<\/p>\n\n\n\n<p class=\"wp-block-paragraph\"><strong>Traject\u00f2ria<\/strong><\/p>\n\n\n\n<p class=\"wp-block-paragraph\">Borja Mart\u00ednez Alegre \u00e9s titulat superior en Trompeta (2012), Direcci\u00f3 d&#8217;Orquestra i Direcci\u00f3 de Cor (2022) pel Conservatori Superior de M\u00fasica de Val\u00e8ncia. Obt\u00e9 en 2022 el Premi extraordinari final de t\u00edtol en Direcci\u00f3 per unanimitat del tribunal. T\u00e9 el Diploma (2015) i el Diploma avan\u00e7at (2017) en Direcci\u00f3 de Banda pel Istituto Superiore Europeu Bandistico (Trento \u2013 It\u00e0lia) i el M\u00e0ster Universitari en Investigaci\u00f3 Musical (2021) (Universitat Internacional de Val\u00e8ncia).<br>Va comen\u00e7ar els seus estudis en la Societat Musical La Paz de Setaig\u00fces, de la qual m\u00e9s tard va ser director de la seua banda. Actualment \u00e9s el Director de la Banda de la Uni\u00f3 Musical Santa Cecilia d&#8217;el Villar, AAM Santa B\u00e0rbara de Piles, Banda de la SM Barri de Malilla i el Cor Ciutat de X\u00e0tiva.<br>Ha guanyat l&#8217;II Concurs de Direcci\u00f3 de la Banda Municipal de Bilbao (2018) i el 2n Premi del European Conductors Competition (2017) en Ostende (B\u00e8lgica). Amb l&#8217;SM La Paz de Setaig\u00fces ha guanyat el Primer premi i menci\u00f3 d&#8217;honor en la secci\u00f3 2a del 42 Certamen Provincial de Bandes de Val\u00e8ncia (2018).<br>Ha sigut convidat a seminaris de direcci\u00f3 als Estats Units (Michigan State University 2016, Caltech 2020), el Regne Unit (RNCM 2018), \u00c0ustria (MidEurope 2017) i Pa\u00efsos Baixos (Leeuwarden 2015). Ha dirigit Bandes, Orquestres i Brass Bands a It\u00e0lia, Pa\u00efsos Baixos, B\u00e8lgica, \u00c0ustria, el Regne Unit, els Estats Units i Noruega.<br>Ha gravat com a director, fins a la data, 3 CD\u2019s: \u201cM\u00fasica de sal\u00f3 per a xicoteta orquestra de Mariano P\u00e9rez S\u00e1nchez (2022), \u201cDenominaci\u00f3 d\u2019origen: m\u00fasica valenciana per a Bombard\u00ed\u201d (2019), \u201c4t Concurs de composici\u00f3 M\u00fasica Jove\u201d (2017).<br>En 2024 \u00e9s convidat per la Schola Cantorum d&#8217;Algemes\u00ed per a dirigir \u201cEl Messies\u201d de G.F. H\u00e4ndel de manera \u00edntegra en la 24a edici\u00f3 del seu projecte participatiu.<br>A m\u00e9s de la seua faceta com a director, participa com a divulgador musical en el programa \u201cMikrokosmos\u201d de la r\u00e0dio de la Universitat Polit\u00e8cnica de Val\u00e8ncia, escriu diversos articles per a WASBE (World Association of Symphonic Bands and Ensembles) i realitza diferents confer\u00e8ncies sobre hist\u00f2ria i repertori de banda en diferents societats musicals.&nbsp;<\/p>\n\n\n\n<p class=\"wp-block-paragraph\"><strong>Pr\u00f2ximes activitats de la UMSC<\/strong><\/p>\n\n\n\n<p class=\"wp-block-paragraph\">Despr\u00e9s del concert del 4 de maig, l&#8217;activitat musical no cessa en la Uni\u00f3 Musical. El dissabte 12 de maig tindr\u00e0 lloc un concert protagonitzat pel cor que dirigeix Aure Faubel. Aix\u00ed mateix, la banda juvenil prepara un intercanvi musical amb l&#8217;agrupaci\u00f3 juvenil de la Uni\u00f3 Musical de Sot de Xera i participar\u00e0 el 14 de juny en el projecte L\u2019escola canta.<\/p>\n","protected":false},"excerpt":{"rendered":"<div class=\"mh-excerpt\">El titular ser\u00e0 presentat dissabte que ve 4 de maig en el concert que se celebrar\u00e0 a les 19,00 hores en el sal\u00f3 de concerts de l&#8217;entitat. Mart\u00ednez Alegre relleva a Luis Serrano Alarc\u00f3n, que <a class=\"mh-excerpt-more\" href=\"https:\/\/tucomarca.whitekongsoftware.com\/ca\/la-unio-musical-santa-cecilia-de-villar-presenta-al-sietaguense-borja-martinez-alegre-com-a-nou-director-de-la-seua-banda-simfonica\/\" title=\"La Uni\u00f3 Musical Santa Cecilia de Villar presenta al sietag\u00fcense Borja Mart\u00ednez Alegre com a nou director de la seua banda simf\u00f2nica\">[+] <\/a><\/div>\n","protected":false},"author":12,"featured_media":221392,"comment_status":"open","ping_status":"open","sticky":false,"template":"","format":"image","meta":{"footnotes":""},"categories":[11019,11005,11046,10894,10912,11007,10896,10979,11029],"tags":[20624,10914,11080,11157,11119],"class_list":["post-221399","post","type-post","status-publish","format-image","has-post-thumbnail","category-agenda-ca","category-canal-musica","category-los-serranos-ca","category-la-comarca-ca","category-la-hoya-ca","category-ocio-y-cultura-ca","category-seccion-ca","category-siete-aguas-ca","category-villar-del-arzobispo-ca","tag-borja-martinez-alegre-ca","tag-la-hoya-de-bunol-chiva-ca","tag-los-serranos-ca","tag-siete-aguas-ca","tag-villar-del-arzobispo-ca","post_format-post-format-image"],"_links":{"self":[{"href":"https:\/\/tucomarca.whitekongsoftware.com\/ca\/wp-json\/wp\/v2\/posts\/221399","targetHints":{"allow":["GET"]}}],"collection":[{"href":"https:\/\/tucomarca.whitekongsoftware.com\/ca\/wp-json\/wp\/v2\/posts"}],"about":[{"href":"https:\/\/tucomarca.whitekongsoftware.com\/ca\/wp-json\/wp\/v2\/types\/post"}],"author":[{"embeddable":true,"href":"https:\/\/tucomarca.whitekongsoftware.com\/ca\/wp-json\/wp\/v2\/users\/12"}],"replies":[{"embeddable":true,"href":"https:\/\/tucomarca.whitekongsoftware.com\/ca\/wp-json\/wp\/v2\/comments?post=221399"}],"version-history":[{"count":0,"href":"https:\/\/tucomarca.whitekongsoftware.com\/ca\/wp-json\/wp\/v2\/posts\/221399\/revisions"}],"wp:featuredmedia":[{"embeddable":true,"href":"https:\/\/tucomarca.whitekongsoftware.com\/ca\/wp-json\/wp\/v2\/media\/221392"}],"wp:attachment":[{"href":"https:\/\/tucomarca.whitekongsoftware.com\/ca\/wp-json\/wp\/v2\/media?parent=221399"}],"wp:term":[{"taxonomy":"category","embeddable":true,"href":"https:\/\/tucomarca.whitekongsoftware.com\/ca\/wp-json\/wp\/v2\/categories?post=221399"},{"taxonomy":"post_tag","embeddable":true,"href":"https:\/\/tucomarca.whitekongsoftware.com\/ca\/wp-json\/wp\/v2\/tags?post=221399"}],"curies":[{"name":"wp","href":"https:\/\/api.w.org\/{rel}","templated":true}]}}