{"id":221324,"date":"2024-04-30T09:30:00","date_gmt":"2024-04-30T07:30:00","guid":{"rendered":"https:\/\/www.tucomarca.com\/wordpress\/segunda\/?p=221324"},"modified":"2024-04-30T20:13:12","modified_gmt":"2024-04-30T18:13:12","slug":"la-diputacio-oferix-assistencia-tecnica-i-juridica-als-pobles-de-menys-de-mil-habitants-per-a-executar-els-seus-projectes","status":"publish","type":"post","link":"https:\/\/tucomarca.whitekongsoftware.com\/ca\/la-diputacio-oferix-assistencia-tecnica-i-juridica-als-pobles-de-menys-de-mil-habitants-per-a-executar-els-seus-projectes\/","title":{"rendered":"La Diputaci\u00f3 oferix assist\u00e8ncia t\u00e8cnica i jur\u00eddica als pobles de menys de mil habitants per a executar els seus projectes"},"content":{"rendered":"\n<h3 class=\"wp-block-heading\">La diputada d&#8217;Assessorament Municipal, Paz Carceller, envia una circular a estos 46 ajuntaments per a posar a la seua disposici\u00f3 els recursos t\u00e8cnics i humans de la corporaci\u00f3 en els processos de contractaci\u00f3<\/h3>\n\n\n\n<h3 class=\"wp-block-heading\">L&#8217;objectiu, com van avan\u00e7ar el president Momp\u00f3 i la vicepresidenta Enguix, \u00e9s evitar el reintegrament de les subvencions, sobretot les del Pla Obert, i que els diners assignats es queden en els municipis<\/h3>\n\n\n\n<p class=\"wp-block-paragraph\">La Diputaci\u00f3 de Val\u00e8ncia es posa a la disposici\u00f3 dels 46 municipis amb menys de mil habitants de la prov\u00edncia per a ajudar-los a contractar i executar els seus projectes, molts d&#8217;ells subvencionats amb les ajudes d&#8217;altres administracions, principalment de la pr\u00f2pia Diputaci\u00f3. Els consistoris han rebut una circular, firmada per la diputada d&#8217;Assist\u00e8ncia Jur\u00eddica i T\u00e8cnica, Paz Carceller, en la qual s&#8217;oferix personal de la pr\u00f2pia instituci\u00f3 per a formar part de les taules de contractaci\u00f3, en cas de ser necessari.<\/p>\n\n\n<div class=\"wp-block-image\">\n<figure class=\"alignleft size-full is-resized\"><img loading=\"lazy\" decoding=\"async\" width=\"886\" height=\"640\" src=\"http:\/\/www.tucomarca.com\/wordpress\/segunda\/wp-content\/uploads\/2024\/03\/DipuPazCarceller.jpg\" alt=\"\" class=\"wp-image-213828\" style=\"width:308px;height:auto\" srcset=\"https:\/\/tucomarca.whitekongsoftware.com\/wp-content\/uploads\/2024\/03\/DipuPazCarceller.jpg 886w, https:\/\/tucomarca.whitekongsoftware.com\/wp-content\/uploads\/2024\/03\/DipuPazCarceller-300x217.jpg 300w, https:\/\/tucomarca.whitekongsoftware.com\/wp-content\/uploads\/2024\/03\/DipuPazCarceller-768x555.jpg 768w\" sizes=\"auto, (max-width: 886px) 100vw, 886px\" \/><\/figure>\n<\/div>\n\n\n<p class=\"wp-block-paragraph\">En paraules de Paz Carceller, \u201cla circular respon a la nostra intenci\u00f3 d&#8217;estar el m\u00e9s a prop possible de les entitats locals per a ajudar-los, no sols econ\u00f2micament, sin\u00f3 en els processos de tramitaci\u00f3 i contractaci\u00f3 perqu\u00e8 els projectes i necessitats que ells ens plantegen puguen tirar avant\u201d. Es tracta \u201cd\u2019un pas m\u00e9s en el treball que realitza l&#8217;\u00e0rea d&#8217;Assessorament Municipal amb personal p\u00fablic especialitzat, que va en la l\u00ednia marcada per l&#8217;actual govern de la Diputaci\u00f3 de no sols incrementar l&#8217;assignaci\u00f3 econ\u00f2mica als municipis sin\u00f3 ajudar-los a traduir eixa inversi\u00f3 en millores reals per als pobles\u201d.<\/p>\n\n\n\n<p class=\"wp-block-paragraph\">La major proximitat amb els ajuntaments \u00e9s un dels eixos de la gesti\u00f3 del govern que presidix Vicent Momp\u00f3, amb la vicepresidenta primera, Nat\u00e0lia Enguix, al capdavant de l&#8217;\u00e0rea de Cooperaci\u00f3 que coordina el principal programa inversor de la Diputaci\u00f3, un Pla Obert amb 350 milions d&#8217;euros per a municipis i mancomunitats. L&#8217;obertura d&#8217;oficines comarcals que acosten els servicis de la corporaci\u00f3 als alcaldes i alcaldesses i les cont\u00ednues jornades formatives i informatives per a explicar els procediments i resoldre dubtes, s\u00f3n algunes de les mesures amb les quals treballa el govern provincial \u201cperqu\u00e8 els pobles i ciutats puguen aprofitar les subvencions i no haver de retornar ni un sol euro a la Diputaci\u00f3\u201d.<\/p>\n\n\n\n<figure class=\"wp-block-gallery has-nested-images columns-2 is-cropped wp-block-gallery-1 is-layout-flex wp-block-gallery-is-layout-flex\">\n<figure class=\"wp-block-image size-large\"><img loading=\"lazy\" decoding=\"async\" width=\"886\" height=\"591\" data-id=\"221316\" src=\"https:\/\/www.tucomarca.com\/wordpress\/segunda\/wp-content\/uploads\/2024\/04\/Alcublas.jpg\" alt=\"\" class=\"wp-image-221316\" srcset=\"https:\/\/tucomarca.whitekongsoftware.com\/wp-content\/uploads\/2024\/04\/Alcublas.jpg 886w, https:\/\/tucomarca.whitekongsoftware.com\/wp-content\/uploads\/2024\/04\/Alcublas-300x200.jpg 300w, https:\/\/tucomarca.whitekongsoftware.com\/wp-content\/uploads\/2024\/04\/Alcublas-768x512.jpg 768w\" sizes=\"auto, (max-width: 886px) 100vw, 886px\" \/><\/figure>\n\n\n\n<figure class=\"wp-block-image size-large\"><img loading=\"lazy\" decoding=\"async\" width=\"886\" height=\"588\" data-id=\"221318\" src=\"https:\/\/www.tucomarca.com\/wordpress\/segunda\/wp-content\/uploads\/2024\/04\/Titaguas.jpg\" alt=\"\" class=\"wp-image-221318\" srcset=\"https:\/\/tucomarca.whitekongsoftware.com\/wp-content\/uploads\/2024\/04\/Titaguas.jpg 886w, https:\/\/tucomarca.whitekongsoftware.com\/wp-content\/uploads\/2024\/04\/Titaguas-300x199.jpg 300w, https:\/\/tucomarca.whitekongsoftware.com\/wp-content\/uploads\/2024\/04\/Titaguas-768x510.jpg 768w\" sizes=\"auto, (max-width: 886px) 100vw, 886px\" \/><\/figure>\n\n\n\n<figure class=\"wp-block-image size-large\"><img loading=\"lazy\" decoding=\"async\" width=\"886\" height=\"394\" data-id=\"221320\" src=\"https:\/\/www.tucomarca.com\/wordpress\/segunda\/wp-content\/uploads\/2024\/04\/Castielfabib.jpg\" alt=\"\" class=\"wp-image-221320\" srcset=\"https:\/\/tucomarca.whitekongsoftware.com\/wp-content\/uploads\/2024\/04\/Castielfabib.jpg 886w, https:\/\/tucomarca.whitekongsoftware.com\/wp-content\/uploads\/2024\/04\/Castielfabib-300x133.jpg 300w, https:\/\/tucomarca.whitekongsoftware.com\/wp-content\/uploads\/2024\/04\/Castielfabib-768x342.jpg 768w\" sizes=\"auto, (max-width: 886px) 100vw, 886px\" \/><\/figure>\n<\/figure>\n\n\n\n<p class=\"wp-block-paragraph\"><strong>Proc\u00e9s de contractaci\u00f3<\/strong><\/p>\n\n\n\n<p class=\"wp-block-paragraph\">La circular exposa que la Diputaci\u00f3, \u201cen l&#8217;exercici de les funcions d&#8217;assist\u00e8ncia i cooperaci\u00f3 jur\u00eddica, econ\u00f2mica i t\u00e8cnica als municipis, especialment als de menor capacitat econ\u00f2mica i de gesti\u00f3, us dona suport en la constituci\u00f3 de les taules de contractaci\u00f3 posant a la vostra disposici\u00f3 personal de la pr\u00f2pia Diputaci\u00f3 perqu\u00e8 forme part d&#8217;estes taules, en cas de ser necessari\u201d. El servici d&#8217;Assessorament Municipal \u201c\u00e9s conscient de les dificultats que la Llei 9\/2017 de Contractes del Sector P\u00fablic ha ocasionat a les xicotetes entitats locals\u201d, explica la diputada Carceller, conscient que moltes d&#8217;eixes contractacions \u201ces financen amb subvencions provinents d&#8217;altres Administracions P\u00fabliques\u201d.<\/p>\n\n\n\n<p class=\"wp-block-paragraph\">En moltes ocasions, el proc\u00e9s de contractaci\u00f3 \u201cgenera un problema de temps entre el compliment del termini de realitzaci\u00f3 o justificaci\u00f3 de l&#8217;activitat o inversi\u00f3 de la subvenci\u00f3 i la celebraci\u00f3 del contracte, donant lloc al reintegrament de la subvenci\u00f3, o si \u00e9s el cas, a la p\u00e8rdua del dret al cobrament d&#8217;esta quantitat\u201d, recull la circular, que se centra en la formaci\u00f3 de les meses de contractaci\u00f3 i oferix la participaci\u00f3 dels t\u00e8cnics provincials per a ajudar en els processos.<\/p>\n\n\n\n<p class=\"wp-block-paragraph\">El personal eventual no pot formar part de les Taules de contractaci\u00f3 ni emetre informes de valoraci\u00f3 de les ofertes, i el personal funcionari inter\u00ed \u00fanicament pot fer-ho quan no existixen funcionaris de carrera prou qualificats i s&#8217;acredite en l&#8217;expedient. Estes taules han d&#8217;estar formades per un president i un secretari, que han de ser funcionaris de la corporaci\u00f3 local, i un m\u00ednim de tres vocals. Davant la dificultat d&#8217;alguns pobles i mancomunitats de formar estos organs, la Diputaci\u00f3 oferix el personal propi.<\/p>\n\n\n\n<p class=\"wp-block-paragraph\">La sol\u00b7licitud del personal qualificat poden fer-la els municipis a trav\u00e9s de la \u2018Carpeta d&#8217;Ajuntaments\u2019. Donada la complexitat t\u00e8cnica d&#8217;algunes licitacions, especialment les referides a obres i concessions de servici, es considera convenient comptar amb un vocal t\u00e8cnic per a verificar que les ofertes complixen amb les especificacions t\u00e8cniques del plec. En cas de no disposar d&#8217;estos t\u00e8cnics, els consistoris podran sol\u00b7licitar-ho al Servici d&#8217;Assessorament Municipal de la Diputaci\u00f3 de Val\u00e8ncia, al qual es podr\u00e0 consultar qualsevol dubte que sorgisca durant l&#8217;expedient de contractaci\u00f3.<\/p>\n","protected":false},"excerpt":{"rendered":"<div class=\"mh-excerpt\">La diputada d&#8217;Assessorament Municipal, Paz Carceller, envia una circular a estos 46 ajuntaments per a posar a la seua disposici\u00f3 els recursos t\u00e8cnics i humans de la corporaci\u00f3 en els processos de contractaci\u00f3 L&#8217;objectiu, com <a class=\"mh-excerpt-more\" href=\"https:\/\/tucomarca.whitekongsoftware.com\/ca\/la-diputacio-oferix-assistencia-tecnica-i-juridica-als-pobles-de-menys-de-mil-habitants-per-a-executar-els-seus-projectes\/\" title=\"La Diputaci\u00f3 oferix assist\u00e8ncia t\u00e8cnica i jur\u00eddica als pobles de menys de mil habitants per a executar els seus projectes\">[+] <\/a><\/div>\n","protected":false},"author":12,"featured_media":221319,"comment_status":"open","ping_status":"open","sticky":false,"template":"","format":"standard","meta":{"footnotes":""},"categories":[10890,11045,10925,11046,10898,10948,10894,10947,10896,11027],"tags":[11078,17521,11246,12925],"class_list":["post-221324","post","type-post","status-publish","format-standard","has-post-thumbnail","category-ademus","category-alcublas-ca","category-castielfabib-ca","category-los-serranos-ca","category-ventana-ca","category-infraestructuras-ca","category-la-comarca-ca","category-politica","category-seccion-ca","category-titaguas-ca","tag-alcublas-ca","tag-castielfabib-ca","tag-diputacio-de-valencia-ca","tag-titaguas-ca"],"_links":{"self":[{"href":"https:\/\/tucomarca.whitekongsoftware.com\/ca\/wp-json\/wp\/v2\/posts\/221324","targetHints":{"allow":["GET"]}}],"collection":[{"href":"https:\/\/tucomarca.whitekongsoftware.com\/ca\/wp-json\/wp\/v2\/posts"}],"about":[{"href":"https:\/\/tucomarca.whitekongsoftware.com\/ca\/wp-json\/wp\/v2\/types\/post"}],"author":[{"embeddable":true,"href":"https:\/\/tucomarca.whitekongsoftware.com\/ca\/wp-json\/wp\/v2\/users\/12"}],"replies":[{"embeddable":true,"href":"https:\/\/tucomarca.whitekongsoftware.com\/ca\/wp-json\/wp\/v2\/comments?post=221324"}],"version-history":[{"count":0,"href":"https:\/\/tucomarca.whitekongsoftware.com\/ca\/wp-json\/wp\/v2\/posts\/221324\/revisions"}],"wp:featuredmedia":[{"embeddable":true,"href":"https:\/\/tucomarca.whitekongsoftware.com\/ca\/wp-json\/wp\/v2\/media\/221319"}],"wp:attachment":[{"href":"https:\/\/tucomarca.whitekongsoftware.com\/ca\/wp-json\/wp\/v2\/media?parent=221324"}],"wp:term":[{"taxonomy":"category","embeddable":true,"href":"https:\/\/tucomarca.whitekongsoftware.com\/ca\/wp-json\/wp\/v2\/categories?post=221324"},{"taxonomy":"post_tag","embeddable":true,"href":"https:\/\/tucomarca.whitekongsoftware.com\/ca\/wp-json\/wp\/v2\/tags?post=221324"}],"curies":[{"name":"wp","href":"https:\/\/api.w.org\/{rel}","templated":true}]}}