{"id":221307,"date":"2024-04-30T09:00:00","date_gmt":"2024-04-30T07:00:00","guid":{"rendered":"https:\/\/www.tucomarca.com\/wordpress\/segunda\/?p=221307"},"modified":"2024-04-30T19:49:42","modified_gmt":"2024-04-30T17:49:42","slug":"comenca-a-xest-una-nova-edicio-de-musica-a-la-primavera","status":"publish","type":"post","link":"https:\/\/tucomarca.whitekongsoftware.com\/ca\/comenca-a-xest-una-nova-edicio-de-musica-a-la-primavera\/","title":{"rendered":"Comen\u00e7a a Xest una nova edici\u00f3 de &#8216;M\u00fasica a la primavera&#8217;"},"content":{"rendered":"\n<p class=\"wp-block-paragraph\">Un any m\u00e9s, Xest celebrar\u00e0 el cicle M\u00fasica a la primavera, organitzat per la Regidoria de Cultura. Del 4 de maig al 9 de juny hi haur\u00e0 actuacions musicals gratu\u00eftes, de diferents g\u00e8neres i per a tots els p\u00fablics.<\/p>\n\n\n<div class=\"wp-block-image\">\n<figure class=\"alignleft size-large is-resized\"><img loading=\"lazy\" decoding=\"async\" width=\"724\" height=\"1024\" src=\"http:\/\/www.tucomarca.com\/wordpress\/segunda\/wp-content\/uploads\/2024\/04\/ChesteMusicaPrimavera24-724x1024.jpg\" alt=\"\" class=\"wp-image-221304\" style=\"width:473px;height:auto\" srcset=\"https:\/\/tucomarca.whitekongsoftware.com\/wp-content\/uploads\/2024\/04\/ChesteMusicaPrimavera24-724x1024.jpg 724w, https:\/\/tucomarca.whitekongsoftware.com\/wp-content\/uploads\/2024\/04\/ChesteMusicaPrimavera24-212x300.jpg 212w, https:\/\/tucomarca.whitekongsoftware.com\/wp-content\/uploads\/2024\/04\/ChesteMusicaPrimavera24-768x1086.jpg 768w, https:\/\/tucomarca.whitekongsoftware.com\/wp-content\/uploads\/2024\/04\/ChesteMusicaPrimavera24.jpg 886w\" sizes=\"auto, (max-width: 724px) 100vw, 724px\" \/><\/figure>\n<\/div>\n\n\n<p class=\"wp-block-paragraph\">El cicle s&#8217;obrir\u00e0 amb l&#8217;actuaci\u00f3 de la Banda Juvenil La Lira de Xest, dissabte que ve, 4 de maig, a les 18,00 en el teatre Liceu. El diumenge, 5 de maig, actuar\u00e0 a Xest l&#8217;artista cordov\u00e9s Rafa Taleguilla, reconegut comparsista del Carnestoltes que est\u00e0 presentant el primer disc de la seua carrera en solitari per tota la geografia espanyola. El concert ser\u00e0 a les 19,00 en el teatre Liceu.<\/p>\n\n\n\n<p class=\"wp-block-paragraph\">El seg\u00fcent cap de setmana de maig se celebrar\u00e0 el tercer concert del cicle, a c\u00e0rrec de l&#8217;agrupaci\u00f3 Cantares per a un diumenge de Primavera, trio format per soprano, guitarrista i flauta, que tindr\u00e0 lloc el diumenge 12, a les 19,00 en l&#8217;Ermita. L&#8217;eix de cicle arribar\u00e0 amb l&#8217;actuaci\u00f3 de JazzNoveau, un quintet de jazz d&#8217;Albacete, que se celebrar\u00e0 el dissabte 18 de maig, a les 19,00, en el Liceu; i el diumenge, 19 de maig, amb el concert que oferir\u00e0 la Banda Simf\u00f2nica La Lira de Xest juntament amb la Societat Musical la Familiar de Benissan\u00f3, tamb\u00e9 a les 19,00 en el teatre.<\/p>\n\n\n\n<p class=\"wp-block-paragraph\">Juny comen\u00e7ar\u00e0 amb el tradicional concert de la Coral Cant\u00e1bile de Xest en aquest cicle, el dissabte 1 de juny, en la pla\u00e7a de l&#8217;Ermita, a les 18,30. El diumenge, 2 de juny, ser\u00e0 el torn de Unknown Quintet, a les 19,00 en el Liceu i, ja entrant en la recta final, el dissabte 8 ser\u00e0 l&#8217;agrupaci\u00f3 vocal de L&#8217;Eliana Dissonants, la que oferisca un concert a la mateixa hora, de nou en el Liceu.\u00a0<\/p>\n\n\n\n<p class=\"wp-block-paragraph\">Finalment, el cicle es tancar\u00e0 amb l&#8217;actuaci\u00f3 de Pangea Ensemble, el diumenge 9 de juny, a l&#8217;Esgl\u00e9sia Sant Lluc Evangelista, a les 19,00.<\/p>\n","protected":false},"excerpt":{"rendered":"<div class=\"mh-excerpt\">Un any m\u00e9s, Xest celebrar\u00e0 el cicle M\u00fasica a la primavera, organitzat per la Regidoria de Cultura. Del 4 de maig al 9 de juny hi haur\u00e0 actuacions musicals gratu\u00eftes, de diferents g\u00e8neres i per <a class=\"mh-excerpt-more\" href=\"https:\/\/tucomarca.whitekongsoftware.com\/ca\/comenca-a-xest-una-nova-edicio-de-musica-a-la-primavera\/\" title=\"Comen\u00e7a a Xest una nova edici\u00f3 de &#8216;M\u00fasica a la primavera&#8217;\">[+] <\/a><\/div>\n","protected":false},"author":12,"featured_media":221305,"comment_status":"open","ping_status":"open","sticky":false,"template":"","format":"standard","meta":{"footnotes":""},"categories":[11019,11005,10894,10912,11007,10896,10974],"tags":[11071,14507,10914],"class_list":["post-221307","post","type-post","status-publish","format-standard","has-post-thumbnail","category-agenda-ca","category-canal-musica","category-la-comarca-ca","category-la-hoya-ca","category-ocio-y-cultura-ca","category-seccion-ca","category-cheste-ca","tag-cheste","tag-ciclo-musica-en-primavera-ca","tag-la-hoya-de-bunol-chiva-ca"],"_links":{"self":[{"href":"https:\/\/tucomarca.whitekongsoftware.com\/ca\/wp-json\/wp\/v2\/posts\/221307","targetHints":{"allow":["GET"]}}],"collection":[{"href":"https:\/\/tucomarca.whitekongsoftware.com\/ca\/wp-json\/wp\/v2\/posts"}],"about":[{"href":"https:\/\/tucomarca.whitekongsoftware.com\/ca\/wp-json\/wp\/v2\/types\/post"}],"author":[{"embeddable":true,"href":"https:\/\/tucomarca.whitekongsoftware.com\/ca\/wp-json\/wp\/v2\/users\/12"}],"replies":[{"embeddable":true,"href":"https:\/\/tucomarca.whitekongsoftware.com\/ca\/wp-json\/wp\/v2\/comments?post=221307"}],"version-history":[{"count":0,"href":"https:\/\/tucomarca.whitekongsoftware.com\/ca\/wp-json\/wp\/v2\/posts\/221307\/revisions"}],"wp:featuredmedia":[{"embeddable":true,"href":"https:\/\/tucomarca.whitekongsoftware.com\/ca\/wp-json\/wp\/v2\/media\/221305"}],"wp:attachment":[{"href":"https:\/\/tucomarca.whitekongsoftware.com\/ca\/wp-json\/wp\/v2\/media?parent=221307"}],"wp:term":[{"taxonomy":"category","embeddable":true,"href":"https:\/\/tucomarca.whitekongsoftware.com\/ca\/wp-json\/wp\/v2\/categories?post=221307"},{"taxonomy":"post_tag","embeddable":true,"href":"https:\/\/tucomarca.whitekongsoftware.com\/ca\/wp-json\/wp\/v2\/tags?post=221307"}],"curies":[{"name":"wp","href":"https:\/\/api.w.org\/{rel}","templated":true}]}}