{"id":220976,"date":"2024-04-27T15:00:00","date_gmt":"2024-04-27T13:00:00","guid":{"rendered":"https:\/\/www.tucomarca.com\/wordpress\/segunda\/?p=220976"},"modified":"2024-04-27T19:56:31","modified_gmt":"2024-04-27T17:56:31","slug":"vicent-mompo-visita-els-treballs-dels-bombers-de-la-diputacio-de-valencia-en-la-planta-de-reciclatge-de-san-antonio","status":"publish","type":"post","link":"https:\/\/tucomarca.whitekongsoftware.com\/ca\/vicent-mompo-visita-els-treballs-dels-bombers-de-la-diputacio-de-valencia-en-la-planta-de-reciclatge-de-san-antonio\/","title":{"rendered":"Vicent Momp\u00f3 visita els treballs dels Bombers de la Diputaci\u00f3 de Val\u00e8ncia en la planta de reciclatge de San Antonio"},"content":{"rendered":"\n<h3 class=\"wp-block-heading\">El president de la Diputaci\u00f3 de Val\u00e8ncia es despla\u00e7a a la zona acompanyat per l&#8217;inspector cap del Consorci Provincial de Bombers, Jos\u00e9 Miguel Basset, i el diputat de Medi Ambient i president del Consorci, Avelino Mascarell.<\/h3>\n\n\n\n<h3 class=\"wp-block-heading\"><strong>Efectius del Consorci de la Diputaci\u00f3 han despla\u00e7at un dispositiu preventiu per fer seguiment dels treballs que s&#8217;estan duent a terme amb maquin\u00e0ria pesant, en coordinaci\u00f3 amb la Generalitat, per a extingir el foc<\/strong>.<\/h3>\n\n\n\n<p class=\"wp-block-paragraph\">El president de la Diputaci\u00f3 de Val\u00e8ncia, Vicent Momp\u00f3, s&#8217;ha despla\u00e7at este mat\u00ed a la planta de reciclatge de Sant Antoni de Requena en la qual el Consorci Provincial de Bombers coordina les labors d&#8217;extinci\u00f3 d&#8217;un incendi que es va iniciar el passat dia 15 d&#8217;abril.<\/p>\n\n\n\n<p class=\"wp-block-paragraph\">\u201cVenim a mostrar el suport institucional i personal tant als t\u00e8cnics que participen en els treballs, com a l&#8217;alcaldessa de Requena, Roc\u00edo Cort\u00e9s, qui ha estat des del minut 1 pendent de l&#8217;evoluci\u00f3 de l&#8217;incendi\u201d, ha declarat Momp\u00f3, qui ha estat acompanyat per l&#8217;inspector cap del Consorci Provincial de Bombers, Jos\u00e9 Miguel Basset, i el diputat de Medi Ambient i president del Consorci, Avelino Mascarell.<\/p>\n\n\n\n<p class=\"wp-block-paragraph\">Despr\u00e9s de comprovar in situ les labors que s&#8217;estan duent a terme, el president de la Diputaci\u00f3 ha explicat que \u201cesta fase del proc\u00e9s d&#8217;extinci\u00f3 s&#8217;est\u00e0 centrant en cobrir amb terra les parts afectades pel foc; una labor que est\u00e0 sent supervisada per un equip del Consorci de Bombers, que s&#8217;ha instal\u00b7lat en la pr\u00f2pia planta amb tots els recursos per a fer front a possibles punts de perill que es produ\u00efsquen durant estos treballs\u201d.<\/p>\n\n\n\n<p class=\"wp-block-paragraph\">En este sentit, l&#8217;inspector cap del Consorci Provincial de Bombers, Jos\u00e9 Miguel Basset, ha anunciat que \u201cels treballs avancen segons la planificaci\u00f3 t\u00e8cnica realitzada analitzant les especials caracter\u00edstiques d&#8217;este incendi\u201d i ha avan\u00e7at que \u201cs&#8217;estan ultimant les gestions per a poder disposar de terra en llocs m\u00e9s pr\u00f2xims i acurtar encara m\u00e9s els temps\u201d.<\/p>\n\n\n\n<p class=\"wp-block-paragraph\">Aix\u00ed mateix, Basset ha indicat que \u201cuna de les primeres mesures va ser sol\u00b7licitar la instal\u00b7laci\u00f3 d&#8217;una estaci\u00f3 de control de la qualitat de l&#8217;aire, la qual ha confirmat que no s&#8217;han sobrepassat els l\u00edmits de seguretat establits per a prendre alguna mesura d&#8217;acci\u00f3 directa sobre la ciutadania\u201d.&nbsp;<\/p>\n\n\n\n<figure class=\"wp-block-image size-large\"><img loading=\"lazy\" decoding=\"async\" width=\"1024\" height=\"683\" src=\"http:\/\/www.tucomarca.com\/wordpress\/segunda\/wp-content\/uploads\/2024\/04\/MompoResiduos2-1024x683.jpeg\" alt=\"\" class=\"wp-image-220973\" srcset=\"https:\/\/tucomarca.whitekongsoftware.com\/wp-content\/uploads\/2024\/04\/MompoResiduos2-1024x683.jpeg 1024w, https:\/\/tucomarca.whitekongsoftware.com\/wp-content\/uploads\/2024\/04\/MompoResiduos2-300x200.jpeg 300w, https:\/\/tucomarca.whitekongsoftware.com\/wp-content\/uploads\/2024\/04\/MompoResiduos2-768x512.jpeg 768w, https:\/\/tucomarca.whitekongsoftware.com\/wp-content\/uploads\/2024\/04\/MompoResiduos2-1536x1024.jpeg 1536w, https:\/\/tucomarca.whitekongsoftware.com\/wp-content\/uploads\/2024\/04\/MompoResiduos2-2048x1366.jpeg 2048w\" sizes=\"auto, (max-width: 1024px) 100vw, 1024px\" \/><\/figure>\n\n\n\n<p class=\"wp-block-paragraph\"><strong>Evoluci\u00f3 dels treballs<\/strong><\/p>\n\n\n\n<p class=\"wp-block-paragraph\">L&#8217;incendi es va declarar el passat 15 d&#8217;abril, mobilitzant el Consorci en un primer moment sis dotacions de bombers de Requena, Torrent, bombers voluntaris de Cofrentes i Sinarcas, aix\u00ed com un oficial de gu\u00e0rdia, un cap de sector i sergent de Requena.<\/p>\n\n\n\n<p class=\"wp-block-paragraph\">Des de eixa primera intervenci\u00f3, els treballs d&#8217;extinci\u00f3 han tingut dos fases diferenciades: durant la primera, la qual es va allargar fins a cinc dies, els efectius del Consorci van fer front a l&#8217;incendi amb els mitjans habituals, per a passar a una segona fase en la qual es va fer necessari el treball amb maquin\u00e0ria pessada.<\/p>\n\n\n\n<p class=\"wp-block-paragraph\">Aix\u00ed, els Bombers de la Diputaci\u00f3 mantenen en este segon per\u00edode un dispositiu preventiu que estar\u00e0 present mentres s&#8217;efectuen els treballs de bolcat de terra sobre la mat\u00e8ria incendiada que es duen a terme des de l&#8217;empresa Tragsa, a trav\u00e9s del Centre de Coordinaci\u00f3 d&#8217;Emerg\u00e8ncies de la Generalitat.<\/p>\n\n\n\n<p class=\"wp-block-paragraph\">Els efectius de bombers es mantindran de manera preventiva en la planta fins que finalitzen estes actuacions, per a intervindre en cas que es produ\u00efra algun rebrot, mantenint la col\u00b7laboraci\u00f3 amb tot el personal despla\u00e7at.<\/p>\n","protected":false},"excerpt":{"rendered":"<div class=\"mh-excerpt\">El president de la Diputaci\u00f3 de Val\u00e8ncia es despla\u00e7a a la zona acompanyat per l&#8217;inspector cap del Consorci Provincial de Bombers, Jos\u00e9 Miguel Basset, i el diputat de Medi Ambient i president del Consorci, Avelino <a class=\"mh-excerpt-more\" href=\"https:\/\/tucomarca.whitekongsoftware.com\/ca\/vicent-mompo-visita-els-treballs-dels-bombers-de-la-diputacio-de-valencia-en-la-planta-de-reciclatge-de-san-antonio\/\" title=\"Vicent Momp\u00f3 visita els treballs dels Bombers de la Diputaci\u00f3 de Val\u00e8ncia en la planta de reciclatge de San Antonio\">[+] <\/a><\/div>\n","protected":false},"author":1,"featured_media":220972,"comment_status":"open","ping_status":"open","sticky":false,"template":"","format":"standard","meta":{"footnotes":""},"categories":[10905,11010,10898,10948,10894,10904,10903,10947,10908,10909,11057,10896,10897],"tags":[11246,12755,11099,10910,17318,18825],"class_list":["post-220976","post","type-post","status-publish","format-standard","has-post-thumbnail","category-agricultura-la-comarca-ca","category-canal-salud","category-ventana-ca","category-infraestructuras-ca","category-la-comarca-ca","category-sin-categorizar-ca","category-medio-ambiente-la-comarca-ca","category-politica","category-requena-ca","category-requena-utiel-ca","category-san-antonio-ca","category-seccion-ca","category-sucesos-la-comarca-ca","tag-diputacio-de-valencia-ca","tag-incendio-ca","tag-requena-ca","tag-requena-utiel-ca","tag-san-antonio-ca","tag-vicent-mompo-ca"],"_links":{"self":[{"href":"https:\/\/tucomarca.whitekongsoftware.com\/ca\/wp-json\/wp\/v2\/posts\/220976","targetHints":{"allow":["GET"]}}],"collection":[{"href":"https:\/\/tucomarca.whitekongsoftware.com\/ca\/wp-json\/wp\/v2\/posts"}],"about":[{"href":"https:\/\/tucomarca.whitekongsoftware.com\/ca\/wp-json\/wp\/v2\/types\/post"}],"author":[{"embeddable":true,"href":"https:\/\/tucomarca.whitekongsoftware.com\/ca\/wp-json\/wp\/v2\/users\/1"}],"replies":[{"embeddable":true,"href":"https:\/\/tucomarca.whitekongsoftware.com\/ca\/wp-json\/wp\/v2\/comments?post=220976"}],"version-history":[{"count":0,"href":"https:\/\/tucomarca.whitekongsoftware.com\/ca\/wp-json\/wp\/v2\/posts\/220976\/revisions"}],"wp:featuredmedia":[{"embeddable":true,"href":"https:\/\/tucomarca.whitekongsoftware.com\/ca\/wp-json\/wp\/v2\/media\/220972"}],"wp:attachment":[{"href":"https:\/\/tucomarca.whitekongsoftware.com\/ca\/wp-json\/wp\/v2\/media?parent=220976"}],"wp:term":[{"taxonomy":"category","embeddable":true,"href":"https:\/\/tucomarca.whitekongsoftware.com\/ca\/wp-json\/wp\/v2\/categories?post=220976"},{"taxonomy":"post_tag","embeddable":true,"href":"https:\/\/tucomarca.whitekongsoftware.com\/ca\/wp-json\/wp\/v2\/tags?post=220976"}],"curies":[{"name":"wp","href":"https:\/\/api.w.org\/{rel}","templated":true}]}}