{"id":220917,"date":"2024-04-26T10:00:00","date_gmt":"2024-04-26T08:00:00","guid":{"rendered":"https:\/\/www.tucomarca.com\/wordpress\/segunda\/?p=220917"},"modified":"2024-04-26T20:02:00","modified_gmt":"2024-04-26T18:02:00","slug":"riba-roja-de-turia-xifra-en-mes-de-1-000-habitatges-de-les-urbanitzacions-i-del-nucli-urba-les-arees-afectades-pels-sorolls-i-les-molesties-que-causa-laeroport-de-manises","status":"publish","type":"post","link":"https:\/\/tucomarca.whitekongsoftware.com\/ca\/riba-roja-de-turia-xifra-en-mes-de-1-000-habitatges-de-les-urbanitzacions-i-del-nucli-urba-les-arees-afectades-pels-sorolls-i-les-molesties-que-causa-laeroport-de-manises\/","title":{"rendered":"Riba-roja de T\u00faria xifra en m\u00e9s de 1.000 habitatges de les urbanitzacions i del nucli urb\u00e0 les \u00e0rees afectades pels sorolls i les mol\u00e8sties que causa l&#8217;aeroport de Manises\u00a0"},"content":{"rendered":"\n<h3 class=\"wp-block-heading\">L&#8217;alcalde reclama el \u201cconsens\u201d i la \u201cparticipaci\u00f3\u201d de tots els municipis afectats pel proc\u00e9s d&#8217;una possible ampliaci\u00f3 de l&#8217;aeroport&nbsp;<\/h3>\n\n\n\n<p class=\"wp-block-paragraph\">L&#8217;Ajuntament de Riba-roja de T\u00faria ha xifrat en m\u00e9s de 1.000 habitatges de les urbanitzacions i nuclis disseminats de l&#8217;\u00e0rea est i oest del terme municipal, a m\u00e9s dels habitatges existents del nucli urb\u00e0 com les zones m\u00e9s afectades pels sorolls i les mol\u00e8sties que suporten di\u00e0riament per la seua proximitat al per\u00edmetre d&#8217;actuaci\u00f3 de l&#8217;aeroport de Manises.&nbsp;<\/p>\n\n\n\n<p class=\"wp-block-paragraph\">L&#8217;alcalde de Riba-roja de T\u00faria, Robert Raga, ha alertat sobre les conseq\u00fc\u00e8ncies que suposaria \u201cun increment massiu de turistes i d&#8217;avions per als municipis que estem m\u00e9s prop dels voltants de l&#8217;aeroport de Manises, per aix\u00f2, \u00e9s necessari plantejar i treballar en f\u00f3rmules alternatives a una possible ampliaci\u00f3 d&#8217;aquesta infraestructura com ha exigit recentment la Generalitat Valenciana\u201d.&nbsp;<\/p>\n\n\n\n<p class=\"wp-block-paragraph\">L&#8217;equip de govern del PSPV de Riba-roja de T\u00faria recorda que existeixen alternatives a una ampliaci\u00f3 de l&#8217;aeroport de Manises que podria ser avalat per les organitzacions empresarials com seria construir un nou aeroport en una altra zona i, fins i tot, aprofitar les instal\u00b7lacions del qual ja existeix a Castell\u00f3 per a acollir el creixement de turistes i d&#8217;avions que s&#8217;ha experimentat en els \u00faltims anys.&nbsp;<\/p>\n\n\n\n<p class=\"wp-block-paragraph\">Els c\u00e0lculs de l&#8217;Ajuntament de Riba-roja de T\u00faria situen en m\u00e9s de 1.000 els habitatges que di\u00e0riament es veuen afectades pel pas continu d&#8217;avions i naus amb arribada i partida des de l&#8217;aeroport de Manises i que en algunes ocasions, especialment, en les hores punta pot suposar el pas d&#8217;un avi\u00f3 cada 2 minuts, en les maniobres d&#8217;aterratge o rebuig, pel terme municipal.&nbsp;<\/p>\n\n\n\n<p class=\"wp-block-paragraph\">De fet, en aquesta situaci\u00f3 es troben les urbanitzacions i els habitatges disseminats situats a l&#8217;est i a l&#8217;oest del terme municipal i les mol\u00e8sties del qual es concentren, principalment, en la Llobatera, Carassols, Pla de Totxar o Pout d\u2019Escote. Aquestes reivindicacions i queixes s&#8217;han traslladat repetidament fins a l&#8217;organisme encarregat de la gesti\u00f3 dels aeroports Aena (Aeroports espanyols i navegaci\u00f3 a\u00e8ria). Fins al moment s&#8217;han insonoritzat al voltant de 300 habitatges del terme municipal afectades per l&#8217;elevat impacte ac\u00fastic i ambiental.&nbsp;<\/p>\n\n\n\n<p class=\"wp-block-paragraph\">Per aix\u00f2, des del govern municipal de l&#8217;Ajuntament de Riba-roja de T\u00faria s&#8217;insisteix en la necessitat d&#8217;articular alternatives \u201cviables\u201d i \u201cfactibles\u201d a l&#8217;ampliaci\u00f3 directa de l&#8217;aeroport des del consens i el di\u00e0leg entre els municipis afectats, la Generalitat Valenciana, AENA i les diverses associacions i entitats ve\u00efnals que pateixen cada dia el pas d&#8217;avions i naus pels seus habitatges.&nbsp;<\/p>\n\n\n\n<p class=\"wp-block-paragraph\">L&#8217;alcalde de Riba-roja de T\u00faria advoca per una \u201csoluci\u00f3 pactada i consensuada entre tots des del di\u00e0leg ampli i assossegat, sense imposicions i amb la mirada a trobar un punt de trobada que supose una alternativa sostenible des del punt de vista ambiental i que no supose, de cap manera, un major perjudici i mol\u00e8sties per als ve\u00efns dels diversos municipis afectats per aquesta infraestructura\u201d.&nbsp;<\/p>\n\n\n\n<p class=\"wp-block-paragraph\">L&#8217;Ajuntament de Riba-roja de T\u00faria recorda que, actualment, aquest terme municipal acull al voltant del 80% del tr\u00e0nsit aeri en les seues maniobres d&#8217;enlairament i d&#8217;aterratge des de fa anys i que es trasllada en un elevat nombre de queixes i mol\u00e8sties per als ve\u00efns i que des de l&#8217;ajuntament es traslladen, peri\u00f2dicament, a l&#8217;Aena, l&#8217;organisme p\u00fablic encarregat de la seua gesti\u00f3.&nbsp;<\/p>\n\n\n\n<p class=\"wp-block-paragraph\">Finalment, Robert Raga ha anunciat que, pr\u00f2ximament, es posar\u00e0 en contacte amb la resta d&#8217;ajuntaments afectats per una possible ampliaci\u00f3 de l&#8217;aeroport de Manises per a \u201cestudiar possibles actuacions i an\u00e0lisis conjuntes davant la preocupaci\u00f3 que tenim tots els municipis per un projecte que pot suposar un major perjudici del qual ja suportem di\u00e0riament\u201d.<\/p>\n","protected":false},"excerpt":{"rendered":"<div class=\"mh-excerpt\">L&#8217;alcalde reclama el \u201cconsens\u201d i la \u201cparticipaci\u00f3\u201d de tots els municipis afectats pel proc\u00e9s d&#8217;una possible ampliaci\u00f3 de l&#8217;aeroport&nbsp; L&#8217;Ajuntament de Riba-roja de T\u00faria ha xifrat en m\u00e9s de 1.000 habitatges de les urbanitzacions i <a class=\"mh-excerpt-more\" href=\"https:\/\/tucomarca.whitekongsoftware.com\/ca\/riba-roja-de-turia-xifra-en-mes-de-1-000-habitatges-de-les-urbanitzacions-i-del-nucli-urba-les-arees-afectades-pels-sorolls-i-les-molesties-que-causa-laeroport-de-manises\/\" title=\"Riba-roja de T\u00faria xifra en m\u00e9s de 1.000 habitatges de les urbanitzacions i del nucli urb\u00e0 les \u00e0rees afectades pels sorolls i les mol\u00e8sties que causa l&#8217;aeroport de Manises\u00a0\">[+] <\/a><\/div>\n","protected":false},"author":12,"featured_media":170971,"comment_status":"open","ping_status":"open","sticky":false,"template":"","format":"standard","meta":{"footnotes":""},"categories":[10892,10948,10894,10903,10947,10906,10896],"tags":[10899,15024],"class_list":["post-220917","post","type-post","status-publish","format-standard","has-post-thumbnail","category-camp-de-turia-ca","category-infraestructuras-ca","category-la-comarca-ca","category-medio-ambiente-la-comarca-ca","category-politica","category-riba-roja-ca","category-seccion-ca","tag-camp-de-turia-ca","tag-riba-roja-de-turia-ca"],"_links":{"self":[{"href":"https:\/\/tucomarca.whitekongsoftware.com\/ca\/wp-json\/wp\/v2\/posts\/220917","targetHints":{"allow":["GET"]}}],"collection":[{"href":"https:\/\/tucomarca.whitekongsoftware.com\/ca\/wp-json\/wp\/v2\/posts"}],"about":[{"href":"https:\/\/tucomarca.whitekongsoftware.com\/ca\/wp-json\/wp\/v2\/types\/post"}],"author":[{"embeddable":true,"href":"https:\/\/tucomarca.whitekongsoftware.com\/ca\/wp-json\/wp\/v2\/users\/12"}],"replies":[{"embeddable":true,"href":"https:\/\/tucomarca.whitekongsoftware.com\/ca\/wp-json\/wp\/v2\/comments?post=220917"}],"version-history":[{"count":0,"href":"https:\/\/tucomarca.whitekongsoftware.com\/ca\/wp-json\/wp\/v2\/posts\/220917\/revisions"}],"wp:featuredmedia":[{"embeddable":true,"href":"https:\/\/tucomarca.whitekongsoftware.com\/ca\/wp-json\/wp\/v2\/media\/170971"}],"wp:attachment":[{"href":"https:\/\/tucomarca.whitekongsoftware.com\/ca\/wp-json\/wp\/v2\/media?parent=220917"}],"wp:term":[{"taxonomy":"category","embeddable":true,"href":"https:\/\/tucomarca.whitekongsoftware.com\/ca\/wp-json\/wp\/v2\/categories?post=220917"},{"taxonomy":"post_tag","embeddable":true,"href":"https:\/\/tucomarca.whitekongsoftware.com\/ca\/wp-json\/wp\/v2\/tags?post=220917"}],"curies":[{"name":"wp","href":"https:\/\/api.w.org\/{rel}","templated":true}]}}