{"id":220772,"date":"2024-04-25T10:03:00","date_gmt":"2024-04-25T08:03:00","guid":{"rendered":"https:\/\/www.tucomarca.com\/wordpress\/segunda\/?p=220772"},"modified":"2024-04-25T18:50:17","modified_gmt":"2024-04-25T16:50:17","slug":"el-ple-de-xest-aprova-una-nova-sollicitud-de-reformes-en-els-centres-educatius-per-a-la-segona-fase-del-pla-edificant","status":"publish","type":"post","link":"https:\/\/tucomarca.whitekongsoftware.com\/ca\/el-ple-de-xest-aprova-una-nova-sollicitud-de-reformes-en-els-centres-educatius-per-a-la-segona-fase-del-pla-edificant\/","title":{"rendered":"El ple de Xest aprova una nova sol\u00b7licitud de reformes en els centres educatius per a la segona fase del Pla Edificant"},"content":{"rendered":"\n<p class=\"wp-block-paragraph\">Ahir, dimecres 24 d&#8217;abril, es va celebrar el ple ordinari corresponent a a aquest mes, en el qual es va donar llum verda a un conveni per a la gesti\u00f3 de les plusv\u00e0lues municipals i es va aprovar el tr\u00e0mit necessari perqu\u00e8 el CEIP Ana Lluch continue amb les reformes de la primera fase del Pla Edificant i la sol\u00b7licitud de noves reformes en tots els centres educatius p\u00fablics de Xest per a la segona fase d&#8217;aquest mateix pla. A m\u00e9s, es va renovar el conveni amb la central de compres de Diputaci\u00f3.<\/p>\n\n\n\n<p class=\"wp-block-paragraph\"><strong>Recaptaci\u00f3 de plusv\u00e0lues<br><\/strong>El ple va aprovar, un conveni de col\u00b7laboraci\u00f3 amb el Registre de la propietat n\u00fam. 2 de Xiva amb el qual se li encomana la gesti\u00f3, liquidaci\u00f3 i recaptaci\u00f3 de l&#8217;impost sobre l&#8217;Increment de Valor dels Terrenys de Naturalesa Urbana, IVTNU, conegut com a plusv\u00e0lua, que sorgeix amb la venda, donaci\u00f3 o her\u00e8ncia d&#8217;un immoble.&nbsp;<\/p>\n\n\n\n<p class=\"wp-block-paragraph\">\u201cLa ra\u00f3 per la qual fem aquest convingut \u00e9s perqu\u00e8 tenim un problema de personal i per a resoldre&#8217;l en aquest moment necessitem delegar aquesta funci\u00f3; no perqu\u00e8 hi haja un problema amb els cobraments, perqu\u00e8 Xest \u00e9s poble pagador\u201d, va explicar la regidora d&#8217;Hisenda, M\u00aa \u00c1ngeles Llorente.&nbsp;<\/p>\n\n\n\n<p class=\"wp-block-paragraph\">El Partit Popular es va abstindre, al\u00b7ludint a la possibilitat d&#8217;un elevat cost del servei per les comissions que rebr\u00e0 el Registre de la Propietat de Xiva per les seues gestions.<\/p>\n\n\n\n<figure class=\"wp-block-image size-full\"><img loading=\"lazy\" decoding=\"async\" width=\"886\" height=\"591\" src=\"http:\/\/www.tucomarca.com\/wordpress\/segunda\/wp-content\/uploads\/2024\/04\/ChestePleno4.jpg\" alt=\"\" class=\"wp-image-220767\" srcset=\"https:\/\/tucomarca.whitekongsoftware.com\/wp-content\/uploads\/2024\/04\/ChestePleno4.jpg 886w, https:\/\/tucomarca.whitekongsoftware.com\/wp-content\/uploads\/2024\/04\/ChestePleno4-300x200.jpg 300w, https:\/\/tucomarca.whitekongsoftware.com\/wp-content\/uploads\/2024\/04\/ChestePleno4-768x512.jpg 768w\" sizes=\"auto, (max-width: 886px) 100vw, 886px\" \/><\/figure>\n\n\n\n<p class=\"wp-block-paragraph\"><strong>Pla Edificant<br><\/strong>Durant la sessi\u00f3 tamb\u00e9 es va aprovar, en aquesta ocasi\u00f3 per unanimitat, el projecte modificat del CEIP Ana Lluch corresponent a la primera fase de reformes del Pla Edificant, el programa de la Generalitat Valenciana creat en 2017 per a millorar les infraestructures dels centres educatius de la Comunitat.&nbsp;<\/p>\n\n\n\n<p class=\"wp-block-paragraph\">\u201cDavant la pujada de preus dels materials, vam haver de modificar el projecte de reformes del CEIP Ana Lluch, ja que el pressupost inicial no es podia ampliar\u201d, va apuntar la regidora d&#8217;Educaci\u00f3, M\u00aa \u00c1ngeles Llorente. \u201cAmb aquest projecte es podr\u00e0 dur a terme la revisi\u00f3 de la instal\u00b7laci\u00f3 el\u00e8ctrica del centre, els nous banys i la coberta de la pista esportiva, amb un pressupost de 585.586 euros\u201d.<\/p>\n\n\n\n<p class=\"wp-block-paragraph\">A m\u00e9s, la regidora va detallar les noves propostes de reforma dels centres educatius p\u00fablics de la localitat, que s&#8217;han incl\u00f2s en les noves mem\u00f2ries de cada centre, per a sol\u00b7licitar-les en el marc de la segona fase del Pla Edificant. D&#8217;una banda, el CEIP Francisco Giner de los R\u00edos sol\u00b7licita millores per valor de 1,5 milions d&#8217;euros aproximadament, incloent-hi intervencions com a renovacions en les pistes esportives, en el sanejament o el paviment; el CEIP Vicente Blasco Ib\u00e1\u00f1ez tamb\u00e9 contempla actuacions en els espais esportius i en la instal\u00b7laci\u00f3 el\u00e8ctrica, entre altres, valorades en prop d&#8217;un mili\u00f3 d&#8217;euros, i el CEIP Ana Lluch inclou en la seua mem\u00f2ria millores en el centre per valor de 575.000 euros, aproximadament, per a realitzar actuacions en el menjador, els lavabos, la finestres o el gimn\u00e0s. D&#8217;altra banda, l&#8217;IES Ricardo Mar\u00edn se centra en la urbanitzaci\u00f3 del per\u00edmetre del nou edifici i en l&#8217;ampliaci\u00f3 de s\u00f2l per al pati, amb un pressupost d&#8217;al voltant de 325.000 euros.<\/p>\n\n\n\n<p class=\"wp-block-paragraph\"><strong>Central de compres<br><\/strong>De nou per unanimitat, tots els grups pol\u00edtics amb representaci\u00f3 en el ple van donar llum verda a la renovaci\u00f3 de l&#8217;adhesi\u00f3 de l&#8217;Ajuntament a la central de compres de la Diputaci\u00f3 de Val\u00e8ncia.<\/p>\n\n\n\n<p class=\"wp-block-paragraph\">\u201cLes centrals de compres s\u00f3n organismes p\u00fablics que fan grans licitacions a les quals els ajuntaments ens podem adherir i tenen bastants avantatges, ja que s&#8217;aconsegueixen millors preus i els ajuntaments tenim una rapidesa enorme a l&#8217;hora de realitzar les contractacions\u201d, explicava l&#8217;alcalde, Jos\u00e9 Morell. \u201cEn els \u00faltims mesos hem realitzat a trav\u00e9s de la central de compres la contractaci\u00f3 la telefonia, els serveis postals, el servei de notificacions i est\u00e0 pendent el de l&#8217;energia el\u00e8ctrica\u201d.<\/p>\n\n\n\n<p class=\"wp-block-paragraph\"><strong>Mocions<br><\/strong>El regidor d&#8217;Agricultura, Adri\u00e1n Tar\u00edn, va presentar una moci\u00f3 de AVA-Asaja de suport al sector agrari i ramader en la qual s&#8217;instava les institucions auton\u00f2miques i nacionals a prendre mesures en favor de l&#8217;agricultura comunit\u00e0ria, la reducci\u00f3 de burocr\u00e0cia, el compliment de la llei de la cadena aliment\u00e0ria o millores en les assegurances agr\u00e0ries, entre altres.<\/p>\n\n\n\n<p class=\"wp-block-paragraph\">Per part seua, el regidor de Medi Ambient, David Pujals, va presentar una moci\u00f3 de la Plataforma per a l&#8217;estudi i conservaci\u00f3 de la Serra de Xiva, per a sol\u00b7licitar a la Conselleria d&#8217;Agricultura que s&#8217;incloga un espai natural entre la C\u00e1rcama i Xiva, declarat com a \u00c0rea d&#8217;import\u00e0ncia per a les aus, dins d&#8217;una Zona Especial de Protecci\u00f3 per a les Aus (ZEPA), la qual cosa permetria a Xest optar a subvencions procedents de fons europeus. Totes dues mocions van ser aprovades per unanimitat.<\/p>\n","protected":false},"excerpt":{"rendered":"<div class=\"mh-excerpt\">Ahir, dimecres 24 d&#8217;abril, es va celebrar el ple ordinari corresponent a a aquest mes, en el qual es va donar llum verda a un conveni per a la gesti\u00f3 de les plusv\u00e0lues municipals i <a class=\"mh-excerpt-more\" href=\"https:\/\/tucomarca.whitekongsoftware.com\/ca\/el-ple-de-xest-aprova-una-nova-sollicitud-de-reformes-en-els-centres-educatius-per-a-la-segona-fase-del-pla-edificant\/\" title=\"El ple de Xest aprova una nova sol\u00b7licitud de reformes en els centres educatius per a la segona fase del Pla Edificant\">[+] <\/a><\/div>\n","protected":false},"author":12,"featured_media":220770,"comment_status":"open","ping_status":"open","sticky":false,"template":"","format":"standard","meta":{"footnotes":""},"categories":[10948,10894,10912,10947,10896,10974],"tags":[11071,10914,20591],"class_list":["post-220772","post","type-post","status-publish","format-standard","has-post-thumbnail","category-infraestructuras-ca","category-la-comarca-ca","category-la-hoya-ca","category-politica","category-seccion-ca","category-cheste-ca","tag-cheste","tag-la-hoya-de-bunol-chiva-ca","tag-plan-edificat-ca"],"_links":{"self":[{"href":"https:\/\/tucomarca.whitekongsoftware.com\/ca\/wp-json\/wp\/v2\/posts\/220772","targetHints":{"allow":["GET"]}}],"collection":[{"href":"https:\/\/tucomarca.whitekongsoftware.com\/ca\/wp-json\/wp\/v2\/posts"}],"about":[{"href":"https:\/\/tucomarca.whitekongsoftware.com\/ca\/wp-json\/wp\/v2\/types\/post"}],"author":[{"embeddable":true,"href":"https:\/\/tucomarca.whitekongsoftware.com\/ca\/wp-json\/wp\/v2\/users\/12"}],"replies":[{"embeddable":true,"href":"https:\/\/tucomarca.whitekongsoftware.com\/ca\/wp-json\/wp\/v2\/comments?post=220772"}],"version-history":[{"count":0,"href":"https:\/\/tucomarca.whitekongsoftware.com\/ca\/wp-json\/wp\/v2\/posts\/220772\/revisions"}],"wp:featuredmedia":[{"embeddable":true,"href":"https:\/\/tucomarca.whitekongsoftware.com\/ca\/wp-json\/wp\/v2\/media\/220770"}],"wp:attachment":[{"href":"https:\/\/tucomarca.whitekongsoftware.com\/ca\/wp-json\/wp\/v2\/media?parent=220772"}],"wp:term":[{"taxonomy":"category","embeddable":true,"href":"https:\/\/tucomarca.whitekongsoftware.com\/ca\/wp-json\/wp\/v2\/categories?post=220772"},{"taxonomy":"post_tag","embeddable":true,"href":"https:\/\/tucomarca.whitekongsoftware.com\/ca\/wp-json\/wp\/v2\/tags?post=220772"}],"curies":[{"name":"wp","href":"https:\/\/api.w.org\/{rel}","templated":true}]}}