{"id":220717,"date":"2024-04-25T19:00:00","date_gmt":"2024-04-25T17:00:00","guid":{"rendered":"https:\/\/www.tucomarca.com\/wordpress\/segunda\/?p=220717"},"modified":"2024-04-25T21:43:04","modified_gmt":"2024-04-25T19:43:04","slug":"entrevista-ulisses-araujo-es-extraordinari-que-bunyol-puga-gaudir-de-leixida-duna-etapa-de-la-volta-ciclista-femenina-a-espanya","status":"publish","type":"post","link":"https:\/\/tucomarca.whitekongsoftware.com\/ca\/entrevista-ulisses-araujo-es-extraordinari-que-bunyol-puga-gaudir-de-leixida-duna-etapa-de-la-volta-ciclista-femenina-a-espanya\/","title":{"rendered":"Entrevista. Ulisses Ara\u00fajo: &#8220;\u00c9s extraordinari que Bunyol puga gaudir de l&#8217;eixida d&#8217;una etapa de la Volta Ciclista Femenina a Espanya&#8221;"},"content":{"rendered":"\n<h3 class=\"wp-block-heading\">Bunyol acollir\u00e0 aquest pr\u00f2xim dilluns l&#8217;eixida de la segona etapa de la Volta Ciclista a Espanya Femenina, que despr\u00e9s de partir a les 14,05 hores de l&#8217;Avinguda Rafael Ridaura, travessar\u00e0 el centre de la localitat. &#8220;Tota una gran not\u00edcia esportiva per a Bunyol; una cosa extraordin\u00e0ria&#8221;, en paraules del regidor d&#8217;Esports de l&#8217;Ajuntament bunyolense, Ulisses Ara\u00fajo, qui ha detallat a tucomarca.com les previsions del consistori per a eixa hist\u00f2rica jornada esportiva.<\/h3>\n\n\n\n<figure class=\"wp-block-image size-full\"><img loading=\"lazy\" decoding=\"async\" width=\"945\" height=\"709\" src=\"http:\/\/www.tucomarca.com\/wordpress\/segunda\/wp-content\/uploads\/2024\/04\/UlisesAraujoPP.jpg\" alt=\"\" class=\"wp-image-219769\" srcset=\"https:\/\/tucomarca.whitekongsoftware.com\/wp-content\/uploads\/2024\/04\/UlisesAraujoPP.jpg 945w, https:\/\/tucomarca.whitekongsoftware.com\/wp-content\/uploads\/2024\/04\/UlisesAraujoPP-300x225.jpg 300w, https:\/\/tucomarca.whitekongsoftware.com\/wp-content\/uploads\/2024\/04\/UlisesAraujoPP-768x576.jpg 768w, https:\/\/tucomarca.whitekongsoftware.com\/wp-content\/uploads\/2024\/04\/UlisesAraujoPP-678x509.jpg 678w, https:\/\/tucomarca.whitekongsoftware.com\/wp-content\/uploads\/2024\/04\/UlisesAraujoPP-326x245.jpg 326w, https:\/\/tucomarca.whitekongsoftware.com\/wp-content\/uploads\/2024\/04\/UlisesAraujoPP-80x60.jpg 80w\" sizes=\"auto, (max-width: 945px) 100vw, 945px\" \/><\/figure>\n\n\n\n<p class=\"wp-block-paragraph\"><strong>\u2014 La localitat de Bunyol acollir\u00e0 dilluns que ve, 29 d&#8217;abril, la segona etapa de la Volta Ciclista Femenina a Espanya. Quina gran not\u00edcia esportiva per a la localitat, \u00bfveritat?<\/strong><\/p>\n\n\n\n<p class=\"wp-block-paragraph\">\u2014 Doncs s\u00ed. \u00c9s extraordinari. Cal donar les gr\u00e0cies a la Generalitat Valenciana per comptar amb nosaltres. Apostaran molt per nosaltres perqu\u00e8 han vingut ac\u00ed i han vist com est\u00e0 Bunyol, per la qual cosa volen apostar bastant per nosaltres. I volen fer-ho amb un esdeveniment aix\u00ed, de car\u00e0cter nacional, i sobretot per a donar m\u00e9s impuls a l&#8217;esport femen\u00ed perqu\u00e8 hui dia es vol anar igualant al m\u00e0xim fins a arribar al mateix punt que el mascul\u00ed, ja que encara queda un poc de treball. Quan vam estar en la presentaci\u00f3 ens ho van fer arribar aix\u00ed, estan treballant perqu\u00e8 siga totalment equitatiu al mascul\u00ed. D&#8217;aqu\u00ed ve que ens traslladaren que la infraestructura que porta aparellada la Volta Femenina \u00e9s totalment id\u00e8ntica a la masculina; i la veritat \u00e9s que va ser una gran not\u00edcia quan ens van comunicar que ens acceptaven per a ser eixida de la Volta Ciclista Femenina a Espanya d&#8217;enguany.<\/p>\n\n\n\n<p class=\"wp-block-paragraph\"><strong>\u2014 Estem parlant de ni m\u00e9s ni menys que d&#8217;una Volta Ciclista a Espanya Femenina, \u00bfcom preveu que vaja a ser el muntatge esportiu eixe dia a Bunyol?<\/strong><\/p>\n\n\n\n<p class=\"wp-block-paragraph\">\u2014 Perqu\u00e8 quan ve un esdeveniment d&#8217;aquesta caracter\u00edstiques, o quan es fa qualsevol gran esdeveniment esportiu, una carrera popular o una carrera ciclista, en aquest cas, perqu\u00e8 es perjudicar\u00e0 l\u00f2gicament a la circulaci\u00f3 en alguns carrers, especialment on est\u00e0 situada l&#8217;eixida. Encara que el que hem fet \u00e9s comunicar la traject\u00f2ria, on se situar\u00e0 l&#8217;eixida, quins carrers travessar\u00e0 per a per a avisar a ve\u00efns i comer\u00e7os dels carrers afectats perqu\u00e8 estiguen tots avisats. En aquests casos, sempre pot haver-hi alg\u00fa que se senta perjudicat, una ll\u00e0stima, per\u00f2 en esdeveniments esportius d&#8217;aquesta \u00edndole quan transcorren per dins del nucli urb\u00e0 \u00e9s aix\u00ed. I encara que visualment \u00e9s molt bonic, la seua coordinaci\u00f3 porta molta faena darrere: estem coordinant amb Policia Local, amb Protecci\u00f3 Civil, Gu\u00e0rdia Civil de Tr\u00e0nsit, amb els Caps de Tr\u00e0nsit de Sevilla, de Madrid, de Bilbao\u2026 Hem realitzat reunions on s&#8217;ha acordat el circuit que volem, els punts febles on hem de posar algun voluntari, els punts forts per a estar actuant la Policia Local o la Gu\u00e0rdia Civil; i estem treballant des que tenim aquest tema sobre la taula perqu\u00e8 tot isca b\u00e9 i siga un dia perfecte de coordinaci\u00f3.<\/p>\n\n\n\n<p class=\"wp-block-paragraph\"><strong>\u2014 En aquesta segona etapa de la Volta Ciclista a Espanya Femenina, que t\u00e9 la seua eixida oficial en l&#8217;Avinguda Rafael Ridaura, neutralitzada fins a la Cuesta Blanca, i la seua final d&#8217;etapa a Moncofa, entre les ciclistes, personal del muntatge, etc\u00e8tera, \u00bfestem parlant d&#8217;un espectacle en el qual participen centenars de persones, no \u00e9s aix\u00ed?<\/strong><\/p>\n\n\n\n<p class=\"wp-block-paragraph\">\u2014 S\u00ed que s\u00f3n equips professionals que porten una infraestructura molt gran. Venen amb els seus autobusos, cada equip porta els seus cotxes, de Tr\u00e0nsit tamb\u00e9 venen crec que 50 motos\u2026 ser\u00e0 un espectacle molt gran. Ja he comentat que la infraestructura \u00e9s totalment igual que la masculina. Igual a nivell de participaci\u00f3 no \u00e9s el mateix nivell, per\u00f2 ja s&#8217;est\u00e0 acostant. Aquesta \u00e9s la segona vegada que es realitza la Volta Femenina a Espanya i el tema de les etapes s&#8217;ha treballat molt, est\u00e0 Fernando Escart\u00edn ac\u00ed ficat per a treballar b\u00e9 les etapes. S\u00f3n professionals del ciclisme, que fins i tot han posat ports de primera que s\u00f3n els que pugen en la categoria masculina.<\/p>\n\n\n\n<p class=\"wp-block-paragraph\"><strong>\u2014 \u00bfPodem recordar el recorregut pel centre de Bunyol que faran les ciclistes despr\u00e9s de la seua eixida des de l&#8217;Avinguda Rafael Ridaura?<\/strong><\/p>\n\n\n\n<p class=\"wp-block-paragraph\">\u2014 S\u00ed, des de Rafael Ridaura se circular\u00e0 en direcci\u00f3 cap al Carrer Rafael Alberti, es girar\u00e0 en Severo Ochoa i es dirigiran cap a Antonio Machado i la pla\u00e7a Rivero. D&#8217;ac\u00ed s&#8217;anir\u00e0 a Blasco Ib\u00e1\u00f1ez, adre\u00e7a Plaza de Les Vendes, carrer Comtes de Bunyol, Doctor Fleming, carrer Juan Peset i fins al camp de futbol. D&#8217;ac\u00ed es baixar\u00e0 per la carretera del Buf\u00f3 cap al passeig de Sant Llu\u00eds i del carrer de Sant Llu\u00eds cap a la Pla\u00e7a del Poble i el carrer Cid, per a despr\u00e9s circular cap a l&#8217;Avinguda del Pa\u00eds Valenci\u00e0, pla\u00e7a de la Diputaci\u00f3 i ja per l&#8217;avinguda de la Violeta cap a la carretera CV-4241 fins a la Cuesta Blanca.<\/p>\n\n\n\n<p class=\"wp-block-paragraph\"><strong>\u2014 \u00bfCom \u00e9s el recorregut que es far\u00e0 en aquesta etapa despr\u00e9s d&#8217;eixir de Bunyol?<\/strong><\/p>\n\n\n\n<p class=\"wp-block-paragraph\">\u2014 Respecte al que m\u00e9s coneixem, el quil\u00f2metre zero estar\u00e0 en la carretera de Quatre Camins, abans de pujar la Costa Blanca; i d&#8217;ac\u00ed se circular\u00e0 en direcci\u00f3 a Xiva, on s&#8217;anir\u00e0 per la carretera de darrere de l&#8217;estaci\u00f3, on est\u00e0 Vista Alegre, cap a cap a la carretera de Xestalgar tocant un poc de Ll\u00edria i d&#8217;ac\u00ed ja cap a Moncofa.<\/p>\n\n\n\n<p class=\"wp-block-paragraph\"><strong>\u2014 Totes les carreteres s\u00f3n comarcals?<\/strong><\/p>\n\n\n\n<p class=\"wp-block-paragraph\">\u2014 S\u00ed, s\u00f3n carreteres de muntanya. Aquesta etapa ser\u00e0 bastant llaneante, no hi haur\u00e0 molt de desnivell, hi ha un port de tercera, per\u00f2 poc m\u00e9s. Ser\u00e0 una una segona etapa de presa de contacte, el bo ve, crec, en la cinquena tapada on les esprintadores destaquen en eixes etapes de cronos.<\/p>\n\n\n\n<p class=\"wp-block-paragraph\"><strong>\u2014 El 29 d&#8217;abril est\u00e0 prevista aquesta eixida de la Volta Ciclista a Espanya Femenina, i un dia abans, el diumenge, 28 d&#8217;abril, Bunyol acull una altra gran prova esportiva de ciclisme: la Marxa de Mountaibike del Circuit de Diputaci\u00f3.<\/strong><\/p>\n\n\n\n<p class=\"wp-block-paragraph\">\u2014 S\u00ed, la veritat \u00e9s que est\u00e0vem molt escassos de ciclisme a Bunyol i ara podrem gaudir un dia abans de la Marxa de Mountainbike del Circuit de Diputaci\u00f3. S\u00f3n nou proves en el circuit i aquesta \u00e9s l&#8217;octava. S&#8217;ha determinat que la de Bunyol siga la prova regna del circuit, puntuar\u00e0 doble per als corredors i de participants es pronostica que hi haur\u00e0 prop de 350. La veritat \u00e9s que el circuit li ho han currado molt des del Club Ciclista de Bunyol. \u00c9s un circuit t\u00e8cnic, hi ha una baixada molt t\u00e8cnica on has d&#8217;anar amb compte; i a m\u00e9s t\u00e9 molta senda. La senda m\u00e9s llarga del circuit crec que \u00e9s la de la Serrana; i la veritat \u00e9s que les pistes del circuit s\u00f3n espectaculars. Estem parlant de 38 quil\u00f2metres de prova.<\/p>\n\n\n\n<p class=\"wp-block-paragraph\"><strong>\u2014 Una altra gran cita esportiva que segur que no deixar\u00e0 indiferent a ning\u00fa eixe dia a Bunyol, no?<\/strong><\/p>\n\n\n\n<p class=\"wp-block-paragraph\">\u2014 S\u00ed, encara que el gruix de la prova estar\u00e0 en El Planell, on estar\u00e0 l&#8217;eixida i l&#8217;arribada. Aquesta prova \u00e9s gestionada per&nbsp; Mesesport, que \u00e9s l&#8217;empresa que porta el Circuit de la Diputaci\u00f3. La veritat \u00e9s que jo vaig fer el meu treball: he anat a alguna prova que han fet, com per exemple a Benaguasil, per a veure com ho muntaven i venen amb les seues coses per als corredors: la seua borsa per a corredor, esmorzar, etc\u00e8tera. Nosaltres oferim la infraestructura del pavell\u00f3 on tenim vestuaris, dutxes\u2026 El muntatge en el Planell creiem que quedar\u00e0 molt b\u00e9, perqu\u00e8 \u00e9s el millor lloc que tenim per a per a aquests esdeveniments. Esperem que isca molt b\u00e9.<\/p>\n\n\n\n<p class=\"wp-block-paragraph\"><strong>\u2014 Sembla que es convertir\u00e0 Bunyol en epicentre de les dues rodes durant eixos dos dies.<\/strong><\/p>\n\n\n\n<p class=\"wp-block-paragraph\">\u2014 S\u00ed, \u00e9s el que ens agradaria. Portem molts anys sense ciclisme a Bunyol i jo recorde carreres com la ciclista de la fira, que es feia abans i que era m\u00edtica, quan don\u00e0vem de xiquet tornades per la comarca. Record quan hi havia carreres de mountainbike amb dos circuits: un per a joves i un altre per als s\u00e8nior. Em recorde de muntar el circuit per l&#8217;alt on estava l&#8217;escombriaire vell i despr\u00e9s passar per l&#8217;el repetidor, per una baixava fins al barranc del Planell. I despr\u00e9s tornaven a pujar\u2026 i la veritat que una de les coses, quan vaig entrar de regidor d&#8217;Esports, va ser la de coincidir amb el president del Club Ciclista de Bunyol a recuperar aquest tipus de proves. I recalcar a m\u00e9s que el Club Ciclista ha treballat molt de sobre les sendes perqu\u00e8 estiguera el circuit disponible i fora atractiu.<\/p>\n\n\n\n<p class=\"wp-block-paragraph\"><strong>\u2014 Sembla que hi ha hagut una transformaci\u00f3 del ciclisme a Bunyol, s&#8217;han passat els aficionats de la bici de carretera a la de mountainbike?<\/strong><\/p>\n\n\n\n<p class=\"wp-block-paragraph\">\u2014 B\u00e9, la gent s\u00ed que continua eixint en grups de ciclistes de carretera. Encara que jo, com a aficionat a la bici, soc m\u00e9s de mountainbike. Si puc tocar camins o sendes, millor que asfalt. La veritat \u00e9s que jo ho trobava a faltar. Es trobava a faltar que a Bunyol hi haguera m\u00e9s ciclisme.<\/p>\n","protected":false},"excerpt":{"rendered":"<div class=\"mh-excerpt\">Bunyol acollir\u00e0 aquest pr\u00f2xim dilluns l&#8217;eixida de la segona etapa de la Volta Ciclista a Espanya Femenina, que despr\u00e9s de partir a les 14,05 hores de l&#8217;Avinguda Rafael Ridaura, travessar\u00e0 el centre de la localitat. <a class=\"mh-excerpt-more\" href=\"https:\/\/tucomarca.whitekongsoftware.com\/ca\/entrevista-ulisses-araujo-es-extraordinari-que-bunyol-puga-gaudir-de-leixida-duna-etapa-de-la-volta-ciclista-femenina-a-espanya\/\" title=\"Entrevista. Ulisses Ara\u00fajo: &#8220;\u00c9s extraordinari que Bunyol puga gaudir de l&#8217;eixida d&#8217;una etapa de la Volta Ciclista Femenina a Espanya&#8221;\">[+] <\/a><\/div>\n","protected":false},"author":1,"featured_media":219770,"comment_status":"open","ping_status":"open","sticky":false,"template":"","format":"standard","meta":{"footnotes":""},"categories":[10911,11013,11003,10898,10894,10904,10912,10896],"tags":[20582,10913,11146,20583,11074,20584,20587,10914,20585,20586],"class_list":["post-220717","post","type-post","status-publish","format-standard","has-post-thumbnail","category-bunol-ca","category-ciclismo-ca","category-sports","category-ventana-ca","category-la-comarca-ca","category-sin-categorizar-ca","category-la-hoya-ca","category-seccion-ca","tag-araujo-ca","tag-bunol-ca","tag-ciclismo-2-ca","tag-ciclista-ca","tag-deportes-ca","tag-espana-ca","tag-femenina-ca","tag-la-hoya-de-bunol-chiva-ca","tag-ulises-ca","tag-vuelta-ca"],"_links":{"self":[{"href":"https:\/\/tucomarca.whitekongsoftware.com\/ca\/wp-json\/wp\/v2\/posts\/220717","targetHints":{"allow":["GET"]}}],"collection":[{"href":"https:\/\/tucomarca.whitekongsoftware.com\/ca\/wp-json\/wp\/v2\/posts"}],"about":[{"href":"https:\/\/tucomarca.whitekongsoftware.com\/ca\/wp-json\/wp\/v2\/types\/post"}],"author":[{"embeddable":true,"href":"https:\/\/tucomarca.whitekongsoftware.com\/ca\/wp-json\/wp\/v2\/users\/1"}],"replies":[{"embeddable":true,"href":"https:\/\/tucomarca.whitekongsoftware.com\/ca\/wp-json\/wp\/v2\/comments?post=220717"}],"version-history":[{"count":0,"href":"https:\/\/tucomarca.whitekongsoftware.com\/ca\/wp-json\/wp\/v2\/posts\/220717\/revisions"}],"wp:featuredmedia":[{"embeddable":true,"href":"https:\/\/tucomarca.whitekongsoftware.com\/ca\/wp-json\/wp\/v2\/media\/219770"}],"wp:attachment":[{"href":"https:\/\/tucomarca.whitekongsoftware.com\/ca\/wp-json\/wp\/v2\/media?parent=220717"}],"wp:term":[{"taxonomy":"category","embeddable":true,"href":"https:\/\/tucomarca.whitekongsoftware.com\/ca\/wp-json\/wp\/v2\/categories?post=220717"},{"taxonomy":"post_tag","embeddable":true,"href":"https:\/\/tucomarca.whitekongsoftware.com\/ca\/wp-json\/wp\/v2\/tags?post=220717"}],"curies":[{"name":"wp","href":"https:\/\/api.w.org\/{rel}","templated":true}]}}