{"id":220679,"date":"2024-04-25T09:15:00","date_gmt":"2024-04-25T07:15:00","guid":{"rendered":"https:\/\/www.tucomarca.com\/wordpress\/segunda\/?p=220679"},"modified":"2024-04-25T12:40:58","modified_gmt":"2024-04-25T10:40:58","slug":"ava-asaja-insisteix-a-demanar-ajudes-urgents-als-viticultors-despres-de-patir-les-primeres-gelades","status":"publish","type":"post","link":"https:\/\/tucomarca.whitekongsoftware.com\/ca\/ava-asaja-insisteix-a-demanar-ajudes-urgents-als-viticultors-despres-de-patir-les-primeres-gelades\/","title":{"rendered":"AVA-Asaja insisteix a demanar ajudes urgents als viticultors despr\u00e9s de patir les primeres gelades"},"content":{"rendered":"\n<h3 class=\"wp-block-heading\">L&#8217;organitzaci\u00f3 agr\u00e0ria preveu danys per gelades i marchitez fisiol\u00f2gica en Boval, la qual cosa agreuja la crisi a Utiel-Requena pels problemes de mercat i la sequera.<\/h3>\n\n\n\n<p class=\"wp-block-paragraph\">Les baixes temperatures registrades en les dues \u00faltimes nits, fins i tot per davall dels zero graus en alguns punts de l&#8217;interior de la prov\u00edncia de Val\u00e8ncia, han causat les primeres gelades en el ra\u00efm. L&#8217;Associaci\u00f3 Valenciana d&#8217;Agricultors (AVA-Asaja) preveu danys localitzats en vinyes de la comarca Utiel-Requena tant pel fred (ja es poden observar els efectes negatius sobre els brots i les fulles) com per la marchitez fisiol\u00f2gica que amena\u00e7a amb produir-se en la varietat majorit\u00e0ria Boval quan torne la calor i afecte la producci\u00f3.<br>L&#8217;associat de Requena, Fernando L\u00f3pez, que \u00e9s un dels viticultors afectats, informa que \u201cel ra\u00efm es troba en aquests moments en una fase del cultiu especialment sensible al fred, perqu\u00e8 els brots recentment eixits estan molt tendres\u201d. L&#8217;organitzaci\u00f3 agr\u00e0ria informa que aquests riscos clim\u00e0tics estan coberts per l&#8217;asseguran\u00e7a del ra\u00efm, per la qual cosa sol\u00b7licita a Agroseguro les peritacions corresponents per a pagar les indemnitzacions.<br>Despr\u00e9s de patir aquestes primeres gelades, AVA-Asaja insisteix a demanar a la Conselleria d&#8217;Agricultura mesures de suport urgents als viticultors. El responsable de la sectorial del vi, Jos\u00e9 Luis Robredo, afirma que \u201csi no ten\u00edem bastants problemes amb la falta de demanda de vins negres, la crisi de preus en origen, el minvament de collita a causa de la sequera, la pujada dels costos de producci\u00f3, els atacs de fauna salvatge i la desatenci\u00f3 per part de les administracions, ara ens arriba un temporal de fred en plena primavera que posa en perill la pr\u00f2xima verema. La Conselleria ens ha donat bones paraules, per\u00f2 l&#8217;aprovaci\u00f3 de la collita en verd i el plantejament de la destil\u00b7laci\u00f3 de crisi ens sembla insuficient. Necessitem urgentment ajudes directes i a l&#8217;aband\u00f3 definitiu de vinyes per a poder subsistir\u201d.<\/p>\n\n\n\n<p class=\"wp-block-paragraph\"><strong>Valoraci\u00f3 de la PAC<\/strong><\/p>\n\n\n\n<p class=\"wp-block-paragraph\">Respecte als canvis votats hui en el Parlament Europeu sobre la Pol\u00edtica Agr\u00edcola Comuna (PAC), AVA-Asaja subratlla que \u201cla majoria de les modificacions estan dirigides als cultius continentals i, per tant, tindran esc\u00e0s impacte en l&#8217;agricultura mediterr\u00e0nia. La novetat legislativa que m\u00e9s ens beneficia \u00e9s que les explotacions menors de 10 hect\u00e0rees estaran exemptes de condicionalitat. En aquest sentit, la mesura que realment necessitem \u00e9s que el Ministeri aprove (tal com va plantejar al febrer davant Asaja, COAG i UPA) un r\u00e8gim simplificat per a xicotets agricultors, aquells que perceben menys de 5.000 euros d&#8217;ajudes directes a l&#8217;any, perqu\u00e8 aix\u00f2 permetria eliminar la burocr\u00e0cia a la gran majoria de les nostres explotacions\u201d.<br>Aix\u00ed mateix, AVA-Asaja reclama al Govern espanyol que recapte suports a la Uni\u00f3 Europea per a afrontar els grans problemes de l&#8217;agricultura valenciana: el reequilibri de la cadena de valor a fi d&#8217;evitar abusos comercials i garantir un preu digne als productors; la revisi\u00f3 dels acords comercials amb pa\u00efsos tercers, de manera que les importacions tan sols complementen la producci\u00f3 europea (no la substitu\u00efsquen) i complisquen les mateixes exig\u00e8ncies agroambientals; la disponibilitat de solucions eficaces contra les plagues i malalties, etc.<br>Per aix\u00f2, les organitzacions agr\u00e0ries seguiran amb el seu calendari unitari de mobilitzacions, tant sectorials com generals, en les tres prov\u00edncies de la Comunitat Valenciana. Informa, <strong>Luis Ib\u00e1\u00f1ez<\/strong>.<\/p>\n","protected":false},"excerpt":{"rendered":"<div class=\"mh-excerpt\">L&#8217;organitzaci\u00f3 agr\u00e0ria preveu danys per gelades i marchitez fisiol\u00f2gica en Boval, la qual cosa agreuja la crisi a Utiel-Requena pels problemes de mercat i la sequera. Les baixes temperatures registrades en les dues \u00faltimes nits, <a class=\"mh-excerpt-more\" href=\"https:\/\/tucomarca.whitekongsoftware.com\/ca\/ava-asaja-insisteix-a-demanar-ajudes-urgents-als-viticultors-despres-de-patir-les-primeres-gelades\/\" title=\"AVA-Asaja insisteix a demanar ajudes urgents als viticultors despr\u00e9s de patir les primeres gelades\">[+] <\/a><\/div>\n","protected":false},"author":12,"featured_media":220678,"comment_status":"open","ping_status":"open","sticky":false,"template":"","format":"standard","meta":{"footnotes":""},"categories":[10905,10898,10948,10894,10903,10947,10909,10896],"tags":[11309,11924,13399,10910],"class_list":["post-220679","post","type-post","status-publish","format-standard","has-post-thumbnail","category-agricultura-la-comarca-ca","category-ventana-ca","category-infraestructuras-ca","category-la-comarca-ca","category-medio-ambiente-la-comarca-ca","category-politica","category-requena-utiel-ca","category-seccion-ca","tag-agricultura-ca","tag-ava-asaja-ca","tag-heladas-ca","tag-requena-utiel-ca"],"_links":{"self":[{"href":"https:\/\/tucomarca.whitekongsoftware.com\/ca\/wp-json\/wp\/v2\/posts\/220679","targetHints":{"allow":["GET"]}}],"collection":[{"href":"https:\/\/tucomarca.whitekongsoftware.com\/ca\/wp-json\/wp\/v2\/posts"}],"about":[{"href":"https:\/\/tucomarca.whitekongsoftware.com\/ca\/wp-json\/wp\/v2\/types\/post"}],"author":[{"embeddable":true,"href":"https:\/\/tucomarca.whitekongsoftware.com\/ca\/wp-json\/wp\/v2\/users\/12"}],"replies":[{"embeddable":true,"href":"https:\/\/tucomarca.whitekongsoftware.com\/ca\/wp-json\/wp\/v2\/comments?post=220679"}],"version-history":[{"count":0,"href":"https:\/\/tucomarca.whitekongsoftware.com\/ca\/wp-json\/wp\/v2\/posts\/220679\/revisions"}],"wp:featuredmedia":[{"embeddable":true,"href":"https:\/\/tucomarca.whitekongsoftware.com\/ca\/wp-json\/wp\/v2\/media\/220678"}],"wp:attachment":[{"href":"https:\/\/tucomarca.whitekongsoftware.com\/ca\/wp-json\/wp\/v2\/media?parent=220679"}],"wp:term":[{"taxonomy":"category","embeddable":true,"href":"https:\/\/tucomarca.whitekongsoftware.com\/ca\/wp-json\/wp\/v2\/categories?post=220679"},{"taxonomy":"post_tag","embeddable":true,"href":"https:\/\/tucomarca.whitekongsoftware.com\/ca\/wp-json\/wp\/v2\/tags?post=220679"}],"curies":[{"name":"wp","href":"https:\/\/api.w.org\/{rel}","templated":true}]}}