{"id":220631,"date":"2024-04-26T09:00:00","date_gmt":"2024-04-26T07:00:00","guid":{"rendered":"https:\/\/www.tucomarca.com\/wordpress\/segunda\/?p=220631"},"modified":"2024-04-26T09:42:53","modified_gmt":"2024-04-26T07:42:53","slug":"el-litro-celebra-aquest-dissabte-el-seu-concert-homenatge-a-la-trajectoria-musical-de-la-seua-banda-simfonica","status":"publish","type":"post","link":"https:\/\/tucomarca.whitekongsoftware.com\/ca\/el-litro-celebra-aquest-dissabte-el-seu-concert-homenatge-a-la-trajectoria-musical-de-la-seua-banda-simfonica\/","title":{"rendered":"&#8216;El Litro&#8217; celebra aquest dissabte el seu concert Homenatge a la traject\u00f2ria musical de la seua Banda Simf\u00f2nica"},"content":{"rendered":"\n<p class=\"wp-block-paragraph\">Dissabte que ve, 27 d&#8217;abril, a les 19,00 hores, tindr\u00e0 lloc el Concert Homenatge a la Traject\u00f2ria Musical de la Banda Simf\u00f2nica del CIM &#8220;L&#8217;Harm\u00f2nica&#8221; de Bunyol en el Palau de la M\u00fasica, dirigit pel seu director titular, Sa\u00fcl G\u00f3mez Soler, i patrocinat per la Diputaci\u00f3 de Val\u00e8ncia en la seua campanya Excel\u2022lent d&#8217;ajudes a les societats musicals.<\/p>\n\n\n<div class=\"wp-block-image\">\n<figure class=\"alignleft size-large is-resized\"><img loading=\"lazy\" decoding=\"async\" width=\"724\" height=\"1024\" src=\"http:\/\/www.tucomarca.com\/wordpress\/segunda\/wp-content\/uploads\/2024\/04\/conciertoLitro-724x1024.jpg\" alt=\"\" class=\"wp-image-220624\" style=\"width:365px;height:auto\" srcset=\"https:\/\/tucomarca.whitekongsoftware.com\/wp-content\/uploads\/2024\/04\/conciertoLitro-724x1024.jpg 724w, https:\/\/tucomarca.whitekongsoftware.com\/wp-content\/uploads\/2024\/04\/conciertoLitro-212x300.jpg 212w, https:\/\/tucomarca.whitekongsoftware.com\/wp-content\/uploads\/2024\/04\/conciertoLitro-768x1086.jpg 768w, https:\/\/tucomarca.whitekongsoftware.com\/wp-content\/uploads\/2024\/04\/conciertoLitro.jpg 886w\" sizes=\"auto, (max-width: 724px) 100vw, 724px\" \/><\/figure>\n<\/div>\n\n\n<p class=\"wp-block-paragraph\">En aquest \u00fanic i entranyable concert es far\u00e0 un homenatge a la traject\u00f2ria musical dels m\u00fasics m\u00e9s veterans de la Banda Simf\u00f2nica. A m\u00e9s, el programa que es dur\u00e0 a terme \u00e9s el mateix que &#8220;El Litre&#8221; tocar\u00e0 en el Certamen Internacional de Bandes de M\u00fasica Ciutat de Val\u00e8ncia.<\/p>\n\n\n\n<p class=\"wp-block-paragraph\">El programa d&#8217;aquest concert compr\u00e9n les obres:<br><strong>L\u2019Arbre Blanc<\/strong>, de Pere Vicalet.<br><strong>El Jard\u00ed de les Hesp\u00e9rides<\/strong>, de Jos\u00e9 Su\u00f1er Oriola.<br><strong>Paso al Litro<\/strong>, de Roque Ba\u00f1os.<\/p>\n\n\n\n<p class=\"wp-block-paragraph\">La compra d&#8217;entrades anticipades es podr\u00e0 fer en la taquilla del Palau de la M\u00fasica, aquest divendres, 26 d&#8217;abril, de 19,00 a 20,00 hores.<\/p>\n","protected":false},"excerpt":{"rendered":"<div class=\"mh-excerpt\">Dissabte que ve, 27 d&#8217;abril, a les 19,00 hores, tindr\u00e0 lloc el Concert Homenatge a la Traject\u00f2ria Musical de la Banda Simf\u00f2nica del CIM &#8220;L&#8217;Harm\u00f2nica&#8221; de Bunyol en el Palau de la M\u00fasica, dirigit pel <a class=\"mh-excerpt-more\" href=\"https:\/\/tucomarca.whitekongsoftware.com\/ca\/el-litro-celebra-aquest-dissabte-el-seu-concert-homenatge-a-la-trajectoria-musical-de-la-seua-banda-simfonica\/\" title=\"&#8216;El Litro&#8217; celebra aquest dissabte el seu concert Homenatge a la traject\u00f2ria musical de la seua Banda Simf\u00f2nica\">[+] <\/a><\/div>\n","protected":false},"author":12,"featured_media":220625,"comment_status":"open","ping_status":"open","sticky":false,"template":"","format":"standard","meta":{"footnotes":""},"categories":[11019,10911,11005,10894,10912,11007,10896,10974],"tags":[10913,11209,10914],"class_list":["post-220631","post","type-post","status-publish","format-standard","has-post-thumbnail","category-agenda-ca","category-bunol-ca","category-canal-musica","category-la-comarca-ca","category-la-hoya-ca","category-ocio-y-cultura-ca","category-seccion-ca","category-cheste-ca","tag-bunol-ca","tag-cim-la-armonica-de-bunol-ca","tag-la-hoya-de-bunol-chiva-ca"],"_links":{"self":[{"href":"https:\/\/tucomarca.whitekongsoftware.com\/ca\/wp-json\/wp\/v2\/posts\/220631","targetHints":{"allow":["GET"]}}],"collection":[{"href":"https:\/\/tucomarca.whitekongsoftware.com\/ca\/wp-json\/wp\/v2\/posts"}],"about":[{"href":"https:\/\/tucomarca.whitekongsoftware.com\/ca\/wp-json\/wp\/v2\/types\/post"}],"author":[{"embeddable":true,"href":"https:\/\/tucomarca.whitekongsoftware.com\/ca\/wp-json\/wp\/v2\/users\/12"}],"replies":[{"embeddable":true,"href":"https:\/\/tucomarca.whitekongsoftware.com\/ca\/wp-json\/wp\/v2\/comments?post=220631"}],"version-history":[{"count":0,"href":"https:\/\/tucomarca.whitekongsoftware.com\/ca\/wp-json\/wp\/v2\/posts\/220631\/revisions"}],"wp:featuredmedia":[{"embeddable":true,"href":"https:\/\/tucomarca.whitekongsoftware.com\/ca\/wp-json\/wp\/v2\/media\/220625"}],"wp:attachment":[{"href":"https:\/\/tucomarca.whitekongsoftware.com\/ca\/wp-json\/wp\/v2\/media?parent=220631"}],"wp:term":[{"taxonomy":"category","embeddable":true,"href":"https:\/\/tucomarca.whitekongsoftware.com\/ca\/wp-json\/wp\/v2\/categories?post=220631"},{"taxonomy":"post_tag","embeddable":true,"href":"https:\/\/tucomarca.whitekongsoftware.com\/ca\/wp-json\/wp\/v2\/tags?post=220631"}],"curies":[{"name":"wp","href":"https:\/\/api.w.org\/{rel}","templated":true}]}}