{"id":220462,"date":"2024-04-24T09:01:00","date_gmt":"2024-04-24T07:01:00","guid":{"rendered":"https:\/\/www.tucomarca.com\/wordpress\/segunda\/?p=220462"},"modified":"2024-04-24T09:06:07","modified_gmt":"2024-04-24T07:06:07","slug":"el-diputat-de-cultura-paco-teruel-inaugura-a-utiel-lexposicio-itinerant-del-museu-letno-cronica-de-la-gran-guerra-larxiu-de-tanger","status":"publish","type":"post","link":"https:\/\/tucomarca.whitekongsoftware.com\/ca\/el-diputat-de-cultura-paco-teruel-inaugura-a-utiel-lexposicio-itinerant-del-museu-letno-cronica-de-la-gran-guerra-larxiu-de-tanger\/","title":{"rendered":"El Diputat de Cultura, Paco Teruel, inaugura a Utiel l&#8217;exposici\u00f3 itinerant del museu L\u2019ETNO \u201cCr\u00f2nica de la Gran Guerra. L&#8217;arxiu de T\u00e0nger\u201d\u00a0"},"content":{"rendered":"\n<p class=\"wp-block-paragraph\">El Diputat de Cultura, Paco Teruel, acompanyat de l&#8217;alcalde d&#8217;Utiel, Ricardo Gabald\u00f3n i el director del Museu Valenci\u00e0 d&#8217;Etnologia L\u2019Etno, Joan Segu\u00ed inauguraven, divendres passat, l&#8217;exposici\u00f3 fotogr\u00e0fica \u201cCr\u00f2nica de la Gran Guerra. L&#8217;arxiu de T\u00e0nger\u201d.<\/p>\n\n\n\n<p class=\"wp-block-paragraph\">Una mostra itinerant del Museu Valenci\u00e0 d&#8217;Etnologia que fa parada a Utiel amb un interessant arxiu compost per valuoses imatges de la col\u00b7lecci\u00f3 b\u00e8l\u00b7lica de la Casa de la Imatge a Logronyo dedicades a la I Guerra Mundial.<\/p>\n\n\n\n<p class=\"wp-block-paragraph\">A l&#8217;acte assistia la regidora de Cultura, representants de la corporaci\u00f3, aix\u00ed com membres d&#8217;entitats i associacions del municipi que van poder con\u00e9ixer , a trav\u00e9s de la visita guiada amb els t\u00e8cnics, la hist\u00f2ria d&#8217;eixes instant\u00e0nies que narren el periple d&#8217;un oficial pel front deixant const\u00e0ncia de moment viscuts en la contesa aix\u00ed com durant l&#8217;etapa de postguerra.<\/p>\n\n\n\n<p class=\"wp-block-paragraph\">L&#8217;exposici\u00f3 alberga 50 imatges seleccionades de les prop de 500 fotografies que componen la col\u00b7lecci\u00f3 hist\u00f2rica i pot visitar-se a la sala d&#8217;exposicions de la Casa de Cultura fins al pr\u00f2xim 14 de maig.<\/p>\n","protected":false},"excerpt":{"rendered":"<div class=\"mh-excerpt\">El Diputat de Cultura, Paco Teruel, acompanyat de l&#8217;alcalde d&#8217;Utiel, Ricardo Gabald\u00f3n i el director del Museu Valenci\u00e0 d&#8217;Etnologia L\u2019Etno, Joan Segu\u00ed inauguraven, divendres passat, l&#8217;exposici\u00f3 fotogr\u00e0fica \u201cCr\u00f2nica de la Gran Guerra. L&#8217;arxiu de T\u00e0nger\u201d. <a class=\"mh-excerpt-more\" href=\"https:\/\/tucomarca.whitekongsoftware.com\/ca\/el-diputat-de-cultura-paco-teruel-inaugura-a-utiel-lexposicio-itinerant-del-museu-letno-cronica-de-la-gran-guerra-larxiu-de-tanger\/\" title=\"El Diputat de Cultura, Paco Teruel, inaugura a Utiel l&#8217;exposici\u00f3 itinerant del museu L\u2019ETNO \u201cCr\u00f2nica de la Gran Guerra. L&#8217;arxiu de T\u00e0nger\u201d\u00a0\">[+] <\/a><\/div>\n","protected":false},"author":12,"featured_media":220461,"comment_status":"open","ping_status":"open","sticky":false,"template":"","format":"standard","meta":{"footnotes":""},"categories":[10948,10894,10904,11007,10909,10896,11059],"tags":[20474,10910,11174],"class_list":["post-220462","post","type-post","status-publish","format-standard","has-post-thumbnail","category-infraestructuras-ca","category-la-comarca-ca","category-sin-categorizar-ca","category-ocio-y-cultura-ca","category-requena-utiel-ca","category-seccion-ca","category-utiel-ca","tag-letno-ca","tag-requena-utiel-ca","tag-utiel-ca"],"_links":{"self":[{"href":"https:\/\/tucomarca.whitekongsoftware.com\/ca\/wp-json\/wp\/v2\/posts\/220462","targetHints":{"allow":["GET"]}}],"collection":[{"href":"https:\/\/tucomarca.whitekongsoftware.com\/ca\/wp-json\/wp\/v2\/posts"}],"about":[{"href":"https:\/\/tucomarca.whitekongsoftware.com\/ca\/wp-json\/wp\/v2\/types\/post"}],"author":[{"embeddable":true,"href":"https:\/\/tucomarca.whitekongsoftware.com\/ca\/wp-json\/wp\/v2\/users\/12"}],"replies":[{"embeddable":true,"href":"https:\/\/tucomarca.whitekongsoftware.com\/ca\/wp-json\/wp\/v2\/comments?post=220462"}],"version-history":[{"count":0,"href":"https:\/\/tucomarca.whitekongsoftware.com\/ca\/wp-json\/wp\/v2\/posts\/220462\/revisions"}],"wp:featuredmedia":[{"embeddable":true,"href":"https:\/\/tucomarca.whitekongsoftware.com\/ca\/wp-json\/wp\/v2\/media\/220461"}],"wp:attachment":[{"href":"https:\/\/tucomarca.whitekongsoftware.com\/ca\/wp-json\/wp\/v2\/media?parent=220462"}],"wp:term":[{"taxonomy":"category","embeddable":true,"href":"https:\/\/tucomarca.whitekongsoftware.com\/ca\/wp-json\/wp\/v2\/categories?post=220462"},{"taxonomy":"post_tag","embeddable":true,"href":"https:\/\/tucomarca.whitekongsoftware.com\/ca\/wp-json\/wp\/v2\/tags?post=220462"}],"curies":[{"name":"wp","href":"https:\/\/api.w.org\/{rel}","templated":true}]}}