{"id":220423,"date":"2024-04-23T10:30:00","date_gmt":"2024-04-23T08:30:00","guid":{"rendered":"https:\/\/www.tucomarca.com\/wordpress\/segunda\/?p=220423"},"modified":"2024-04-23T20:22:55","modified_gmt":"2024-04-23T18:22:55","slug":"mompo-els-avancos-socials-i-economics-en-els-municipis-de-la-foia-han-de-ser-la-nostra-carta-de-presentacio-en-2027","status":"publish","type":"post","link":"https:\/\/tucomarca.whitekongsoftware.com\/ca\/mompo-els-avancos-socials-i-economics-en-els-municipis-de-la-foia-han-de-ser-la-nostra-carta-de-presentacio-en-2027\/","title":{"rendered":"Momp\u00f3: \u201cels avan\u00e7os socials i econ\u00f2mics en els municipis de La Foia han de ser la nostra carta de presentaci\u00f3 en 2027\u201d"},"content":{"rendered":"\n<h3 class=\"wp-block-heading\">El president del PP provincial, Vicent Momp\u00f3, es reuneix a Godelleta amb l&#8217;adre\u00e7a comarcal en el marc del recorregut que est\u00e0 fent per la prov\u00edncia per a \u201ccoordinar el treball de totes les comarques\u201d.<\/h3>\n\n\n\n<p class=\"wp-block-paragraph\">El president del PP de la prov\u00edncia de Val\u00e8ncia, Vicent Momp\u00f3, ha animat al PP de la Foia de Bunyol-Xiva a \u201ctenyir la comarca de blava\u201d. \u201cJa est\u00e0 quasi, el resultat en 2023 va ser molt bo; per\u00f2 cal continuar demostrant el que som capa\u00e7os de fer pels nostres pobles per a acabar d&#8217;acolorir el que queda\u201d, ha esgrimit Momp\u00f3.<\/p>\n\n\n\n<p class=\"wp-block-paragraph\">En la mateixa l\u00ednia, ha destacat que \u201ccal continuar millorant la qualitat de vida dels nostres ve\u00efns i mantenint vius els nostres pobles\u201d. <\/p>\n\n\n\n<p class=\"wp-block-paragraph\">\u201c\u00c9s la prioritat\u201d, ha recalcat. A m\u00e9s, ha argumentat, \u201cels avan\u00e7os socials i econ\u00f2mics en els nostres municipis han de ser la nostra carta de presentaci\u00f3 en 2027 i nom\u00e9s si aquesta carta est\u00e0 a l&#8217;altura de les expectatives de la ciutadania, s\u00e9 que aix\u00ed ser\u00e0, complirem els nostres objectius\u201d.<br><br>En aquest sentit, ha instat a tots els c\u00e0rrecs i militants de la comarca \u201ca treballar amb il\u00b7lusi\u00f3 i amb els peus en el s\u00f2l\u201d. <\/p>\n\n\n\n<figure class=\"wp-block-image size-large\"><img loading=\"lazy\" decoding=\"async\" width=\"1024\" height=\"682\" src=\"http:\/\/www.tucomarca.com\/wordpress\/segunda\/wp-content\/uploads\/2024\/04\/PPHoya-1024x682.jpg\" alt=\"\" class=\"wp-image-220418\" srcset=\"https:\/\/tucomarca.whitekongsoftware.com\/wp-content\/uploads\/2024\/04\/PPHoya-1024x682.jpg 1024w, https:\/\/tucomarca.whitekongsoftware.com\/wp-content\/uploads\/2024\/04\/PPHoya-300x200.jpg 300w, https:\/\/tucomarca.whitekongsoftware.com\/wp-content\/uploads\/2024\/04\/PPHoya-768x512.jpg 768w, https:\/\/tucomarca.whitekongsoftware.com\/wp-content\/uploads\/2024\/04\/PPHoya.jpg 1181w\" sizes=\"auto, (max-width: 1024px) 100vw, 1024px\" \/><\/figure>\n\n\n\n<p class=\"wp-block-paragraph\">\u201cEn aquest projecte per a fer progressar els nostres pobles, la comarca i la prov\u00edncia tots som \u00fatils\u201d, ha assegurat en la reuni\u00f3 de la direcci\u00f3 comarcal, liderada per Paco Villalba i l&#8217;alcaldessa de Godelleta, Amparo Pardo, i a la \u00a0que tamb\u00e9 ha assistit el coordinador general del PP de la prov\u00edncia de Val\u00e8ncia, Carlos Gil. Momp\u00f3 est\u00e0 realitzant aquestes trobades amb totes les comarques despr\u00e9s que el Comit\u00e9 Executiu provincial del passat 12 de gener nomenara les direccions comarcals.<\/p>\n","protected":false},"excerpt":{"rendered":"<div class=\"mh-excerpt\">El president del PP provincial, Vicent Momp\u00f3, es reuneix a Godelleta amb l&#8217;adre\u00e7a comarcal en el marc del recorregut que est\u00e0 fent per la prov\u00edncia per a \u201ccoordinar el treball de totes les comarques\u201d. El <a class=\"mh-excerpt-more\" href=\"https:\/\/tucomarca.whitekongsoftware.com\/ca\/mompo-els-avancos-socials-i-economics-en-els-municipis-de-la-foia-han-de-ser-la-nostra-carta-de-presentacio-en-2027\/\" title=\"Momp\u00f3: \u201cels avan\u00e7os socials i econ\u00f2mics en els municipis de La Foia han de ser la nostra carta de presentaci\u00f3 en 2027\u201d\">[+] <\/a><\/div>\n","protected":false},"author":12,"featured_media":220421,"comment_status":"open","ping_status":"open","sticky":false,"template":"","format":"image","meta":{"footnotes":""},"categories":[10973,10911,10976,10898,10993,10977,10980,10894,10912,10978,10947,10896,10979,10974,10975],"tags":[11087,10914,20560],"class_list":["post-220423","post","type-post","status-publish","format-image","has-post-thumbnail","category-alborache-ca","category-bunol-ca","category-dos-aguas-ca","category-ventana-ca","category-gavarda-ca","category-godelleta-ca","category-yatova-ca","category-la-comarca-ca","category-la-hoya-ca","category-macastre-ca","category-politica","category-seccion-ca","category-siete-aguas-ca","category-cheste-ca","category-chiva-ca","tag-godelleta-ca","tag-la-hoya-de-bunol-chiva-ca","tag-pp-la-hoya-ca","post_format-post-format-image"],"_links":{"self":[{"href":"https:\/\/tucomarca.whitekongsoftware.com\/ca\/wp-json\/wp\/v2\/posts\/220423","targetHints":{"allow":["GET"]}}],"collection":[{"href":"https:\/\/tucomarca.whitekongsoftware.com\/ca\/wp-json\/wp\/v2\/posts"}],"about":[{"href":"https:\/\/tucomarca.whitekongsoftware.com\/ca\/wp-json\/wp\/v2\/types\/post"}],"author":[{"embeddable":true,"href":"https:\/\/tucomarca.whitekongsoftware.com\/ca\/wp-json\/wp\/v2\/users\/12"}],"replies":[{"embeddable":true,"href":"https:\/\/tucomarca.whitekongsoftware.com\/ca\/wp-json\/wp\/v2\/comments?post=220423"}],"version-history":[{"count":0,"href":"https:\/\/tucomarca.whitekongsoftware.com\/ca\/wp-json\/wp\/v2\/posts\/220423\/revisions"}],"wp:featuredmedia":[{"embeddable":true,"href":"https:\/\/tucomarca.whitekongsoftware.com\/ca\/wp-json\/wp\/v2\/media\/220421"}],"wp:attachment":[{"href":"https:\/\/tucomarca.whitekongsoftware.com\/ca\/wp-json\/wp\/v2\/media?parent=220423"}],"wp:term":[{"taxonomy":"category","embeddable":true,"href":"https:\/\/tucomarca.whitekongsoftware.com\/ca\/wp-json\/wp\/v2\/categories?post=220423"},{"taxonomy":"post_tag","embeddable":true,"href":"https:\/\/tucomarca.whitekongsoftware.com\/ca\/wp-json\/wp\/v2\/tags?post=220423"}],"curies":[{"name":"wp","href":"https:\/\/api.w.org\/{rel}","templated":true}]}}