{"id":220399,"date":"2024-04-23T08:15:00","date_gmt":"2024-04-23T06:15:00","guid":{"rendered":"https:\/\/www.tucomarca.com\/wordpress\/segunda\/?p=220399"},"modified":"2024-04-23T19:33:57","modified_gmt":"2024-04-23T17:33:57","slug":"la-diputacio-de-valencia-celebra-el-dia-del-llibre-difonent-lunic-fragment-manuscrit-conegut-que-es-conserva-del-tirant-lo-blanch","status":"publish","type":"post","link":"https:\/\/tucomarca.whitekongsoftware.com\/ca\/la-diputacio-de-valencia-celebra-el-dia-del-llibre-difonent-lunic-fragment-manuscrit-conegut-que-es-conserva-del-tirant-lo-blanch\/","title":{"rendered":"La Diputaci\u00f3 de Val\u00e8ncia celebra el Dia del Llibre difonent l&#8217;\u00fanic fragment manuscrit conegut que es conserva del Tirant lo Blanch"},"content":{"rendered":"\n<h3 class=\"wp-block-heading\">L&#8217;Arxiu General i Fotogr\u00e0fic de la corporaci\u00f3 provincial guarda el document que va ser descobert per l&#8217;investigador Jaume J. Chiner entre els fons procedents de l&#8217;Arxiu de la Duquessa d&#8217;Almod\u00f3var<\/h3>\n\n\n\n<p class=\"wp-block-paragraph\">La Diputaci\u00f3 de Val\u00e8ncia, a trav\u00e9s de l&#8217;\u00e0rea d&#8217;Administraci\u00f3 General que dirigix el diputat Ricardo Gabald\u00f3n, s&#8217;ha sumat a les celebracions pel Dia Internacional del Llibre difonent imatges d&#8217;un dels documents m\u00e9s especials que conserva en el seu Arxiu General i Fotogr\u00e0fic. Es tracta de l&#8217;\u00fanic fragment manuscrit conegut en el m\u00f3n de la novel\u00b7la de cavalleria Tirant lo Blanch de Joanot Martorell, ja que no s&#8217;ha conservat cap manuscrit de l&#8217;obra.<\/p>\n\n\n\n<p class=\"wp-block-paragraph\">El contingut de l&#8217;\u00fanic testimoniatge de la tradici\u00f3 manuscrita de Tirant lo Blanch, que va ser descobert a principis dels anys 90 per Jaume J. Chiner en el fons Duquessa d&#8217;Almod\u00f3var, correspon a una part dels cap\u00edtols 407 i 408, \u00e9s a dir, quasi de l&#8217;\u00faltima part de la novel\u00b7la.<\/p>\n\n\n\n<p class=\"wp-block-paragraph\">En paraules del diputat Ricardo Gabald\u00f3n, \u201ceste descobriment posa una vegada m\u00e9s de manifest el valor hist\u00f2ric i patrimonial dels fons que conserva la Diputaci\u00f3, no sols a nivell art\u00edstic, amb obres de grans figures com Sorolla, Benlliure i Pinazo, sin\u00f3 tamb\u00e9 quant a material fotogr\u00e0fic i documents, molts d&#8217;ells de col\u00b7leccions privades que han sigut donades a la instituci\u00f3 per a la seua conservaci\u00f3 i difusi\u00f3\u201d.<\/p>\n\n\n\n<figure class=\"wp-block-gallery has-nested-images columns-default is-cropped wp-block-gallery-1 is-layout-flex wp-block-gallery-is-layout-flex\">\n<figure class=\"wp-block-image size-large\"><img loading=\"lazy\" decoding=\"async\" width=\"760\" height=\"1024\" data-id=\"220392\" src=\"https:\/\/www.tucomarca.com\/wordpress\/segunda\/wp-content\/uploads\/2024\/04\/DipuHojaTirant_1-760x1024.jpg\" alt=\"\" class=\"wp-image-220392\" srcset=\"https:\/\/tucomarca.whitekongsoftware.com\/wp-content\/uploads\/2024\/04\/DipuHojaTirant_1-760x1024.jpg 760w, https:\/\/tucomarca.whitekongsoftware.com\/wp-content\/uploads\/2024\/04\/DipuHojaTirant_1-223x300.jpg 223w, https:\/\/tucomarca.whitekongsoftware.com\/wp-content\/uploads\/2024\/04\/DipuHojaTirant_1-768x1034.jpg 768w, https:\/\/tucomarca.whitekongsoftware.com\/wp-content\/uploads\/2024\/04\/DipuHojaTirant_1.jpg 886w\" sizes=\"auto, (max-width: 760px) 100vw, 760px\" \/><\/figure>\n\n\n\n<figure class=\"wp-block-image size-large\"><img loading=\"lazy\" decoding=\"async\" width=\"780\" height=\"1024\" data-id=\"220396\" src=\"http:\/\/www.tucomarca.com\/wordpress\/segunda\/wp-content\/uploads\/2024\/04\/DipuRicardoGabaldon-780x1024.jpg\" alt=\"\" class=\"wp-image-220396\" srcset=\"https:\/\/tucomarca.whitekongsoftware.com\/wp-content\/uploads\/2024\/04\/DipuRicardoGabaldon-780x1024.jpg 780w, https:\/\/tucomarca.whitekongsoftware.com\/wp-content\/uploads\/2024\/04\/DipuRicardoGabaldon-229x300.jpg 229w, https:\/\/tucomarca.whitekongsoftware.com\/wp-content\/uploads\/2024\/04\/DipuRicardoGabaldon-768x1008.jpg 768w, https:\/\/tucomarca.whitekongsoftware.com\/wp-content\/uploads\/2024\/04\/DipuRicardoGabaldon.jpg 886w\" sizes=\"auto, (max-width: 780px) 100vw, 780px\" \/><\/figure>\n<\/figure>\n\n\n\n<p class=\"wp-block-paragraph\">El m\u00e9s curi\u00f3s \u00e9s que el full manuscrit va ser utilitzat com a guarda d&#8217;un plet del segle XV. El full va ser arrancat del manuscrit per a reutilitzar-lo, plegat per la mitat, com a carpeta per a protegir els documents d&#8217;un proc\u00e9s judicial que va tindre lloc en 1454 relacionat amb la fam\u00edlia Loris (Isabel de Loris \u00e9s citada en el colof\u00f3 del Tirant). Cal tindre en compte que la primera edici\u00f3 de l&#8217;obra es va realitzar a Val\u00e8ncia en 1490, i este fragment manuscrit es pot datar amb anterioritat a eixa any.<\/p>\n\n\n\n<p class=\"wp-block-paragraph\">L&#8217;Arxiu de la Duquessa d&#8217;Almod\u00f3var compr\u00e9n aproximadament 700 unitats d&#8217;instal\u00b7laci\u00f3 (caixes i volums) i abasta des del segle XIII fins a principis del segle XIX, d&#8217;ac\u00ed la dificultat de trobar el preuat document.<\/p>\n\n\n\n<p class=\"wp-block-paragraph\">Per a explicar com han acabat els fons de la Duquessa d&#8217;Almod\u00f3var en l&#8217;Arxiu de la instituci\u00f3 provincial, cal remuntar-se al testament de l&#8217;\u00faltima duquessa d&#8217;Almod\u00f3var, escrit en 1804 i en el qual donya Josefa Dominga Catal\u00e1 de Valeriola y Luj\u00e1n nomena executors testamentaris i, despr\u00e9s d&#8217;uns llegats, disposa que amb el restant nomene hereua a la seua \u00e0nima i en sufragi d&#8217;esta, ordenant que els seus b\u00e9ns o el producte dels quals es vengueren, es distribu\u00efsca entre pobres orfes d&#8217;un i un altre sexe que estigueren en estat de contraure matrimoni i siguen d&#8217;honestos costums i que foren vassalls seus.<\/p>\n\n\n\n<p class=\"wp-block-paragraph\">Morta la duquessa en 1813, es va organitzar la testament\u00e0r\u00eda per a executar el seu testament i ho va fer aut\u00f2nomament fins que la Llei de Benefic\u00e8ncia de 20 de juny de 1849 crea les Juntes provincials de Benefic\u00e8ncia, que tenien al seu c\u00e0rrec, com a auxiliars del Govern, els Establiments Provincials de Benefic\u00e8ncia. Quan van ser suprimits, el 17 de desembre de 1868, totes les funcions directives i administratives que exercien van ser assumides per les Diputacions Provincials, passant a estes els fons documentals i efectes de les Juntes Provincials.<\/p>\n\n\n\n<p class=\"wp-block-paragraph\"><strong>Difusi\u00f3 del fragment manuscrit<\/strong><\/p>\n\n\n\n<p class=\"wp-block-paragraph\">L&#8217;investigador Jaume J. Chiner va donar a con\u00e9ixer la fulla manuscrita en les seues publicacions \u2018El viure novel\u00b7lesc. Biografia de Joanot Martorell\u2019 (1993) i \u2018Entorn d&#8217;una fulla manuscrita del Tirant lo Blanch\u2019 (1997). Arran del descobriment, la Universitat d&#8217;Alacant va sol\u00b7licitar la digitalitzaci\u00f3 del manuscrit per al seu projecte de la \u2018Biblioteca d\u2019obra Tirant lo Blanch\u2019, en el marc del Congr\u00e9s Internacional de l&#8217;Associaci\u00f3 Hisp\u00e0nica de Literatura Medieval, organitzat pel Institut Interuniversitari de Filologia Valenciana al setembre de 2003.<\/p>\n\n\n\n<p class=\"wp-block-paragraph\">Anys m\u00e9s tard, la televisi\u00f3 auton\u00f2mica Canal 9 va realitzar el documental \u2018Joanot i Tirant, Lletres i Batalles\u2019, amb motiu del sis\u00e9 centenari del naixement de l&#8217;escriptor. Tamb\u00e9, la Direcci\u00f3 General del Llibre, Arxius i Biblioteques va sol\u00b7licitar la cessi\u00f3 temporal de la fulla manuscrita per a l&#8217;exposici\u00f3 produ\u00efda per la Biblioteca Valenciana Nicolau Primitiu, en col\u00b7laboraci\u00f3 amb la Biblioteca Virtual Miguel de Cervantes, per a commemorar el 520 aniversari de la publicaci\u00f3 del Tirant lo Blanch (1490-2010).<\/p>\n","protected":false},"excerpt":{"rendered":"<div class=\"mh-excerpt\">L&#8217;Arxiu General i Fotogr\u00e0fic de la corporaci\u00f3 provincial guarda el document que va ser descobert per l&#8217;investigador Jaume J. Chiner entre els fons procedents de l&#8217;Arxiu de la Duquessa d&#8217;Almod\u00f3var La Diputaci\u00f3 de Val\u00e8ncia, a <a class=\"mh-excerpt-more\" href=\"https:\/\/tucomarca.whitekongsoftware.com\/ca\/la-diputacio-de-valencia-celebra-el-dia-del-llibre-difonent-lunic-fragment-manuscrit-conegut-que-es-conserva-del-tirant-lo-blanch\/\" title=\"La Diputaci\u00f3 de Val\u00e8ncia celebra el Dia del Llibre difonent l&#8217;\u00fanic fragment manuscrit conegut que es conserva del Tirant lo Blanch\">[+] <\/a><\/div>\n","protected":false},"author":12,"featured_media":220395,"comment_status":"open","ping_status":"open","sticky":false,"template":"","format":"gallery","meta":{"footnotes":""},"categories":[10898,10894,10904,11007,10909,10896,11059],"tags":[12007,11246,20559],"class_list":["post-220399","post","type-post","status-publish","format-gallery","has-post-thumbnail","category-ventana-ca","category-la-comarca-ca","category-sin-categorizar-ca","category-ocio-y-cultura-ca","category-requena-utiel-ca","category-seccion-ca","category-utiel-ca","tag-dia-del-libro-ca","tag-diputacio-de-valencia-ca","tag-tirant-lo-blanch-ca","post_format-post-format-gallery"],"_links":{"self":[{"href":"https:\/\/tucomarca.whitekongsoftware.com\/ca\/wp-json\/wp\/v2\/posts\/220399","targetHints":{"allow":["GET"]}}],"collection":[{"href":"https:\/\/tucomarca.whitekongsoftware.com\/ca\/wp-json\/wp\/v2\/posts"}],"about":[{"href":"https:\/\/tucomarca.whitekongsoftware.com\/ca\/wp-json\/wp\/v2\/types\/post"}],"author":[{"embeddable":true,"href":"https:\/\/tucomarca.whitekongsoftware.com\/ca\/wp-json\/wp\/v2\/users\/12"}],"replies":[{"embeddable":true,"href":"https:\/\/tucomarca.whitekongsoftware.com\/ca\/wp-json\/wp\/v2\/comments?post=220399"}],"version-history":[{"count":0,"href":"https:\/\/tucomarca.whitekongsoftware.com\/ca\/wp-json\/wp\/v2\/posts\/220399\/revisions"}],"wp:featuredmedia":[{"embeddable":true,"href":"https:\/\/tucomarca.whitekongsoftware.com\/ca\/wp-json\/wp\/v2\/media\/220395"}],"wp:attachment":[{"href":"https:\/\/tucomarca.whitekongsoftware.com\/ca\/wp-json\/wp\/v2\/media?parent=220399"}],"wp:term":[{"taxonomy":"category","embeddable":true,"href":"https:\/\/tucomarca.whitekongsoftware.com\/ca\/wp-json\/wp\/v2\/categories?post=220399"},{"taxonomy":"post_tag","embeddable":true,"href":"https:\/\/tucomarca.whitekongsoftware.com\/ca\/wp-json\/wp\/v2\/tags?post=220399"}],"curies":[{"name":"wp","href":"https:\/\/api.w.org\/{rel}","templated":true}]}}