{"id":220303,"date":"2024-04-23T11:00:00","date_gmt":"2024-04-23T09:00:00","guid":{"rendered":"https:\/\/www.tucomarca.com\/wordpress\/segunda\/?p=220303"},"modified":"2024-04-23T11:47:50","modified_gmt":"2024-04-23T09:47:50","slug":"detingudes-cinc-persones-en-la-foia-per-intentar-el-matrimoni-forcat-duna-menor-i-per-maltractaments-a-una-altra","status":"publish","type":"post","link":"https:\/\/tucomarca.whitekongsoftware.com\/ca\/detingudes-cinc-persones-en-la-foia-per-intentar-el-matrimoni-forcat-duna-menor-i-per-maltractaments-a-una-altra\/","title":{"rendered":"Detingudes cinc persones en La Foia de Bunyol-Xiva per intentar el matrimoni for\u00e7at d&#8217;una menor i per maltractaments a una altra"},"content":{"rendered":"\n<h3 class=\"wp-block-heading\">Les dues menors van acudir a la seua orientadora indicant que tenien por de tornar al seu domicili, ja que deien ser maltractades.<\/h3>\n\n\n\n<h3 class=\"wp-block-heading\">Una d&#8217;elles anava a ser enviada a un pa\u00eds de l&#8217;Est per a ser casada contra la seua voluntat.<\/h3>\n\n\n\n<p class=\"wp-block-paragraph\">La Gu\u00e0rdia Civil ha detingut a cinc persones pels presumptes delictes de matrimoni for\u00e7at i maltractaments en l&#8217;\u00e0mbit dom\u00e8stic. Les dues menors van acudir a la seua orientadora explicant que tenien por de tornar als seus domicilis ja que estaven sent maltractades. Aix\u00ed mateix, una de les menors va manifestar que anava a ser enviada a Bulg\u00e0ria per a ser casada en contra de la seua voluntat.<\/p>\n\n\n\n<p class=\"wp-block-paragraph\">Els fets van tindre lloc a la fi del mes de mar\u00e7, quan l&#8217;orientadora d&#8217;un centre escolar de la Comarca de la Foia de Bunyol-Xiva va acudir a presentar una den\u00fancia davant la Gu\u00e0rdia Civil en la qual explicava que dues menors escolaritzades en el centre afirmaven tindre por de tornar als seus respectius domicilis familiars, ja que ambdues deien ser maltractades tant f\u00edsica com psicol\u00f2gicament pels seus pares de manera cont\u00ednua. A m\u00e9s, una d&#8217;elles anava a ser enviada a un pa\u00eds de l&#8217;Est de manera immediata per a ser casada contra la seua voluntat.\u00a0<\/p>\n\n\n\n<p class=\"wp-block-paragraph\">Les menors van comunicar a la seua orientadora la intenci\u00f3 d&#8217;escapolir-se de les seues cases per a fugir de la situaci\u00f3. Tamb\u00e9 afirmaven viure en condicions d&#8217;insalubritat, passant fam i que estaven sent obligades a fer tasques dom\u00e8stiques, cuidar dels xiquets xicotets i anar di\u00e0riament per aigua, ja que l&#8217;habitatge mancava de subministrament d&#8217;aigua i electricitat, i tampoc tenien roba d&#8217;abric.\u00a0<\/p>\n\n\n\n<p class=\"wp-block-paragraph\">Les menors eren sotmeses a insults constants i reiterats, sent agredides cont\u00ednuament pels seus pares.<br>Davant la gravetat dels fets, els agents van actuar r\u00e0pidament per a evitar que les menors tornaren als seus domicilis, comptant amb l&#8217;ajuda dels Serveis Socials de la localitat. En veure la situaci\u00f3 en la qual es trobaven les v\u00edctimes, es va considerar que les menors es trobaven en una situaci\u00f3 de desemparament, per la qual cosa es va sol\u00b7licitar a Fiscalia de Menors de Val\u00e8ncia l&#8217;adopci\u00f3 de mesures urgents per a l&#8217;ingr\u00e9s en un centre com a mesura de protecci\u00f3.<\/p>\n\n\n\n<figure class=\"wp-block-image size-large\"><img loading=\"lazy\" decoding=\"async\" width=\"1024\" height=\"576\" src=\"http:\/\/www.tucomarca.com\/wordpress\/segunda\/wp-content\/uploads\/2024\/04\/MatrimonioForzosoGC2-1024x576.jpg\" alt=\"\" class=\"wp-image-220300\" srcset=\"https:\/\/tucomarca.whitekongsoftware.com\/wp-content\/uploads\/2024\/04\/MatrimonioForzosoGC2-1024x576.jpg 1024w, https:\/\/tucomarca.whitekongsoftware.com\/wp-content\/uploads\/2024\/04\/MatrimonioForzosoGC2-300x169.jpg 300w, https:\/\/tucomarca.whitekongsoftware.com\/wp-content\/uploads\/2024\/04\/MatrimonioForzosoGC2-768x432.jpg 768w, https:\/\/tucomarca.whitekongsoftware.com\/wp-content\/uploads\/2024\/04\/MatrimonioForzosoGC2-1536x864.jpg 1536w, https:\/\/tucomarca.whitekongsoftware.com\/wp-content\/uploads\/2024\/04\/MatrimonioForzosoGC2-678x381.jpg 678w, https:\/\/tucomarca.whitekongsoftware.com\/wp-content\/uploads\/2024\/04\/MatrimonioForzosoGC2.jpg 1920w\" sizes=\"auto, (max-width: 1024px) 100vw, 1024px\" \/><\/figure>\n\n\n\n<p class=\"wp-block-paragraph\">Una vegada assegurat el benestar de les menors, els agents van procedir amb les labors d&#8217;investigaci\u00f3 dirigides a la detenci\u00f3 i localitzaci\u00f3 dels presumptes autors. En total es va detindre a cinc persones, tres homes i dues dones, entre els 20 i els 44 anys, als qui se&#8217;ls atribueixen els delictes de matrimoni for\u00e7at i delictes de maltractaments en l&#8217;\u00e0mbit dom\u00e8stic.\u00a0<\/p>\n\n\n\n<p class=\"wp-block-paragraph\">Les dilig\u00e8ncies han sigut entregades en el Jutjat de Primera Inst\u00e0ncia i Instrucci\u00f3 N\u00famero 3 de Requena.<\/p>\n","protected":false},"excerpt":{"rendered":"<div class=\"mh-excerpt\">Les dues menors van acudir a la seua orientadora indicant que tenien por de tornar al seu domicili, ja que deien ser maltractades. Una d&#8217;elles anava a ser enviada a un pa\u00eds de l&#8217;Est per <a class=\"mh-excerpt-more\" href=\"https:\/\/tucomarca.whitekongsoftware.com\/ca\/detingudes-cinc-persones-en-la-foia-per-intentar-el-matrimoni-forcat-duna-menor-i-per-maltractaments-a-una-altra\/\" title=\"Detingudes cinc persones en La Foia de Bunyol-Xiva per intentar el matrimoni for\u00e7at d&#8217;una menor i per maltractaments a una altra\">[+] <\/a><\/div>\n","protected":false},"author":1,"featured_media":220299,"comment_status":"open","ping_status":"open","sticky":false,"template":"","format":"image","meta":{"footnotes":""},"categories":[10898,10948,10894,10904,10912,10896,10897],"tags":[12920,11118,10914],"class_list":["post-220303","post","type-post","status-publish","format-image","has-post-thumbnail","category-ventana-ca","category-infraestructuras-ca","category-la-comarca-ca","category-sin-categorizar-ca","category-la-hoya-ca","category-seccion-ca","category-sucesos-la-comarca-ca","tag-detenidos-ca","tag-guardia-civil-ca","tag-la-hoya-de-bunol-chiva-ca","post_format-post-format-image"],"_links":{"self":[{"href":"https:\/\/tucomarca.whitekongsoftware.com\/ca\/wp-json\/wp\/v2\/posts\/220303","targetHints":{"allow":["GET"]}}],"collection":[{"href":"https:\/\/tucomarca.whitekongsoftware.com\/ca\/wp-json\/wp\/v2\/posts"}],"about":[{"href":"https:\/\/tucomarca.whitekongsoftware.com\/ca\/wp-json\/wp\/v2\/types\/post"}],"author":[{"embeddable":true,"href":"https:\/\/tucomarca.whitekongsoftware.com\/ca\/wp-json\/wp\/v2\/users\/1"}],"replies":[{"embeddable":true,"href":"https:\/\/tucomarca.whitekongsoftware.com\/ca\/wp-json\/wp\/v2\/comments?post=220303"}],"version-history":[{"count":0,"href":"https:\/\/tucomarca.whitekongsoftware.com\/ca\/wp-json\/wp\/v2\/posts\/220303\/revisions"}],"wp:featuredmedia":[{"embeddable":true,"href":"https:\/\/tucomarca.whitekongsoftware.com\/ca\/wp-json\/wp\/v2\/media\/220299"}],"wp:attachment":[{"href":"https:\/\/tucomarca.whitekongsoftware.com\/ca\/wp-json\/wp\/v2\/media?parent=220303"}],"wp:term":[{"taxonomy":"category","embeddable":true,"href":"https:\/\/tucomarca.whitekongsoftware.com\/ca\/wp-json\/wp\/v2\/categories?post=220303"},{"taxonomy":"post_tag","embeddable":true,"href":"https:\/\/tucomarca.whitekongsoftware.com\/ca\/wp-json\/wp\/v2\/tags?post=220303"}],"curies":[{"name":"wp","href":"https:\/\/api.w.org\/{rel}","templated":true}]}}