{"id":220293,"date":"2024-04-23T09:00:00","date_gmt":"2024-04-23T07:00:00","guid":{"rendered":"https:\/\/www.tucomarca.com\/wordpress\/segunda\/?p=220293"},"modified":"2024-04-25T10:24:08","modified_gmt":"2024-04-25T08:24:08","slug":"segona-edicio-del-mercat-de-segona-ma-a-bunyol-el-proxim-1-de-maig-al-parc-de-sant-lluis","status":"publish","type":"post","link":"https:\/\/tucomarca.whitekongsoftware.com\/ca\/segona-edicio-del-mercat-de-segona-ma-a-bunyol-el-proxim-1-de-maig-al-parc-de-sant-lluis\/","title":{"rendered":"Segona edici\u00f3 del mercat de segona m\u00e0 a Bunyol el pr\u00f2xim 4 de maig al parc de Sant Llu\u00eds"},"content":{"rendered":"<div class=\"wp-block-image\">\n<figure class=\"alignleft size-large is-resized\"><img loading=\"lazy\" decoding=\"async\" width=\"576\" height=\"1024\" src=\"http:\/\/www.tucomarca.com\/wordpress\/segunda\/wp-content\/uploads\/2024\/04\/BunolMercadillo-576x1024.jpg\" alt=\"\" class=\"wp-image-220672\" style=\"width:412px;height:auto\" srcset=\"https:\/\/tucomarca.whitekongsoftware.com\/wp-content\/uploads\/2024\/04\/BunolMercadillo-576x1024.jpg 576w, https:\/\/tucomarca.whitekongsoftware.com\/wp-content\/uploads\/2024\/04\/BunolMercadillo-169x300.jpg 169w, https:\/\/tucomarca.whitekongsoftware.com\/wp-content\/uploads\/2024\/04\/BunolMercadillo-768x1365.jpg 768w, https:\/\/tucomarca.whitekongsoftware.com\/wp-content\/uploads\/2024\/04\/BunolMercadillo-864x1536.jpg 864w, https:\/\/tucomarca.whitekongsoftware.com\/wp-content\/uploads\/2024\/04\/BunolMercadillo.jpg 886w\" sizes=\"auto, (max-width: 576px) 100vw, 576px\" \/><\/figure>\n<\/div>\n\n\n<p class=\"wp-block-paragraph\">Despr\u00e9s de l&#8217;\u00e8xit de la primera edici\u00f3, l&#8217;Ajuntament de Bunyol, a trav\u00e9s de la Regidoria de Medi Ambient, posa en marxa la segona, est\u00e0 vegada en Sant Llu\u00eds on els arbres proporcionaran una agradable ombra per a la jornada. \u00c9s l&#8217;oportunitat de donar-li una segona vida a all\u00f2 que ja no s&#8217;utilitza o d&#8217;adoptar un producte a un preu assequible.<br>Les persones interessades a participar com a venedores hauran d&#8217;escriure un WhatsApp al tel\u00e8fon que s&#8217;indica en el cartell abans del pr\u00f2xim dimarts 30 d&#8217;abril. Amb aquesta mena d&#8217;iniciatives es pret\u00e9n reduir la nostra petjada ecol\u00f2gica ja que contribu\u00efm al consum indiscriminat de recursos al mateix temps que es limita la creaci\u00f3 de desaprofitament i de fem.<\/p>\n","protected":false},"excerpt":{"rendered":"<div class=\"mh-excerpt\">Despr\u00e9s de l&#8217;\u00e8xit de la primera edici\u00f3, l&#8217;Ajuntament de Bunyol, a trav\u00e9s de la Regidoria de Medi Ambient, posa en marxa la segona, est\u00e0 vegada en Sant Llu\u00eds on els arbres proporcionaran una agradable ombra <a class=\"mh-excerpt-more\" href=\"https:\/\/tucomarca.whitekongsoftware.com\/ca\/segona-edicio-del-mercat-de-segona-ma-a-bunyol-el-proxim-1-de-maig-al-parc-de-sant-lluis\/\" title=\"Segona edici\u00f3 del mercat de segona m\u00e0 a Bunyol el pr\u00f2xim 4 de maig al parc de Sant Llu\u00eds\">[+] <\/a><\/div>\n","protected":false},"author":12,"featured_media":220672,"comment_status":"open","ping_status":"open","sticky":false,"template":"","format":"standard","meta":{"footnotes":""},"categories":[11019,10911,10894,10912,10896],"tags":[10913,20554,10914],"class_list":["post-220293","post","type-post","status-publish","format-standard","has-post-thumbnail","category-agenda-ca","category-bunol-ca","category-la-comarca-ca","category-la-hoya-ca","category-seccion-ca","tag-bunol-ca","tag-ii-mercadillo-de-segunda-mano-ca","tag-la-hoya-de-bunol-chiva-ca"],"_links":{"self":[{"href":"https:\/\/tucomarca.whitekongsoftware.com\/ca\/wp-json\/wp\/v2\/posts\/220293","targetHints":{"allow":["GET"]}}],"collection":[{"href":"https:\/\/tucomarca.whitekongsoftware.com\/ca\/wp-json\/wp\/v2\/posts"}],"about":[{"href":"https:\/\/tucomarca.whitekongsoftware.com\/ca\/wp-json\/wp\/v2\/types\/post"}],"author":[{"embeddable":true,"href":"https:\/\/tucomarca.whitekongsoftware.com\/ca\/wp-json\/wp\/v2\/users\/12"}],"replies":[{"embeddable":true,"href":"https:\/\/tucomarca.whitekongsoftware.com\/ca\/wp-json\/wp\/v2\/comments?post=220293"}],"version-history":[{"count":0,"href":"https:\/\/tucomarca.whitekongsoftware.com\/ca\/wp-json\/wp\/v2\/posts\/220293\/revisions"}],"wp:featuredmedia":[{"embeddable":true,"href":"https:\/\/tucomarca.whitekongsoftware.com\/ca\/wp-json\/wp\/v2\/media\/220672"}],"wp:attachment":[{"href":"https:\/\/tucomarca.whitekongsoftware.com\/ca\/wp-json\/wp\/v2\/media?parent=220293"}],"wp:term":[{"taxonomy":"category","embeddable":true,"href":"https:\/\/tucomarca.whitekongsoftware.com\/ca\/wp-json\/wp\/v2\/categories?post=220293"},{"taxonomy":"post_tag","embeddable":true,"href":"https:\/\/tucomarca.whitekongsoftware.com\/ca\/wp-json\/wp\/v2\/tags?post=220293"}],"curies":[{"name":"wp","href":"https:\/\/api.w.org\/{rel}","templated":true}]}}