{"id":220244,"date":"2024-04-22T12:45:00","date_gmt":"2024-04-22T10:45:00","guid":{"rendered":"https:\/\/www.tucomarca.com\/wordpress\/segunda\/?p=220244"},"modified":"2024-04-22T20:51:13","modified_gmt":"2024-04-22T18:51:13","slug":"fotogaleria-la-novena-edicio-de-graffitea-xest-finalitza-amb-onze-nous-murals-dartistes-internacionals-en-la-localitat","status":"publish","type":"post","link":"https:\/\/tucomarca.whitekongsoftware.com\/ca\/fotogaleria-la-novena-edicio-de-graffitea-xest-finalitza-amb-onze-nous-murals-dartistes-internacionals-en-la-localitat\/","title":{"rendered":"Fotogaler\u00eda: la novena edici\u00f3 de Graffitea Xest finalitza amb onze nous murals d&#8217;artistes internacionals en la localitat"},"content":{"rendered":"\n<h3 class=\"wp-block-heading\">Xest ja supera les 140 intervencions art\u00edstiques als seus carrers i places<\/h3>\n\n\n\n<p class=\"wp-block-paragraph\">Ahir, diumenge 21 d&#8217;abril, va finalitzar l&#8217;edici\u00f3 2024 del Festival de Street Art Graffitea Xest, organitzat per la Regidoria de Cultura i \u00c0lien Barrakudas, deixant onze noves obres d&#8217;art en diferents fa\u00e7anes de Xest, que se sumen a les 130 intervencions art\u00edstiques amb les quals ja comptava la poblaci\u00f3, despr\u00e9s de 9 anys de celebraci\u00f3 d&#8217;aquest projecte art\u00edstic.<\/p>\n\n\n\n<p class=\"wp-block-paragraph\">Del 17 al 21 d&#8217;abril, els i les artistes urbans internacions Barbiturikills, Bublegum, La companyia de Mario, Nemo LKA, Rabosa, Llu\u00eds Salvador, Yeko Yekills, Lucca Ledda, Jota L\u00f3pez i B:K M\u00e0fia han pintat lliurement en els murs cedits pels ve\u00efns i ve\u00efnes de la poblaci\u00f3. A m\u00e9s, el director art\u00edstic del festival, Toni Espinar, ha creat el primer mural de la s\u00e8rie Murs Insubmisos. Paral\u00b7lelament s&#8217;han desenvolupat tallers en els centres educatius i s&#8217;han pintat dos murals col\u00b7laboratius en cadascun d&#8217;ells, en el marc del concurs de dibuix UrbanEducArt, de la m\u00e0 de l&#8217;artista valenci\u00e0 Xemayo.&nbsp;<\/p>\n\n\n\n<p class=\"wp-block-paragraph\">En aquesta edici\u00f3 les rutes guiades del cap de setmana han batut r\u00e8cord de participaci\u00f3, amb grups de m\u00e9s de 40 persones en cadascuna, distribu\u00efdes en franges hor\u00e0ries tant de dem\u00e0 com de vesprada, sumant centenars de ve\u00efns, ve\u00efnes i visitants.<\/p>\n\n\n\n<figure class=\"wp-block-gallery has-nested-images columns-2 is-cropped wp-block-gallery-1 is-layout-flex wp-block-gallery-is-layout-flex\">\n<figure class=\"wp-block-image size-large\"><img loading=\"lazy\" decoding=\"async\" width=\"886\" height=\"591\" data-id=\"220217\" src=\"https:\/\/www.tucomarca.com\/wordpress\/segunda\/wp-content\/uploads\/2024\/04\/ChesteGraffitea01.jpg\" alt=\"\" class=\"wp-image-220217\" srcset=\"https:\/\/tucomarca.whitekongsoftware.com\/wp-content\/uploads\/2024\/04\/ChesteGraffitea01.jpg 886w, https:\/\/tucomarca.whitekongsoftware.com\/wp-content\/uploads\/2024\/04\/ChesteGraffitea01-300x200.jpg 300w, https:\/\/tucomarca.whitekongsoftware.com\/wp-content\/uploads\/2024\/04\/ChesteGraffitea01-768x512.jpg 768w\" sizes=\"auto, (max-width: 886px) 100vw, 886px\" \/><\/figure>\n\n\n\n<figure class=\"wp-block-image size-large\"><img loading=\"lazy\" decoding=\"async\" width=\"886\" height=\"591\" data-id=\"220219\" src=\"https:\/\/www.tucomarca.com\/wordpress\/segunda\/wp-content\/uploads\/2024\/04\/ChesteGraffitea02.jpg\" alt=\"\" class=\"wp-image-220219\" srcset=\"https:\/\/tucomarca.whitekongsoftware.com\/wp-content\/uploads\/2024\/04\/ChesteGraffitea02.jpg 886w, https:\/\/tucomarca.whitekongsoftware.com\/wp-content\/uploads\/2024\/04\/ChesteGraffitea02-300x200.jpg 300w, https:\/\/tucomarca.whitekongsoftware.com\/wp-content\/uploads\/2024\/04\/ChesteGraffitea02-768x512.jpg 768w\" sizes=\"auto, (max-width: 886px) 100vw, 886px\" \/><\/figure>\n\n\n\n<figure class=\"wp-block-image size-large\"><img loading=\"lazy\" decoding=\"async\" width=\"886\" height=\"591\" data-id=\"220221\" src=\"https:\/\/www.tucomarca.com\/wordpress\/segunda\/wp-content\/uploads\/2024\/04\/ChesteGraffitea03.jpg\" alt=\"\" class=\"wp-image-220221\" srcset=\"https:\/\/tucomarca.whitekongsoftware.com\/wp-content\/uploads\/2024\/04\/ChesteGraffitea03.jpg 886w, https:\/\/tucomarca.whitekongsoftware.com\/wp-content\/uploads\/2024\/04\/ChesteGraffitea03-300x200.jpg 300w, https:\/\/tucomarca.whitekongsoftware.com\/wp-content\/uploads\/2024\/04\/ChesteGraffitea03-768x512.jpg 768w\" sizes=\"auto, (max-width: 886px) 100vw, 886px\" \/><\/figure>\n\n\n\n<figure class=\"wp-block-image size-large\"><img loading=\"lazy\" decoding=\"async\" width=\"886\" height=\"591\" data-id=\"220225\" src=\"https:\/\/www.tucomarca.com\/wordpress\/segunda\/wp-content\/uploads\/2024\/04\/ChesteGraffitea05.jpg\" alt=\"\" class=\"wp-image-220225\" srcset=\"https:\/\/tucomarca.whitekongsoftware.com\/wp-content\/uploads\/2024\/04\/ChesteGraffitea05.jpg 886w, https:\/\/tucomarca.whitekongsoftware.com\/wp-content\/uploads\/2024\/04\/ChesteGraffitea05-300x200.jpg 300w, https:\/\/tucomarca.whitekongsoftware.com\/wp-content\/uploads\/2024\/04\/ChesteGraffitea05-768x512.jpg 768w\" sizes=\"auto, (max-width: 886px) 100vw, 886px\" \/><\/figure>\n\n\n\n<figure class=\"wp-block-image size-large\"><img loading=\"lazy\" decoding=\"async\" width=\"886\" height=\"591\" data-id=\"220227\" src=\"https:\/\/www.tucomarca.com\/wordpress\/segunda\/wp-content\/uploads\/2024\/04\/ChesteGraffitea06.jpg\" alt=\"\" class=\"wp-image-220227\" srcset=\"https:\/\/tucomarca.whitekongsoftware.com\/wp-content\/uploads\/2024\/04\/ChesteGraffitea06.jpg 886w, https:\/\/tucomarca.whitekongsoftware.com\/wp-content\/uploads\/2024\/04\/ChesteGraffitea06-300x200.jpg 300w, https:\/\/tucomarca.whitekongsoftware.com\/wp-content\/uploads\/2024\/04\/ChesteGraffitea06-768x512.jpg 768w\" sizes=\"auto, (max-width: 886px) 100vw, 886px\" \/><\/figure>\n\n\n\n<figure class=\"wp-block-image size-large\"><img loading=\"lazy\" decoding=\"async\" width=\"886\" height=\"591\" data-id=\"220229\" src=\"https:\/\/www.tucomarca.com\/wordpress\/segunda\/wp-content\/uploads\/2024\/04\/ChesteGraffitea07.jpg\" alt=\"\" class=\"wp-image-220229\" srcset=\"https:\/\/tucomarca.whitekongsoftware.com\/wp-content\/uploads\/2024\/04\/ChesteGraffitea07.jpg 886w, https:\/\/tucomarca.whitekongsoftware.com\/wp-content\/uploads\/2024\/04\/ChesteGraffitea07-300x200.jpg 300w, https:\/\/tucomarca.whitekongsoftware.com\/wp-content\/uploads\/2024\/04\/ChesteGraffitea07-768x512.jpg 768w\" sizes=\"auto, (max-width: 886px) 100vw, 886px\" \/><\/figure>\n<\/figure>\n\n\n\n<p class=\"wp-block-paragraph\"><strong>Presentaci\u00f3 del Festival<\/strong><\/p>\n\n\n\n<p class=\"wp-block-paragraph\">El divendres, 19 d&#8217;abril, el Teatre Liceu va acollir un complet acte de presentaci\u00f3 del festival, que va comptar amb estrena del documental L&#8217;art urb\u00e0 a Xest, educant la mirada, i l&#8217;actuaci\u00f3 del raper Dyso. Com a avantsala de l&#8217;esdeveniment, es van donar els premis del Projecte UrbanEducart, abans de l&#8217;inici de les intervencions.<\/p>\n\n\n\n<figure class=\"wp-block-gallery has-nested-images columns-2 is-cropped wp-block-gallery-2 is-layout-flex wp-block-gallery-is-layout-flex\">\n<figure class=\"wp-block-image size-large\"><img loading=\"lazy\" decoding=\"async\" width=\"886\" height=\"591\" data-id=\"220235\" src=\"https:\/\/www.tucomarca.com\/wordpress\/segunda\/wp-content\/uploads\/2024\/04\/ChesteGraffitea10.jpg\" alt=\"\" class=\"wp-image-220235\" srcset=\"https:\/\/tucomarca.whitekongsoftware.com\/wp-content\/uploads\/2024\/04\/ChesteGraffitea10.jpg 886w, https:\/\/tucomarca.whitekongsoftware.com\/wp-content\/uploads\/2024\/04\/ChesteGraffitea10-300x200.jpg 300w, https:\/\/tucomarca.whitekongsoftware.com\/wp-content\/uploads\/2024\/04\/ChesteGraffitea10-768x512.jpg 768w\" sizes=\"auto, (max-width: 886px) 100vw, 886px\" \/><\/figure>\n\n\n\n<figure class=\"wp-block-image size-large\"><img loading=\"lazy\" decoding=\"async\" width=\"886\" height=\"591\" data-id=\"220233\" src=\"https:\/\/www.tucomarca.com\/wordpress\/segunda\/wp-content\/uploads\/2024\/04\/ChesteGraffitea09.jpg\" alt=\"\" class=\"wp-image-220233\" srcset=\"https:\/\/tucomarca.whitekongsoftware.com\/wp-content\/uploads\/2024\/04\/ChesteGraffitea09.jpg 886w, https:\/\/tucomarca.whitekongsoftware.com\/wp-content\/uploads\/2024\/04\/ChesteGraffitea09-300x200.jpg 300w, https:\/\/tucomarca.whitekongsoftware.com\/wp-content\/uploads\/2024\/04\/ChesteGraffitea09-768x512.jpg 768w\" sizes=\"auto, (max-width: 886px) 100vw, 886px\" \/><\/figure>\n\n\n\n<figure class=\"wp-block-image size-large\"><img loading=\"lazy\" decoding=\"async\" width=\"886\" height=\"591\" data-id=\"220239\" src=\"https:\/\/www.tucomarca.com\/wordpress\/segunda\/wp-content\/uploads\/2024\/04\/ChesteGraffitea12.jpg\" alt=\"\" class=\"wp-image-220239\" srcset=\"https:\/\/tucomarca.whitekongsoftware.com\/wp-content\/uploads\/2024\/04\/ChesteGraffitea12.jpg 886w, https:\/\/tucomarca.whitekongsoftware.com\/wp-content\/uploads\/2024\/04\/ChesteGraffitea12-300x200.jpg 300w, https:\/\/tucomarca.whitekongsoftware.com\/wp-content\/uploads\/2024\/04\/ChesteGraffitea12-768x512.jpg 768w\" sizes=\"auto, (max-width: 886px) 100vw, 886px\" \/><\/figure>\n\n\n\n<figure class=\"wp-block-image size-large\"><img loading=\"lazy\" decoding=\"async\" width=\"886\" height=\"591\" data-id=\"220241\" src=\"https:\/\/www.tucomarca.com\/wordpress\/segunda\/wp-content\/uploads\/2024\/04\/ChesteGraffitea13.jpg\" alt=\"\" class=\"wp-image-220241\" srcset=\"https:\/\/tucomarca.whitekongsoftware.com\/wp-content\/uploads\/2024\/04\/ChesteGraffitea13.jpg 886w, https:\/\/tucomarca.whitekongsoftware.com\/wp-content\/uploads\/2024\/04\/ChesteGraffitea13-300x200.jpg 300w, https:\/\/tucomarca.whitekongsoftware.com\/wp-content\/uploads\/2024\/04\/ChesteGraffitea13-768x512.jpg 768w\" sizes=\"auto, (max-width: 886px) 100vw, 886px\" \/><\/figure>\n\n\n\n<figure class=\"wp-block-image size-large\"><img loading=\"lazy\" decoding=\"async\" width=\"886\" height=\"591\" data-id=\"220237\" src=\"https:\/\/www.tucomarca.com\/wordpress\/segunda\/wp-content\/uploads\/2024\/04\/ChesteGraffitea11.jpg\" alt=\"\" class=\"wp-image-220237\" srcset=\"https:\/\/tucomarca.whitekongsoftware.com\/wp-content\/uploads\/2024\/04\/ChesteGraffitea11.jpg 886w, https:\/\/tucomarca.whitekongsoftware.com\/wp-content\/uploads\/2024\/04\/ChesteGraffitea11-300x200.jpg 300w, https:\/\/tucomarca.whitekongsoftware.com\/wp-content\/uploads\/2024\/04\/ChesteGraffitea11-768x512.jpg 768w\" sizes=\"auto, (max-width: 886px) 100vw, 886px\" \/><\/figure>\n<\/figure>\n\n\n\n<p class=\"wp-block-paragraph\">\u201cLa llibertat d&#8217;expressi\u00f3 dels artistes i la col\u00b7laboraci\u00f3 de la ciutadania permet que any rere any anem sumant espais d&#8217;art en tota la seua complexitat, murs conscients que inciten a la reflexi\u00f3, murs insubmisos que denuncien els mals de la Humanitat, murs que sorprenen i emocionen, art social que fa pensar\u201d, manifestava la regidora de Cultura, M\u00aa \u00c1ngeles Llorente, a l&#8217;inici de l&#8217;acte. \u201cDes de 2017, Graffitea forma part de la Xarxa de Museus d&#8217;Art contemporani en l&#8217;Entorn Rural de l&#8217;Ag\u00e8ncia Valenciana de Turisme, posicionant-se com un referent de turisme cultural; en 2020 l&#8217;Ajuntament va obtindre el Primer premi al bon govern de la Federaci\u00f3 Valenciana de Municipis i Prov\u00edncies en l&#8217;\u00e0mbit de la Cultura, i la repercussi\u00f3 medi\u00e0tica del festival ha anat creixent any rere any\u201d.<\/p>\n\n\n\n<p class=\"wp-block-paragraph\">Per part seua, Espinar va posar en valor la qualitat de les obres dels i les artistes participants. \u201cEl que hem intentat durant aquests 9 anys \u00e9s convertir Xest en un museu a l&#8217;aire lliure perqu\u00e8 els ve\u00efns i ve\u00efnes ho gaudiu tot l&#8217;any. En els voltants de la rotonda de l&#8217;Agricultor ha pintat La Companyia de Mario, que compta amb un mural nominat al millor de l&#8217;any, i Xest tamb\u00e9 t\u00e9 una obra de Sfhir, al carrer Federico Garc\u00eda Lorca, que \u00e9s l&#8217;autor d&#8217;un mural triat com el millor del m\u00f3n en 2023\u201d.<\/p>\n\n\n\n<p class=\"wp-block-paragraph\">Abans de donar pas a la projecci\u00f3 del documental, el seu productor, David Trashumante, acompanyat dels directors de la pe\u00e7a, els Germans Garofalo, va fer una breu introducci\u00f3. \u201cM\u00e9s de 100 hores de gravaci\u00f3 s&#8217;han condensat en 50 minuts, en els quals volem explicar-vos que aix\u00f2 que teniu ac\u00ed fora forma part d&#8217;un moviment mundial d&#8217;artistes que han omplit de vida, d&#8217;alegria, de den\u00fancia, d&#8217;indignaci\u00f3 i de dignitat els nostres carrers, moltes vegades abandonades pel capitalisme\u201d, apuntava Transhumant.<\/p>\n\n\n\n<p class=\"wp-block-paragraph\">Despr\u00e9s del documental, el raper Dyso, autor de la banda sonora al costat de Dave Ni\u00e7a, va compartir els seus versos davant el p\u00fablic del teatre, amb Jos\u00e9 Flowing als plats, reflexionant amb el seu particular llenguatge sobre temes socials i d&#8217;actualitat.<\/p>\n\n\n\n<p class=\"wp-block-paragraph\"><strong>Clausura\u00a0<\/strong><\/p>\n\n\n\n<p class=\"wp-block-paragraph\">El fermall final al festival el va posar ahir l&#8217;espectacle Trash!, una proposta de percussi\u00f3, com\u00e8dia i conscienciaci\u00f3 ambiental, que es va guanyar l&#8217;ovaci\u00f3 del p\u00fablic.<\/p>\n\n\n\n<figure class=\"wp-block-image size-full\"><img loading=\"lazy\" decoding=\"async\" width=\"886\" height=\"591\" src=\"http:\/\/www.tucomarca.com\/wordpress\/segunda\/wp-content\/uploads\/2024\/04\/ChesteGraffitea08.jpg\" alt=\"\" class=\"wp-image-220231\" srcset=\"https:\/\/tucomarca.whitekongsoftware.com\/wp-content\/uploads\/2024\/04\/ChesteGraffitea08.jpg 886w, https:\/\/tucomarca.whitekongsoftware.com\/wp-content\/uploads\/2024\/04\/ChesteGraffitea08-300x200.jpg 300w, https:\/\/tucomarca.whitekongsoftware.com\/wp-content\/uploads\/2024\/04\/ChesteGraffitea08-768x512.jpg 768w\" sizes=\"auto, (max-width: 886px) 100vw, 886px\" \/><\/figure>\n\n\n\n<p class=\"wp-block-paragraph\">\u201cAquest espectacle ens ensenya que all\u00ed on uns nom\u00e9s veuen fem, uns altres s\u00f3n capa\u00e7os de transmetre ritme, positivitat, art i energia, tota una lli\u00e7\u00f3 en aquests temps\u201d, explicava la regidora de Cultura, en la seua presentaci\u00f3. \u201cEns hem quedat sense al\u00e9 davant els exercicis de virtuosisme r\u00edtmic i bon rotllo dels quals han fet gala els operaris d&#8217;aquesta f\u00e0brica, amb poals, caixes d&#8217;eines, botelles i un llargu\u00edssim i sorprenent etc\u00e8tera\u201d.<\/p>\n","protected":false},"excerpt":{"rendered":"<div class=\"mh-excerpt\">Xest ja supera les 140 intervencions art\u00edstiques als seus carrers i places Ahir, diumenge 21 d&#8217;abril, va finalitzar l&#8217;edici\u00f3 2024 del Festival de Street Art Graffitea Xest, organitzat per la Regidoria de Cultura i \u00c0lien <a class=\"mh-excerpt-more\" href=\"https:\/\/tucomarca.whitekongsoftware.com\/ca\/fotogaleria-la-novena-edicio-de-graffitea-xest-finalitza-amb-onze-nous-murals-dartistes-internacionals-en-la-localitat\/\" title=\"Fotogaler\u00eda: la novena edici\u00f3 de Graffitea Xest finalitza amb onze nous murals d&#8217;artistes internacionals en la localitat\">[+] <\/a><\/div>\n","protected":false},"author":12,"featured_media":220224,"comment_status":"open","ping_status":"open","sticky":false,"template":"","format":"gallery","meta":{"footnotes":""},"categories":[10898,10894,10912,11007,11063,10896,10974],"tags":[11071,20476,10914],"class_list":["post-220244","post","type-post","status-publish","format-gallery","has-post-thumbnail","category-ventana-ca","category-la-comarca-ca","category-la-hoya-ca","category-ocio-y-cultura-ca","category-pintura-ca","category-seccion-ca","category-cheste-ca","tag-cheste","tag-graffitea-2024-ca","tag-la-hoya-de-bunol-chiva-ca","post_format-post-format-gallery"],"_links":{"self":[{"href":"https:\/\/tucomarca.whitekongsoftware.com\/ca\/wp-json\/wp\/v2\/posts\/220244","targetHints":{"allow":["GET"]}}],"collection":[{"href":"https:\/\/tucomarca.whitekongsoftware.com\/ca\/wp-json\/wp\/v2\/posts"}],"about":[{"href":"https:\/\/tucomarca.whitekongsoftware.com\/ca\/wp-json\/wp\/v2\/types\/post"}],"author":[{"embeddable":true,"href":"https:\/\/tucomarca.whitekongsoftware.com\/ca\/wp-json\/wp\/v2\/users\/12"}],"replies":[{"embeddable":true,"href":"https:\/\/tucomarca.whitekongsoftware.com\/ca\/wp-json\/wp\/v2\/comments?post=220244"}],"version-history":[{"count":0,"href":"https:\/\/tucomarca.whitekongsoftware.com\/ca\/wp-json\/wp\/v2\/posts\/220244\/revisions"}],"wp:featuredmedia":[{"embeddable":true,"href":"https:\/\/tucomarca.whitekongsoftware.com\/ca\/wp-json\/wp\/v2\/media\/220224"}],"wp:attachment":[{"href":"https:\/\/tucomarca.whitekongsoftware.com\/ca\/wp-json\/wp\/v2\/media?parent=220244"}],"wp:term":[{"taxonomy":"category","embeddable":true,"href":"https:\/\/tucomarca.whitekongsoftware.com\/ca\/wp-json\/wp\/v2\/categories?post=220244"},{"taxonomy":"post_tag","embeddable":true,"href":"https:\/\/tucomarca.whitekongsoftware.com\/ca\/wp-json\/wp\/v2\/tags?post=220244"}],"curies":[{"name":"wp","href":"https:\/\/api.w.org\/{rel}","templated":true}]}}