{"id":220195,"date":"2024-04-22T09:00:00","date_gmt":"2024-04-22T07:00:00","guid":{"rendered":"https:\/\/www.tucomarca.com\/wordpress\/segunda\/?p=220195"},"modified":"2024-04-22T18:37:49","modified_gmt":"2024-04-22T16:37:49","slug":"video-la-diputacio-de-valencia-renova-la-seua-collaboracio-amb-acnur-per-a-prestar-ajuda-humanitaria-als-refugiats-de-yemen","status":"publish","type":"post","link":"https:\/\/tucomarca.whitekongsoftware.com\/ca\/video-la-diputacio-de-valencia-renova-la-seua-collaboracio-amb-acnur-per-a-prestar-ajuda-humanitaria-als-refugiats-de-yemen\/","title":{"rendered":"V\u00eddeo: la Diputaci\u00f3 de Val\u00e8ncia renova la seua col\u00b7laboraci\u00f3 amb ACNUR per a prestar ajuda humanit\u00e0ria als refugiats de Yemen"},"content":{"rendered":"\n<h3 class=\"wp-block-heading\"><strong>La vicepresidenta Nat\u00e0lia Enguix acorda amb la coordinadora a Val\u00e8ncia de l&#8217;ag\u00e8ncia de l&#8217;ONU per als Refugiats, Arancha Garc\u00eda, una partida de 40.000 euros per al projecte d&#8217;emerg\u00e8ncia amb persones despla\u00e7ades<\/strong>.<\/h3>\n\n\n\n<h3 class=\"wp-block-heading\"><strong>La delegaci\u00f3 de Cooperaci\u00f3 Internacional que dirigix Enguix incrementa en mig mili\u00f3 el seu pressupost de 2024 \u201cper a atendre el personal civil que patix l&#8217;increment i intensificaci\u00f3 dels diferents conflictes armats\u201d<\/strong>.<\/h3>\n\n\n\n<figure class=\"wp-block-embed is-type-video is-provider-youtube wp-block-embed-youtube wp-embed-aspect-16-9 wp-has-aspect-ratio\"><div class=\"wp-block-embed__wrapper\">\n<iframe loading=\"lazy\" title=\"La Diputaci\u00f3 renova la seua col\u00b7laboraci\u00f3 amb ACNUR per a ajuda humanit\u00e0ria als refugiats de Yemen\" width=\"500\" height=\"281\" src=\"https:\/\/www.youtube.com\/embed\/z8hC_rhJruc?feature=oembed\" frameborder=\"0\" allow=\"accelerometer; autoplay; clipboard-write; encrypted-media; gyroscope; picture-in-picture; web-share\" referrerpolicy=\"strict-origin-when-cross-origin\" allowfullscreen><\/iframe>\n<\/div><\/figure>\n\n\n\n<p class=\"wp-block-paragraph\">La Diputaci\u00f3 de Val\u00e8ncia renova un any m\u00e9s la seua col\u00b7laboraci\u00f3 amb ACNUR, el Comit\u00e9 espanyol de l&#8217;Ag\u00e8ncia de l&#8217;ONU per als Refugiats, a trav\u00e9s de la delegaci\u00f3 de Cooperaci\u00f3 Internacional que dirigix la vicepresidenta primera, Nat\u00e0lia Enguix. La instituci\u00f3 provincial destinar\u00e0 en 2024 una partida de 40.000 euros per al projecte de protecci\u00f3 i ajuda humanit\u00e0ria a la poblaci\u00f3 despla\u00e7ada a Yemen.<\/p>\n\n\n\n<p class=\"wp-block-paragraph\">D&#8217;esta manera, \u201cla Diputaci\u00f3 consolida la seua col\u00b7laboraci\u00f3 amb ACNUR, a la qual hem d&#8217;agrair la gran faena que realitza per a donar atenci\u00f3 b\u00e0sica al personal civil que patix les conseq\u00fc\u00e8ncies de les guerres, com en este cas a Yemen, un conflicte oblidat que requerix ajuda permanent per als dos milions de persones que viuen en assentaments informals i en condicions extremes\u201d, explica la vicepresidenta Enguix.<\/p>\n\n\n\n<p class=\"wp-block-paragraph\">Per part seua, la coordinadora de la delegaci\u00f3 valenciana d&#8217;ACNUR, Arancha Garc\u00eda, agra\u00efx la col\u00b7laboraci\u00f3 de la Diputaci\u00f3 en el programa que el Comit\u00e9 espanyol presta fora de les fronteres del pa\u00eds, principalment en \u201cemerg\u00e8ncies cr\u00f2niques com la de Yemen, on s&#8217;han complit ja nou anys d&#8217;un conflicte intern que mant\u00e9 atrapada i en una situaci\u00f3 molt dif\u00edcil a la poblaci\u00f3 civil, i on gr\u00e0cies a estes ajudes podem actuar per a garantir refugi i en la prevenci\u00f3 de la viol\u00e8ncia sexual en dones i xiquetes\u201d.<\/p>\n\n\n\n<p class=\"wp-block-paragraph\">La Diputaci\u00f3 de Val\u00e8ncia ve col\u00b7laborant amb ACNUR en el projecte d&#8217;ajuda humanit\u00e0ria a Yemen des de 2019, amb diferents subvencions que superen els 200.000 euros i que han servit, per exemple, per a distribuir kits d&#8217;articles b\u00e0sics com a mantes, sab\u00f3, poals, mosquiteres i utensilis de cuina.<\/p>\n\n\n\n<p class=\"wp-block-paragraph\"><strong>Esfor\u00e7 inversor<\/strong><\/p>\n\n\n\n<p class=\"wp-block-paragraph\">Nat\u00e0lia Enguix ha destacat que la Diputaci\u00f3 \u201cha fet enguany un esfor\u00e7 inversor en mat\u00e8ria de Cooperaci\u00f3 Internacional, amb mig mili\u00f3 d&#8217;euros m\u00e9s de pressupost davant l&#8217;increment i intensificaci\u00f3 de diferents conflictes armats que, com \u00e9s habitual, patixen especialment les persones despla\u00e7ades i refugiades\u201d.<\/p>\n\n\n\n<p class=\"wp-block-paragraph\">En el cas d&#8217;ACNUR, la corporaci\u00f3 provincial ha firmat des de 2012 diferents convenis i concedit subvencions al Comit\u00e9 espanyol per valor de 270.000 euros, inclosa la partida per a enguany a Yemen, que se suma a les ajudes destinades al pa\u00eds situat a Orient Pr\u00f2xim i a altres invertides anteriorment a Kenya, Sahel i Jord\u00e0nia. A m\u00e9s, des de 2007 ha aportat altres 65.000 euros per a projectes de sensibilitzaci\u00f3 desenvolupats per l&#8217;ag\u00e8ncia a la prov\u00edncia de Val\u00e8ncia.<\/p>\n\n\n\n<p class=\"wp-block-paragraph\">ACNUR, Alt Comissionat de les Nacions Unides per als Refugiats, va sorgir despr\u00e9s de la Segona Guerra Mundial, al desembre de 1950, amb la finalitat d&#8217;ajudar a les persones despla\u00e7ades pel conflicte a Europa.<\/p>\n","protected":false},"excerpt":{"rendered":"<div class=\"mh-excerpt\">La vicepresidenta Nat\u00e0lia Enguix acorda amb la coordinadora a Val\u00e8ncia de l&#8217;ag\u00e8ncia de l&#8217;ONU per als Refugiats, Arancha Garc\u00eda, una partida de 40.000 euros per al projecte d&#8217;emerg\u00e8ncia amb persones despla\u00e7ades. La delegaci\u00f3 de Cooperaci\u00f3 <a class=\"mh-excerpt-more\" href=\"https:\/\/tucomarca.whitekongsoftware.com\/ca\/video-la-diputacio-de-valencia-renova-la-seua-collaboracio-amb-acnur-per-a-prestar-ajuda-humanitaria-als-refugiats-de-yemen\/\" title=\"V\u00eddeo: la Diputaci\u00f3 de Val\u00e8ncia renova la seua col\u00b7laboraci\u00f3 amb ACNUR per a prestar ajuda humanit\u00e0ria als refugiats de Yemen\">[+] <\/a><\/div>\n","protected":false},"author":1,"featured_media":220191,"comment_status":"open","ping_status":"open","sticky":false,"template":"","format":"video","meta":{"footnotes":""},"categories":[20527,10898,10948,10894,10904,20456,10947,10896,11062],"tags":[20515,16345,11246,20552],"class_list":["post-220195","post","type-post","status-publish","format-video","has-post-thumbnail","category-cooperacio-internacional","category-ventana-ca","category-infraestructuras-ca","category-la-comarca-ca","category-sin-categorizar-ca","category-la-diputacio-de-valencia-informa-ca","category-politica","category-seccion-ca","category-videos","tag-cooperacion-ca","tag-cooperacion-internacional-ca","tag-diputacio-de-valencia-ca","tag-internacional-ca","post_format-post-format-video"],"_links":{"self":[{"href":"https:\/\/tucomarca.whitekongsoftware.com\/ca\/wp-json\/wp\/v2\/posts\/220195","targetHints":{"allow":["GET"]}}],"collection":[{"href":"https:\/\/tucomarca.whitekongsoftware.com\/ca\/wp-json\/wp\/v2\/posts"}],"about":[{"href":"https:\/\/tucomarca.whitekongsoftware.com\/ca\/wp-json\/wp\/v2\/types\/post"}],"author":[{"embeddable":true,"href":"https:\/\/tucomarca.whitekongsoftware.com\/ca\/wp-json\/wp\/v2\/users\/1"}],"replies":[{"embeddable":true,"href":"https:\/\/tucomarca.whitekongsoftware.com\/ca\/wp-json\/wp\/v2\/comments?post=220195"}],"version-history":[{"count":0,"href":"https:\/\/tucomarca.whitekongsoftware.com\/ca\/wp-json\/wp\/v2\/posts\/220195\/revisions"}],"wp:featuredmedia":[{"embeddable":true,"href":"https:\/\/tucomarca.whitekongsoftware.com\/ca\/wp-json\/wp\/v2\/media\/220191"}],"wp:attachment":[{"href":"https:\/\/tucomarca.whitekongsoftware.com\/ca\/wp-json\/wp\/v2\/media?parent=220195"}],"wp:term":[{"taxonomy":"category","embeddable":true,"href":"https:\/\/tucomarca.whitekongsoftware.com\/ca\/wp-json\/wp\/v2\/categories?post=220195"},{"taxonomy":"post_tag","embeddable":true,"href":"https:\/\/tucomarca.whitekongsoftware.com\/ca\/wp-json\/wp\/v2\/tags?post=220195"}],"curies":[{"name":"wp","href":"https:\/\/api.w.org\/{rel}","templated":true}]}}