{"id":219986,"date":"2024-04-19T12:30:00","date_gmt":"2024-04-19T10:30:00","guid":{"rendered":"https:\/\/www.tucomarca.com\/wordpress\/segunda\/?p=219986"},"modified":"2024-04-20T20:24:58","modified_gmt":"2024-04-20T18:24:58","slug":"mompo-insta-el-pp-de-la-serrania-a-continuar-treballant-contra-la-despoblacio","status":"publish","type":"post","link":"https:\/\/tucomarca.whitekongsoftware.com\/ca\/mompo-insta-el-pp-de-la-serrania-a-continuar-treballant-contra-la-despoblacio\/","title":{"rendered":"Momp\u00f3 insta el PP de La Serran\u00eda a \u201ccontinuar treballant contra la despoblaci\u00f3\u201d"},"content":{"rendered":"\n<h3 class=\"wp-block-heading\">El president del PP de la prov\u00edncia de Val\u00e8ncia, Vicent Momp\u00f3, i la secret\u00e0ria general, Reme Mazzolari, es reuneixen amb l&#8217;executiva comarcal a les Alcubles<\/h3>\n\n\n\n<p class=\"wp-block-paragraph\">El president del Partit Popular de la prov\u00edncia de Val\u00e8ncia, Vicent Momp\u00f3, ha instat el PP de La Serran\u00eda a \u201ccontinuar treballant contra la despoblaci\u00f3\u201d. \u201cS\u00e9 que us esteu deixant la pell per a mantindre vius els vostres pobles\u201d, ha assegurat Momp\u00f3, al mateix temps que destacat que \u201ccal seguir en eixa l\u00ednia de treball constant\u201d.<\/p>\n\n\n\n<figure class=\"wp-block-image size-full\"><img loading=\"lazy\" decoding=\"async\" width=\"886\" height=\"590\" src=\"http:\/\/www.tucomarca.com\/wordpress\/segunda\/wp-content\/uploads\/2024\/04\/MompoAlcublas2.jpg\" alt=\"\" class=\"wp-image-219981\" srcset=\"https:\/\/tucomarca.whitekongsoftware.com\/wp-content\/uploads\/2024\/04\/MompoAlcublas2.jpg 886w, https:\/\/tucomarca.whitekongsoftware.com\/wp-content\/uploads\/2024\/04\/MompoAlcublas2-300x200.jpg 300w, https:\/\/tucomarca.whitekongsoftware.com\/wp-content\/uploads\/2024\/04\/MompoAlcublas2-768x511.jpg 768w\" sizes=\"auto, (max-width: 886px) 100vw, 886px\" \/><\/figure>\n\n\n\n<p class=\"wp-block-paragraph\">Tant Momp\u00f3 com la secret\u00e0ria general del PP provincial, Reme Mazzolari, han donat el seu suport a l&#8217;estrat\u00e8gia de la direcci\u00f3 comarcal, encap\u00e7alada per l&#8217;alcalde de Figueroles de Domenyo Melanio Esteban i la primera tinenta alcalde de les Alcubles, Inma Alcany\u00eds. M\u00e9s enll\u00e0 de concretar els seus objectius comarcals, entre els quals estan aconseguir les alcaldies on el PP va ser la for\u00e7a m\u00e9s votada, per\u00f2 no va aconseguir el govern, com \u00e9s el cas d&#8217;el Villar o Andilla, la reuni\u00f3 ha servit refor\u00e7ar la coordinaci\u00f3 amb la resta de comarques.<br>\u201cSi treballem de manera coordinada i conjuminem els nostres esfor\u00e7os, serem m\u00e9s eficients per a vertebrar la prov\u00edncia de Val\u00e8ncia i millorar la vida als nostres pobles\u201d, ha esgrimit el l\u00edder provincial.\u00a0Aquesta reuni\u00f3 est\u00e0 emmarcada en el recorregut que Momp\u00f3 est\u00e0 realitzant despr\u00e9s del Comit\u00e9 Executiu provincial del passat 12 de gener en el qual es va nomenar les direccions comarcals.<\/p>\n","protected":false},"excerpt":{"rendered":"<div class=\"mh-excerpt\">El president del PP de la prov\u00edncia de Val\u00e8ncia, Vicent Momp\u00f3, i la secret\u00e0ria general, Reme Mazzolari, es reuneixen amb l&#8217;executiva comarcal a les Alcubles El president del Partit Popular de la prov\u00edncia de Val\u00e8ncia, <a class=\"mh-excerpt-more\" href=\"https:\/\/tucomarca.whitekongsoftware.com\/ca\/mompo-insta-el-pp-de-la-serrania-a-continuar-treballant-contra-la-despoblacio\/\" title=\"Momp\u00f3 insta el PP de La Serran\u00eda a \u201ccontinuar treballant contra la despoblaci\u00f3\u201d\">[+] <\/a><\/div>\n","protected":false},"author":12,"featured_media":219985,"comment_status":"open","ping_status":"open","sticky":false,"template":"","format":"standard","meta":{"footnotes":""},"categories":[11045,11035,11046,10898,11033,10948,10894,10947,10896],"tags":[11080,20537,18825],"class_list":["post-219986","post","type-post","status-publish","format-standard","has-post-thumbnail","category-alcublas-ca","category-domeno-ca","category-los-serranos-ca","category-ventana-ca","category-higueruelas-ca","category-infraestructuras-ca","category-la-comarca-ca","category-politica","category-seccion-ca","tag-los-serranos-ca","tag-pp-de-la-serrania-ca","tag-vicent-mompo-ca"],"_links":{"self":[{"href":"https:\/\/tucomarca.whitekongsoftware.com\/ca\/wp-json\/wp\/v2\/posts\/219986","targetHints":{"allow":["GET"]}}],"collection":[{"href":"https:\/\/tucomarca.whitekongsoftware.com\/ca\/wp-json\/wp\/v2\/posts"}],"about":[{"href":"https:\/\/tucomarca.whitekongsoftware.com\/ca\/wp-json\/wp\/v2\/types\/post"}],"author":[{"embeddable":true,"href":"https:\/\/tucomarca.whitekongsoftware.com\/ca\/wp-json\/wp\/v2\/users\/12"}],"replies":[{"embeddable":true,"href":"https:\/\/tucomarca.whitekongsoftware.com\/ca\/wp-json\/wp\/v2\/comments?post=219986"}],"version-history":[{"count":0,"href":"https:\/\/tucomarca.whitekongsoftware.com\/ca\/wp-json\/wp\/v2\/posts\/219986\/revisions"}],"wp:featuredmedia":[{"embeddable":true,"href":"https:\/\/tucomarca.whitekongsoftware.com\/ca\/wp-json\/wp\/v2\/media\/219985"}],"wp:attachment":[{"href":"https:\/\/tucomarca.whitekongsoftware.com\/ca\/wp-json\/wp\/v2\/media?parent=219986"}],"wp:term":[{"taxonomy":"category","embeddable":true,"href":"https:\/\/tucomarca.whitekongsoftware.com\/ca\/wp-json\/wp\/v2\/categories?post=219986"},{"taxonomy":"post_tag","embeddable":true,"href":"https:\/\/tucomarca.whitekongsoftware.com\/ca\/wp-json\/wp\/v2\/tags?post=219986"}],"curies":[{"name":"wp","href":"https:\/\/api.w.org\/{rel}","templated":true}]}}