{"id":219929,"date":"2024-04-19T12:45:00","date_gmt":"2024-04-19T10:45:00","guid":{"rendered":"https:\/\/www.tucomarca.com\/wordpress\/segunda\/?p=219929"},"modified":"2024-04-19T20:06:00","modified_gmt":"2024-04-19T18:06:00","slug":"el-consorci-usa-maquinaria-pesant-per-a-apagar-lincendi-de-sant-antoni-per-a-lextincio-del-qual-sestima-que-passen-encara-diversos-dies","status":"publish","type":"post","link":"https:\/\/tucomarca.whitekongsoftware.com\/ca\/el-consorci-usa-maquinaria-pesant-per-a-apagar-lincendi-de-sant-antoni-per-a-lextincio-del-qual-sestima-que-passen-encara-diversos-dies\/","title":{"rendered":"El consorci usar\u00e0 maquin\u00e0ria pesant per a apagar l&#8217;incendi de Sant Antoni per a l&#8217;extinci\u00f3 del qual s&#8217;estima que passen encara diversos dies"},"content":{"rendered":"\n<p class=\"wp-block-paragraph\">El Consorci Provincial de Bombers de Val\u00e8ncia ha actualitzat aquest divendres l&#8217;estat de l&#8217;incendi en el material acumulat en l&#8217;exterior de la seua planta de residus situada en Sant Antoni, sobre el qual han anunciat que s&#8217;est\u00e0 &#8220;gestionant la utilitzaci\u00f3 de maquin\u00e0ria per a col\u00b7laborar en les tasques d&#8217;extinci\u00f3. Est\u00e0 previst cobrir amb terra el combustible per a apagar l&#8217;incendi&#8221;, tal com han explicat des del Consorci.<\/p>\n\n\n\n<p class=\"wp-block-paragraph\">I \u00e9s que l&#8217;incendi continua actiu des que es deslligara el dilluns al mig dia, per la qual el Consorci de Bombers mant\u00e9 all\u00ed diverses dotacions que es preveu que treballen &#8220;diversos dies fins a la seua extinci\u00f3 definitiva&#8221;, segons les mateixes fonts.<\/p>\n\n\n\n<p class=\"wp-block-paragraph\">Sobre la qualitat de l&#8217;aire que es respire en la rodalia de l&#8217;incendi aix\u00ed com molt especialment a la ciutat de Requena, des del Consorci han manifestat que l&#8217;\u00edndex &#8220;de la qualitat de l&#8217;aire registrat per l&#8217;estaci\u00f3 m\u00f2bil de la Conselleria de Medi Ambient, situada en Sant Antoni de Requena, \u00e9s raonablement bona, segons dades de la seua p\u00e0gina web&#8221;.<\/p>\n\n\n\n<p class=\"wp-block-paragraph\"><strong>Missatge de tranquil\u00b7litat des de l&#8217;Ajuntament<\/strong><\/p>\n\n\n\n<p class=\"wp-block-paragraph\">Des de l&#8217;Ajuntament de Requena han volgut transmetre aquest divendres &#8220;un missatge de tranquil\u00b7litat als nostres ciutadans. Continuarem informant de prop la situaci\u00f3 ambiental per a prendre les mesures necess\u00e0ries&#8221;.<\/p>\n\n\n\n<p class=\"wp-block-paragraph\">&#8220;Segons les \u00faltimes dades disponibles, la qualitat de l&#8217;aire a Requena continua sent favorablement bona. En l\u00ednia amb les recomanacions pr\u00e8viament establides per la Conselleria de Sanitat i de Medi Ambient, instem la poblaci\u00f3 a continuar seguint les pautes i consells proporcionats&#8221;, han afegit.<\/p>\n\n\n\n<p class=\"wp-block-paragraph\">Des de l&#8217;Ajuntament de Requena s&#8217;ha facilitat tamb\u00e9 &#8220;un enlla\u00e7 perqu\u00e8 els residents puguen accedir a informaci\u00f3 actualitzada sobre la qualitat de l&#8217;aire a la nostra ciutat. Aquest recurs proporcionar\u00e0 als ciutadans una visi\u00f3 clara i precisa de les condicions atmosf\u00e8riques locals&#8221;.<\/p>\n\n\n\n<p class=\"wp-block-paragraph\">Per a accedir a l&#8217;enlla\u00e7 i mantindre&#8217;s informat sobre la qualitat de l&#8217;aire a Requena, es pot visitar el seg\u00fcent <a href=\"https:\/\/mediambient.gva.es\/va\/web\/calidad-ambiental\/datos-on-line?fbclid=IwZXh0bgNhZW0CMTEAAR1ACy-8z-77U5V_pcbCSOsolF5gxbhWu8QC1TL_GlCT_M3fMcJqORKSWw4_aem_AZudBWvJG5mD-6TUCnKfiuy1IKV5SgQq0aeXB_0_hEdOoywvDWPJGvldpShisCQreGY1A2p_9WScp7HiZ__xTbv6enlace\">enlla\u00e7<\/a>.<\/p>\n","protected":false},"excerpt":{"rendered":"<div class=\"mh-excerpt\">El Consorci Provincial de Bombers de Val\u00e8ncia ha actualitzat aquest divendres l&#8217;estat de l&#8217;incendi en el material acumulat en l&#8217;exterior de la seua planta de residus situada en Sant Antoni, sobre el qual han anunciat <a class=\"mh-excerpt-more\" href=\"https:\/\/tucomarca.whitekongsoftware.com\/ca\/el-consorci-usa-maquinaria-pesant-per-a-apagar-lincendi-de-sant-antoni-per-a-lextincio-del-qual-sestima-que-passen-encara-diversos-dies\/\" title=\"El consorci usar\u00e0 maquin\u00e0ria pesant per a apagar l&#8217;incendi de Sant Antoni per a l&#8217;extinci\u00f3 del qual s&#8217;estima que passen encara diversos dies\">[+] <\/a><\/div>\n","protected":false},"author":1,"featured_media":219926,"comment_status":"open","ping_status":"open","sticky":false,"template":"","format":"standard","meta":{"footnotes":""},"categories":[10898,10948,10894,10904,10903,10947,10908,10909,11057,10896,10897],"tags":[12755,20530,12720,10910,17318],"class_list":["post-219929","post","type-post","status-publish","format-standard","has-post-thumbnail","category-ventana-ca","category-infraestructuras-ca","category-la-comarca-ca","category-sin-categorizar-ca","category-medio-ambiente-la-comarca-ca","category-politica","category-requena-ca","category-requena-utiel-ca","category-san-antonio-ca","category-seccion-ca","category-sucesos-la-comarca-ca","tag-incendio-ca","tag-planta-ca","tag-reciclaje-ca","tag-requena-utiel-ca","tag-san-antonio-ca"],"_links":{"self":[{"href":"https:\/\/tucomarca.whitekongsoftware.com\/ca\/wp-json\/wp\/v2\/posts\/219929","targetHints":{"allow":["GET"]}}],"collection":[{"href":"https:\/\/tucomarca.whitekongsoftware.com\/ca\/wp-json\/wp\/v2\/posts"}],"about":[{"href":"https:\/\/tucomarca.whitekongsoftware.com\/ca\/wp-json\/wp\/v2\/types\/post"}],"author":[{"embeddable":true,"href":"https:\/\/tucomarca.whitekongsoftware.com\/ca\/wp-json\/wp\/v2\/users\/1"}],"replies":[{"embeddable":true,"href":"https:\/\/tucomarca.whitekongsoftware.com\/ca\/wp-json\/wp\/v2\/comments?post=219929"}],"version-history":[{"count":0,"href":"https:\/\/tucomarca.whitekongsoftware.com\/ca\/wp-json\/wp\/v2\/posts\/219929\/revisions"}],"wp:featuredmedia":[{"embeddable":true,"href":"https:\/\/tucomarca.whitekongsoftware.com\/ca\/wp-json\/wp\/v2\/media\/219926"}],"wp:attachment":[{"href":"https:\/\/tucomarca.whitekongsoftware.com\/ca\/wp-json\/wp\/v2\/media?parent=219929"}],"wp:term":[{"taxonomy":"category","embeddable":true,"href":"https:\/\/tucomarca.whitekongsoftware.com\/ca\/wp-json\/wp\/v2\/categories?post=219929"},{"taxonomy":"post_tag","embeddable":true,"href":"https:\/\/tucomarca.whitekongsoftware.com\/ca\/wp-json\/wp\/v2\/tags?post=219929"}],"curies":[{"name":"wp","href":"https:\/\/api.w.org\/{rel}","templated":true}]}}