{"id":219917,"date":"2024-04-19T09:15:00","date_gmt":"2024-04-19T07:15:00","guid":{"rendered":"https:\/\/www.tucomarca.com\/wordpress\/segunda\/?p=219917"},"modified":"2024-04-19T19:13:21","modified_gmt":"2024-04-19T17:13:21","slug":"national-geographic-visita-la-provincia-per-a-coneixer-parcs-naturals-municipis-i-gastronomia-local","status":"publish","type":"post","link":"https:\/\/tucomarca.whitekongsoftware.com\/ca\/national-geographic-visita-la-provincia-per-a-coneixer-parcs-naturals-municipis-i-gastronomia-local\/","title":{"rendered":"National Geographic visita la prov\u00edncia per a con\u00e9ixer parcs naturals, municipis i gastronomia local"},"content":{"rendered":"\n<h3 class=\"wp-block-heading\"><strong>L&#8217;acci\u00f3 s&#8217;emmarca en el programa de \u2018fam trips\u2019 o viatges per a professionals del turisme en els quals la Diputaci\u00f3 de Val\u00e8ncia, a trav\u00e9s de Val\u00e8ncia Turisme, dona a con\u00e9ixer \u2018in situ\u2019 l&#8217;oferta dels diversos destins de la prov\u00edncia<\/strong>.<\/h3>\n\n\n\n<p class=\"wp-block-paragraph\">Periodistes de la revista National Geographic Traveller (el Regne Unit) han visitat esta setmana la prov\u00edncia de Val\u00e8ncia per tal de con\u00e9ixer els Parcs Naturals de l&#8217;Albufera i la Serra Calderona, a m\u00e9s de diversos municipis pr\u00f2xims a estos paratges, aix\u00ed com productes gastron\u00f2mics associats al nostre dest\u00ed.<\/p>\n\n\n\n<p class=\"wp-block-paragraph\">La visita -organitzada per Val\u00e8ncia Turisme, Turisme Comunitat Valenciana i Visit Val\u00e8ncia, en col\u00b7laboraci\u00f3 amb Turespa\u00f1a i els municipis participants- s&#8217;emmarca en el programa de \u2018fam trips\u2019 o viatges de familiaritzaci\u00f3 en els quals la Diputaci\u00f3 de Val\u00e8ncia promociona i dona a con\u00e9ixer l&#8217;oferta de destins de la prov\u00edncia als professionals del sector tur\u00edstic, que s\u00f3n els qui traslladen la informaci\u00f3 i les experi\u00e8ncies als visitants del nostre territori.<\/p>\n\n\n<div class=\"wp-block-image\">\n<figure class=\"alignleft size-large is-resized\"><img loading=\"lazy\" decoding=\"async\" width=\"768\" height=\"1024\" src=\"http:\/\/www.tucomarca.com\/wordpress\/segunda\/wp-content\/uploads\/2024\/04\/RibarojaDipu-768x1024.jpeg\" alt=\"\" class=\"wp-image-219912\" style=\"width:361px;height:auto\" srcset=\"https:\/\/tucomarca.whitekongsoftware.com\/wp-content\/uploads\/2024\/04\/RibarojaDipu-768x1024.jpeg 768w, https:\/\/tucomarca.whitekongsoftware.com\/wp-content\/uploads\/2024\/04\/RibarojaDipu-225x300.jpeg 225w, https:\/\/tucomarca.whitekongsoftware.com\/wp-content\/uploads\/2024\/04\/RibarojaDipu-1152x1536.jpeg 1152w, https:\/\/tucomarca.whitekongsoftware.com\/wp-content\/uploads\/2024\/04\/RibarojaDipu.jpeg 1200w\" sizes=\"auto, (max-width: 768px) 100vw, 768px\" \/><\/figure>\n<\/div>\n\n\n<p class=\"wp-block-paragraph\">Aix\u00ed, des de diumenge passat i fins ahir dijous, dos reporteres de la revista brit\u00e0nica han recorregut diversos enclavaments de la prov\u00edncia, comen\u00e7ant la seua visita en la Serra Calderona, i van aprofitar tamb\u00e9 per a con\u00e9ixer els municipis de Riba-roja de T\u00faria, N\u00e0quera, Torres Torres i Serra, abans d&#8217;arribar al mirador del Garb\u00ed.&nbsp;<\/p>\n\n\n\n<p class=\"wp-block-paragraph\">En la seua segona jornada es van traslladar a l&#8217;Albufera, on van realitzar una ruta pels arrossars per a apreciar els diversos ecosistemes del parc natural i van assistir a un \u2018showcooking\u2019 de paella en una barraca de la zona, en col\u00b7laboraci\u00f3 amb la Denominaci\u00f3 d&#8217;Origen \u2018Arr\u00f2s de Val\u00e8ncia\u2019.&nbsp;<\/p>\n\n\n\n<p class=\"wp-block-paragraph\">L&#8217;endem\u00e0, despr\u00e9s de disfrutar de la seua estada a Val\u00e8ncia capital, les periodistes van passar la seua \u00faltima jornada en la localitat de Carcaixent, on van visitar el centre hist\u00f2ric de la poblaci\u00f3 per a con\u00e9ixer el seu passat modernista, el Magatzem de Ribera i l&#8217;Hort Ribera, en el qual van degustar les taronges valencianes.<\/p>\n","protected":false},"excerpt":{"rendered":"<div class=\"mh-excerpt\">L&#8217;acci\u00f3 s&#8217;emmarca en el programa de \u2018fam trips\u2019 o viatges per a professionals del turisme en els quals la Diputaci\u00f3 de Val\u00e8ncia, a trav\u00e9s de Val\u00e8ncia Turisme, dona a con\u00e9ixer \u2018in situ\u2019 l&#8217;oferta dels diversos <a class=\"mh-excerpt-more\" href=\"https:\/\/tucomarca.whitekongsoftware.com\/ca\/national-geographic-visita-la-provincia-per-a-coneixer-parcs-naturals-municipis-i-gastronomia-local\/\" title=\"National Geographic visita la prov\u00edncia per a con\u00e9ixer parcs naturals, municipis i gastronomia local\">[+] <\/a><\/div>\n","protected":false},"author":1,"featured_media":219909,"comment_status":"open","ping_status":"open","sticky":false,"template":"","format":"standard","meta":{"footnotes":""},"categories":[10892,10898,10948,10894,10904,10903,10936,11007,10947,10906,10896,10933],"tags":[10899],"class_list":["post-219917","post","type-post","status-publish","format-standard","has-post-thumbnail","category-camp-de-turia-ca","category-ventana-ca","category-infraestructuras-ca","category-la-comarca-ca","category-sin-categorizar-ca","category-medio-ambiente-la-comarca-ca","category-naquera-ca","category-ocio-y-cultura-ca","category-politica","category-riba-roja-ca","category-seccion-ca","category-serra-ca","tag-camp-de-turia-ca"],"_links":{"self":[{"href":"https:\/\/tucomarca.whitekongsoftware.com\/ca\/wp-json\/wp\/v2\/posts\/219917","targetHints":{"allow":["GET"]}}],"collection":[{"href":"https:\/\/tucomarca.whitekongsoftware.com\/ca\/wp-json\/wp\/v2\/posts"}],"about":[{"href":"https:\/\/tucomarca.whitekongsoftware.com\/ca\/wp-json\/wp\/v2\/types\/post"}],"author":[{"embeddable":true,"href":"https:\/\/tucomarca.whitekongsoftware.com\/ca\/wp-json\/wp\/v2\/users\/1"}],"replies":[{"embeddable":true,"href":"https:\/\/tucomarca.whitekongsoftware.com\/ca\/wp-json\/wp\/v2\/comments?post=219917"}],"version-history":[{"count":0,"href":"https:\/\/tucomarca.whitekongsoftware.com\/ca\/wp-json\/wp\/v2\/posts\/219917\/revisions"}],"wp:featuredmedia":[{"embeddable":true,"href":"https:\/\/tucomarca.whitekongsoftware.com\/ca\/wp-json\/wp\/v2\/media\/219909"}],"wp:attachment":[{"href":"https:\/\/tucomarca.whitekongsoftware.com\/ca\/wp-json\/wp\/v2\/media?parent=219917"}],"wp:term":[{"taxonomy":"category","embeddable":true,"href":"https:\/\/tucomarca.whitekongsoftware.com\/ca\/wp-json\/wp\/v2\/categories?post=219917"},{"taxonomy":"post_tag","embeddable":true,"href":"https:\/\/tucomarca.whitekongsoftware.com\/ca\/wp-json\/wp\/v2\/tags?post=219917"}],"curies":[{"name":"wp","href":"https:\/\/api.w.org\/{rel}","templated":true}]}}