{"id":219800,"date":"2024-04-18T09:30:00","date_gmt":"2024-04-18T07:30:00","guid":{"rendered":"https:\/\/www.tucomarca.com\/wordpress\/segunda\/?p=219800"},"modified":"2024-04-18T22:13:20","modified_gmt":"2024-04-18T20:13:20","slug":"ivacei-creara-un-grup-de-treball-per-a-impulsar-la-construccio-del-pont-de-xativa-que-facilitara-el-desenvolupament-industrial-dalzira","status":"publish","type":"post","link":"https:\/\/tucomarca.whitekongsoftware.com\/ca\/ivacei-creara-un-grup-de-treball-per-a-impulsar-la-construccio-del-pont-de-xativa-que-facilitara-el-desenvolupament-industrial-dalzira\/","title":{"rendered":"Ivace+i crear\u00e0 un grup de treball per a impulsar la construcci\u00f3 del pont de X\u00e0tiva que facilitar\u00e0 el desenvolupament industrial d\u2019Alzira"},"content":{"rendered":"\n<p class=\"wp-block-paragraph\"><strong>El secretari auton\u00f2mic d\u2019Ind\u00fastria destaca la import\u00e0ncia d\u2019esta infraestructura per al creixement empresarial i econ\u00f2mic d\u2019Alzira<\/strong><\/p>\n\n\n\n<p class=\"wp-block-paragraph\"><strong>Trasllada al sector empresarial de la ciutat la voluntat i el comprom\u00eds de la Generalitat per al seu desenvolupament<\/strong><\/p>\n\n\n\n<p class=\"wp-block-paragraph\">El secretari auton\u00f2mic d\u2019Ind\u00fastria, Comer\u00e7 i Consum, Felipe Carrasco, ha anunciat que Ivace+i crear\u00e0 un grup de treball amb tots els agents implicats per a impulsar el projecte definitiu del nou pont de X\u00e0tiva a la ciutat d\u2019Alzira.<\/p>\n\n\n\n<p class=\"wp-block-paragraph\">Aix\u00ed, ha detallat que comptar\u00e0 amb la participaci\u00f3 de les conselleries d\u2019Innovaci\u00f3, Ind\u00fastria, Comer\u00e7 i Turisme i de Medi Ambient, Aigua, Infraestructures i Territori; l\u2019Ajuntament d\u2019Alzira; Iberdrola, i la Confederaci\u00f3 Hidrogr\u00e0fica del X\u00faquer.<\/p>\n\n\n\n<p class=\"wp-block-paragraph\">Per al secretari auton\u00f2mic es tracta d\u2019una infraestructura molt necess\u00e0ria per al creixement econ\u00f2mic i empresarial d\u2019Alzira i que ara, despr\u00e9s d\u2019anys estancada, \u201cimpulsarem des del Consell, facilitant aix\u00ed la creaci\u00f3 de l\u2019entitat de gesti\u00f3 i modernitzaci\u00f3 de l\u2019\u00e0rea industrial Partida Materna\u201d.<\/p>\n\n\n\n<p class=\"wp-block-paragraph\">\u201cVull traslladar l\u2019absoluta voluntat pol\u00edtica i la m\u00e0 tendida des de la Generalitat amb l\u2019Ajuntament d\u2019Alzira per a buscar, de manera conjunta, solucions que permeten construir esta infraestructura\u201d, ha assegurat.<\/p>\n\n\n\n<p class=\"wp-block-paragraph\">Cal recordar que el pont de X\u00e0tiva compta amb una partida pressupost\u00e0ria per part del Govern central que est\u00e0 supeditada al fet que les obres estiguen finalitzades en l\u2019exercici 2026, \u201csi no \u00e9s aix\u00ed es perdria esta partida econ\u00f2mica i Alzira perdria tamb\u00e9 una oportunitat perqu\u00e8 el seu sector empresarial continue sent competitiu\u201d.<\/p>\n\n\n\n<p class=\"wp-block-paragraph\">Carrasco ha fet estes declaracions despr\u00e9s de la reuni\u00f3 que ha mantingut amb l\u2019Associaci\u00f3 Empresarial Alzira (AEA), en la qual ha conegut de primera m\u00e0 les necessitats del sector empresarial en els temes relacionats amb les \u00e0rees industrials de la ciutat.<\/p>\n\n\n\n<p class=\"wp-block-paragraph\">Junt amb el secretari auton\u00f2mic han participat en la reuni\u00f3, a m\u00e9s del president d\u2019AEA, Ra\u00fal Tudela, el vicepresident Javier Sanchis, la gerent Nuria Gil i el vocal Pedro Andr\u00e9s, aix\u00ed com Jos\u00e9 Luis Palacios per part de l\u2019Ajuntament d\u2019Alzira.<\/p>\n\n\n\n<p class=\"wp-block-paragraph\">En esta trobada s\u2019han abordat q\u00fcestions com el desenvolupament del PAI de l\u2019\u00e0rea industrial Carretera d\u2019Albalat o la connexi\u00f3 d\u2019Alzira amb l\u2019AP-7, iniciatives en les quals Carrasco ha traslladat el suport i la total col\u00b7laboraci\u00f3 de la Conselleria d\u2019Ind\u00fastria amb el teixit empresarial d\u2019Alzira.<\/p>\n\n\n\n<p class=\"wp-block-paragraph\">\u201cAlzira necessita un suport de les institucions, no nom\u00e9s a escala auton\u00f2mica, com ja ho estem fent, sin\u00f3 tamb\u00e9 per part del Govern central per a poder desenvolupar la seua activitat industrial sense perdre competitivitat ni ocupaci\u00f3 industrial\u201d, ha assenyalat sobre este tema.<\/p>\n\n\n\n<p class=\"wp-block-paragraph\"><strong>Visita a empreses<\/strong><\/p>\n\n\n\n<p class=\"wp-block-paragraph\">Despr\u00e9s de la reuni\u00f3 amb l\u2019Associaci\u00f3 Empresarial Alzira, el secretari auton\u00f2mic ha visitat l\u2019empresa Transportes Mazo, que s\u2019ha consolidat com a referent en transport de mercaderia refrigerada a escala nacional i internacional i que t\u00e9 m\u00e9s de 80 anys d\u2019hist\u00f2ria.<\/p>\n\n\n\n<p class=\"wp-block-paragraph\">Aix\u00ed mateix, ha conegut de primera m\u00e0 les instal\u00b7lacions de Texlimca, que contribu\u00efx al desenvolupament sostenible de la ind\u00fastria t\u00e8xtil a trav\u00e9s de solucions efectives als residus t\u00e8xtils, el foment de la protecci\u00f3 del medi ambient, la contribuci\u00f3 al creixement econ\u00f2mic i el comprom\u00eds social del sector, i est\u00e0 plenament alineada amb l\u2019economia circular.<\/p>\n","protected":false},"excerpt":{"rendered":"<div class=\"mh-excerpt\">El secretari auton\u00f2mic d\u2019Ind\u00fastria destaca la import\u00e0ncia d\u2019esta infraestructura per al creixement empresarial i econ\u00f2mic d\u2019Alzira Trasllada al sector empresarial de la ciutat la voluntat i el comprom\u00eds de la Generalitat per al seu desenvolupament <a class=\"mh-excerpt-more\" href=\"https:\/\/tucomarca.whitekongsoftware.com\/ca\/ivacei-creara-un-grup-de-treball-per-a-impulsar-la-construccio-del-pont-de-xativa-que-facilitara-el-desenvolupament-industrial-dalzira\/\" title=\"Ivace+i crear\u00e0 un grup de treball per a impulsar la construcci\u00f3 del pont de X\u00e0tiva que facilitar\u00e0 el desenvolupament industrial d\u2019Alzira\">[+] <\/a><\/div>\n","protected":false},"author":13,"featured_media":219798,"comment_status":"open","ping_status":"open","sticky":false,"template":"","format":"standard","meta":{"footnotes":""},"categories":[10889,10898,10948,10894,10902,10947,10896],"tags":[11192,12903,11356],"class_list":["post-219800","post","type-post","status-publish","format-standard","has-post-thumbnail","category-alzira-cat","category-ventana-ca","category-infraestructuras-ca","category-la-comarca-ca","category-la-ribera-ca","category-politica","category-seccion-ca","tag-alzira-ca","tag-infraestructuras-ca","tag-ribera-alta-ca"],"_links":{"self":[{"href":"https:\/\/tucomarca.whitekongsoftware.com\/ca\/wp-json\/wp\/v2\/posts\/219800","targetHints":{"allow":["GET"]}}],"collection":[{"href":"https:\/\/tucomarca.whitekongsoftware.com\/ca\/wp-json\/wp\/v2\/posts"}],"about":[{"href":"https:\/\/tucomarca.whitekongsoftware.com\/ca\/wp-json\/wp\/v2\/types\/post"}],"author":[{"embeddable":true,"href":"https:\/\/tucomarca.whitekongsoftware.com\/ca\/wp-json\/wp\/v2\/users\/13"}],"replies":[{"embeddable":true,"href":"https:\/\/tucomarca.whitekongsoftware.com\/ca\/wp-json\/wp\/v2\/comments?post=219800"}],"version-history":[{"count":0,"href":"https:\/\/tucomarca.whitekongsoftware.com\/ca\/wp-json\/wp\/v2\/posts\/219800\/revisions"}],"wp:featuredmedia":[{"embeddable":true,"href":"https:\/\/tucomarca.whitekongsoftware.com\/ca\/wp-json\/wp\/v2\/media\/219798"}],"wp:attachment":[{"href":"https:\/\/tucomarca.whitekongsoftware.com\/ca\/wp-json\/wp\/v2\/media?parent=219800"}],"wp:term":[{"taxonomy":"category","embeddable":true,"href":"https:\/\/tucomarca.whitekongsoftware.com\/ca\/wp-json\/wp\/v2\/categories?post=219800"},{"taxonomy":"post_tag","embeddable":true,"href":"https:\/\/tucomarca.whitekongsoftware.com\/ca\/wp-json\/wp\/v2\/tags?post=219800"}],"curies":[{"name":"wp","href":"https:\/\/api.w.org\/{rel}","templated":true}]}}