{"id":219643,"date":"2024-04-17T14:00:00","date_gmt":"2024-04-17T12:00:00","guid":{"rendered":"https:\/\/www.tucomarca.com\/wordpress\/segunda\/?p=219643"},"modified":"2024-04-17T22:04:56","modified_gmt":"2024-04-17T20:04:56","slug":"benaguasil-promou-un-intercanvi-de-joves-amb-guardistallo","status":"publish","type":"post","link":"https:\/\/tucomarca.whitekongsoftware.com\/ca\/benaguasil-promou-un-intercanvi-de-joves-amb-guardistallo\/","title":{"rendered":"Benaguasil promou un intercanvi de joves amb Guardistallo"},"content":{"rendered":"\n<h3 class=\"wp-block-heading\">Es tracta d&#8217;una activitat emmarcada dins de l&#8217;agermanament entre els dos municipis<\/h3>\n\n\n\n<p class=\"wp-block-paragraph\">L&#8217;Ajuntament de Benaguasil ha posat en marxa el primer projecte d&#8217;intercanvi juvenil amb la finalitat d&#8217;oferir als joves la possibilitat de viatjar, con\u00e9ixer altres cultures, compartir idees i inquietuds amb joves de Guardistallo, municipi amb el qual Benaguasil est\u00e0 agermanat.<br>L&#8217;intercanvi est\u00e0 dirigit a xics\/as nascuts en 2008 i 2009, empadronats en el municipi, sent 12 les places convocades.<br>L&#8217;activitat es desenvolupar\u00e0 del 28 de juny al 6 de juliol en Guardistallo, mentre que la delegaci\u00f3 de Guardistallo viatjar\u00e0 a Benaguasil del 2 al 8 de setembre.<br>Els joves s&#8217;allotjaran amb una fam\u00edlia del municipi amfitri\u00f3 participant en l&#8217;intercanvi en cadascuna de les localitats. De la mateixa manera tamb\u00e9 hi ha la possibilitat d&#8217;allotjar-se a casa de voluntaris, que no tinguen fills dins del projecte per\u00f2 col\u00b7laboren en aquest. Aix\u00ed mateix la delegaci\u00f3 del Municipi comptar\u00e0 amb la pres\u00e8ncia de monitors enviats per l&#8217;Ajuntament.<br>Les fam\u00edlies participants hauran d&#8217;assumir el cost dels vols del seu fill\/a, aix\u00ed com les despeses privades i d&#8217;oci de cadascun. Les despeses de manteniment, allotjament, excursions i altres despeses derivades de l&#8217;intercanvi, queden inclosos dins del projecte.<br>Les persones interessades podran inscriure&#8217;s presencialment a l&#8217;Ajuntament o a trav\u00e9s de la seu electr\u00f2nica, des del dilluns 22 d&#8217;abril fins al divendres 10 de maig.&nbsp;<br>La regidor de Joventut, Ana Aleixandre ha explicat que \u201ces tracta d&#8217;una iniciativa que s&#8217;emmarca dins del Pla Municipal d&#8217;Intercanvis i activitats Europees d&#8217;aquest any 2024, i que pret\u00e9n que els joves dels nostres municipis puguen viatjar a un altre pa\u00eds, con\u00e9ixer la seua cultura i els seus costums, a m\u00e9s de fomentar l&#8217;aprenentatge de la llengua\u201d.<\/p>\n","protected":false},"excerpt":{"rendered":"<div class=\"mh-excerpt\">Es tracta d&#8217;una activitat emmarcada dins de l&#8217;agermanament entre els dos municipis L&#8217;Ajuntament de Benaguasil ha posat en marxa el primer projecte d&#8217;intercanvi juvenil amb la finalitat d&#8217;oferir als joves la possibilitat de viatjar, con\u00e9ixer <a class=\"mh-excerpt-more\" href=\"https:\/\/tucomarca.whitekongsoftware.com\/ca\/benaguasil-promou-un-intercanvi-de-joves-amb-guardistallo\/\" title=\"Benaguasil promou un intercanvi de joves amb Guardistallo\">[+] <\/a><\/div>\n","protected":false},"author":12,"featured_media":219641,"comment_status":"open","ping_status":"open","sticky":false,"template":"","format":"standard","meta":{"footnotes":""},"categories":[10952,10892,10894,11007,10947,10896],"tags":[11136,10899,20511],"class_list":["post-219643","post","type-post","status-publish","format-standard","has-post-thumbnail","category-benaguasil-ca","category-camp-de-turia-ca","category-la-comarca-ca","category-ocio-y-cultura-ca","category-politica","category-seccion-ca","tag-benaguasil-ca","tag-camp-de-turia-ca","tag-intercambio-ca"],"_links":{"self":[{"href":"https:\/\/tucomarca.whitekongsoftware.com\/ca\/wp-json\/wp\/v2\/posts\/219643","targetHints":{"allow":["GET"]}}],"collection":[{"href":"https:\/\/tucomarca.whitekongsoftware.com\/ca\/wp-json\/wp\/v2\/posts"}],"about":[{"href":"https:\/\/tucomarca.whitekongsoftware.com\/ca\/wp-json\/wp\/v2\/types\/post"}],"author":[{"embeddable":true,"href":"https:\/\/tucomarca.whitekongsoftware.com\/ca\/wp-json\/wp\/v2\/users\/12"}],"replies":[{"embeddable":true,"href":"https:\/\/tucomarca.whitekongsoftware.com\/ca\/wp-json\/wp\/v2\/comments?post=219643"}],"version-history":[{"count":0,"href":"https:\/\/tucomarca.whitekongsoftware.com\/ca\/wp-json\/wp\/v2\/posts\/219643\/revisions"}],"wp:featuredmedia":[{"embeddable":true,"href":"https:\/\/tucomarca.whitekongsoftware.com\/ca\/wp-json\/wp\/v2\/media\/219641"}],"wp:attachment":[{"href":"https:\/\/tucomarca.whitekongsoftware.com\/ca\/wp-json\/wp\/v2\/media?parent=219643"}],"wp:term":[{"taxonomy":"category","embeddable":true,"href":"https:\/\/tucomarca.whitekongsoftware.com\/ca\/wp-json\/wp\/v2\/categories?post=219643"},{"taxonomy":"post_tag","embeddable":true,"href":"https:\/\/tucomarca.whitekongsoftware.com\/ca\/wp-json\/wp\/v2\/tags?post=219643"}],"curies":[{"name":"wp","href":"https:\/\/api.w.org\/{rel}","templated":true}]}}