{"id":219584,"date":"2024-04-16T07:50:00","date_gmt":"2024-04-16T05:50:00","guid":{"rendered":"https:\/\/www.tucomarca.com\/wordpress\/segunda\/?p=219584"},"modified":"2024-04-16T22:34:40","modified_gmt":"2024-04-16T20:34:40","slug":"arranca-el-v-cicle-de-musica-de-cambra-godelleta","status":"publish","type":"post","link":"https:\/\/tucomarca.whitekongsoftware.com\/ca\/arranca-el-v-cicle-de-musica-de-cambra-godelleta\/","title":{"rendered":"Arranca el V Cicle de M\u00fasica de Cambra Godelleta\u00a0"},"content":{"rendered":"\n<p class=\"wp-block-paragraph\">Godelleta s&#8217;ompli de m\u00fasica amb el comen\u00e7ament el&nbsp;V&nbsp;Cicle&nbsp;de&nbsp;M\u00fasica de Cambra Godelleta aquest passat divendres en la sala d&#8217;actes de l&#8217;ajuntament amb el musical teatral Els Tres Cerditos per a l&#8217;alumnat del CEIP Enrique Tierno Galv\u00e1n.&nbsp;<\/p>\n\n\n\n<p class=\"wp-block-paragraph\">S&#8217;ha dividit en dues sessions, una per a l&#8217;alumnat de 1\u00b0 a 3\u00b0 de prim\u00e0ria i una altra per a 4\u00b0 a 6\u00b0 de prim\u00e0ria. Una jornada din\u00e0mica on es promou la cultura musical en l&#8217;educaci\u00f3.<\/p>\n\n\n\n<p class=\"wp-block-paragraph\">Durant aquest el cap de setmana s&#8217;ha gaudit de la m\u00fasica en directe, amb les actuacions del Duo Codair, S\u00e9pia Wind Quintet i a Saxers Quartet.&nbsp;<\/p>\n\n\n\n<p class=\"wp-block-paragraph\">El municipi continuar\u00e0 amb el V Cicle de M\u00fasica de Cambra, el dissabte 27, i el diumenge 28 d&#8217;abril, a les 12 hores, dia en qu\u00e8 es posar\u00e0 fi a aquesta edici\u00f3 amb el concert de Schola Saix Ensemble i Perkuman\u00eda Ensemble.&nbsp;<\/p>\n\n\n\n<p class=\"wp-block-paragraph\">La recaptaci\u00f3 de la majoria d&#8217;actes es destinar\u00e0 a l&#8217;Associaci\u00f3 ADELA-CV. A m\u00e9s, tamb\u00e9 estar\u00e0 disponible en l&#8217;entrada l&#8217;adquisici\u00f3 de samarretes o totebags a mode de donatiu.<\/p>\n\n\n\n<p class=\"wp-block-paragraph\">Fotos: <strong>Ayto. Godelleta <\/strong>y<strong> Joaqu\u00edn Cuallado<\/strong>.<\/p>\n\n\n\n<figure class=\"wp-block-gallery has-nested-images columns-1 is-cropped wp-block-gallery-1 is-layout-flex wp-block-gallery-is-layout-flex\">\n<figure class=\"wp-block-image size-large\"><img loading=\"lazy\" decoding=\"async\" width=\"886\" height=\"713\" data-id=\"219575\" src=\"https:\/\/www.tucomarca.com\/wordpress\/segunda\/wp-content\/uploads\/2024\/04\/GodelletaCamara1.jpg\" alt=\"\" class=\"wp-image-219575\" srcset=\"https:\/\/tucomarca.whitekongsoftware.com\/wp-content\/uploads\/2024\/04\/GodelletaCamara1.jpg 886w, https:\/\/tucomarca.whitekongsoftware.com\/wp-content\/uploads\/2024\/04\/GodelletaCamara1-300x241.jpg 300w, https:\/\/tucomarca.whitekongsoftware.com\/wp-content\/uploads\/2024\/04\/GodelletaCamara1-768x618.jpg 768w\" sizes=\"auto, (max-width: 886px) 100vw, 886px\" \/><\/figure>\n\n\n\n<figure class=\"wp-block-image size-large\"><img loading=\"lazy\" decoding=\"async\" width=\"886\" height=\"638\" data-id=\"219577\" src=\"https:\/\/www.tucomarca.com\/wordpress\/segunda\/wp-content\/uploads\/2024\/04\/GodelletaCamara2.jpg\" alt=\"\" class=\"wp-image-219577\" srcset=\"https:\/\/tucomarca.whitekongsoftware.com\/wp-content\/uploads\/2024\/04\/GodelletaCamara2.jpg 886w, https:\/\/tucomarca.whitekongsoftware.com\/wp-content\/uploads\/2024\/04\/GodelletaCamara2-300x216.jpg 300w, https:\/\/tucomarca.whitekongsoftware.com\/wp-content\/uploads\/2024\/04\/GodelletaCamara2-768x553.jpg 768w\" sizes=\"auto, (max-width: 886px) 100vw, 886px\" \/><\/figure>\n\n\n\n<figure class=\"wp-block-image size-large\"><img loading=\"lazy\" decoding=\"async\" width=\"886\" height=\"505\" data-id=\"219581\" src=\"https:\/\/www.tucomarca.com\/wordpress\/segunda\/wp-content\/uploads\/2024\/04\/GodelletaCamara4.jpg\" alt=\"\" class=\"wp-image-219581\" srcset=\"https:\/\/tucomarca.whitekongsoftware.com\/wp-content\/uploads\/2024\/04\/GodelletaCamara4.jpg 886w, https:\/\/tucomarca.whitekongsoftware.com\/wp-content\/uploads\/2024\/04\/GodelletaCamara4-300x171.jpg 300w, https:\/\/tucomarca.whitekongsoftware.com\/wp-content\/uploads\/2024\/04\/GodelletaCamara4-768x438.jpg 768w\" sizes=\"auto, (max-width: 886px) 100vw, 886px\" \/><\/figure>\n<\/figure>\n","protected":false},"excerpt":{"rendered":"<div class=\"mh-excerpt\">Godelleta s&#8217;ompli de m\u00fasica amb el comen\u00e7ament el&nbsp;V&nbsp;Cicle&nbsp;de&nbsp;M\u00fasica de Cambra Godelleta aquest passat divendres en la sala d&#8217;actes de l&#8217;ajuntament amb el musical teatral Els Tres Cerditos per a l&#8217;alumnat del CEIP Enrique Tierno Galv\u00e1n.&nbsp; <a class=\"mh-excerpt-more\" href=\"https:\/\/tucomarca.whitekongsoftware.com\/ca\/arranca-el-v-cicle-de-musica-de-cambra-godelleta\/\" title=\"Arranca el V Cicle de M\u00fasica de Cambra Godelleta\u00a0\">[+] <\/a><\/div>\n","protected":false},"author":12,"featured_media":219580,"comment_status":"open","ping_status":"open","sticky":false,"template":"","format":"gallery","meta":{"footnotes":""},"categories":[11005,10977,10894,10912,11007,10896],"tags":[11087,10914],"class_list":["post-219584","post","type-post","status-publish","format-gallery","has-post-thumbnail","category-canal-musica","category-godelleta-ca","category-la-comarca-ca","category-la-hoya-ca","category-ocio-y-cultura-ca","category-seccion-ca","tag-godelleta-ca","tag-la-hoya-de-bunol-chiva-ca","post_format-post-format-gallery"],"_links":{"self":[{"href":"https:\/\/tucomarca.whitekongsoftware.com\/ca\/wp-json\/wp\/v2\/posts\/219584","targetHints":{"allow":["GET"]}}],"collection":[{"href":"https:\/\/tucomarca.whitekongsoftware.com\/ca\/wp-json\/wp\/v2\/posts"}],"about":[{"href":"https:\/\/tucomarca.whitekongsoftware.com\/ca\/wp-json\/wp\/v2\/types\/post"}],"author":[{"embeddable":true,"href":"https:\/\/tucomarca.whitekongsoftware.com\/ca\/wp-json\/wp\/v2\/users\/12"}],"replies":[{"embeddable":true,"href":"https:\/\/tucomarca.whitekongsoftware.com\/ca\/wp-json\/wp\/v2\/comments?post=219584"}],"version-history":[{"count":0,"href":"https:\/\/tucomarca.whitekongsoftware.com\/ca\/wp-json\/wp\/v2\/posts\/219584\/revisions"}],"wp:featuredmedia":[{"embeddable":true,"href":"https:\/\/tucomarca.whitekongsoftware.com\/ca\/wp-json\/wp\/v2\/media\/219580"}],"wp:attachment":[{"href":"https:\/\/tucomarca.whitekongsoftware.com\/ca\/wp-json\/wp\/v2\/media?parent=219584"}],"wp:term":[{"taxonomy":"category","embeddable":true,"href":"https:\/\/tucomarca.whitekongsoftware.com\/ca\/wp-json\/wp\/v2\/categories?post=219584"},{"taxonomy":"post_tag","embeddable":true,"href":"https:\/\/tucomarca.whitekongsoftware.com\/ca\/wp-json\/wp\/v2\/tags?post=219584"}],"curies":[{"name":"wp","href":"https:\/\/api.w.org\/{rel}","templated":true}]}}