{"id":219499,"date":"2024-04-16T06:30:00","date_gmt":"2024-04-16T04:30:00","guid":{"rendered":"https:\/\/www.tucomarca.com\/wordpress\/segunda\/?p=219499"},"modified":"2024-04-16T21:06:46","modified_gmt":"2024-04-16T19:06:46","slug":"ava-asaja-qualifica-de-contraproduent-la-prohibicio-sense-matisos-de-les-cremes-agricoles","status":"publish","type":"post","link":"https:\/\/tucomarca.whitekongsoftware.com\/ca\/ava-asaja-qualifica-de-contraproduent-la-prohibicio-sense-matisos-de-les-cremes-agricoles\/","title":{"rendered":"AVA-Asaja qualifica de \u201ccontraproduent\u201d la prohibici\u00f3 sense matisos de les cremes agr\u00edcoles"},"content":{"rendered":"\n<h3 class=\"wp-block-heading\">Aguado: \u201cDeixar les restes de poda secs sis mesos \u00e9s un polvor\u00ed i pot ser pitjor el remei que la malaltia en generar m\u00e9s incendis dels que es volen evitar\u201d.<\/h3>\n\n\n\n<p class=\"wp-block-paragraph\">L&#8217;Associaci\u00f3 Valenciana d&#8217;Agricultors (AVA-Asaja) qualifica de \u201ccontraproduent\u201d la decisi\u00f3 de la Generalitat de prohibir amb car\u00e0cter general i sense matisos les cremes agr\u00edcoles fins al 16 d&#8217;octubre. Segons destaca el president de AVA-Asaja, Crist\u00f3bal Aguado, \u201cdeixar les restes de poda assecant-se durant sis mesos \u00e9s un polvor\u00ed i aquesta mesura, tal com est\u00e0 redactada, pot resultar pitjor que la malaltia en generar m\u00e9s incendis en el medi rural dels quals es volen previndre\u201d.&nbsp;<br>L&#8217;aspecte de la resoluci\u00f3 que m\u00e9s malestar i confusi\u00f3 ocasiona en les files del sector agrari \u00e9s que la prohibici\u00f3 de cremes no difer\u00e8ncia entre els camps que estan a menys de 500 metres de massa forestal dels altres, on l\u00f2gicament no existeix el mateix risc d&#8217;incendi. Tampoc introdueix mesures preventives o correctores (com l&#8217;obligaci\u00f3 de comptar amb el perm\u00eds de l&#8217;ajuntament, disposar d&#8217;un tanc d&#8217;aigua, etc.) que permeta cremes particulars amb la m\u00e0xima seguretat possible.&nbsp;<br>El sector agrari es troba en aquests moments de l&#8217;any en plena \u00e8poca de poda dels cultius llenyosos, aix\u00ed com d&#8217;arrancada d&#8217;arbres per a transformaci\u00f3 de les explotacions. Aquestes labors, que han de fer-se ara d&#8217;acord amb el cicle natural de les plantacions, deixaran en el s\u00f2l multitud de restes vegetals que representen un reservori de plagues i malalties i una quantitat excessiva de biomassa amb potencial risc d&#8217;incendi.&nbsp;<br>Per aix\u00f2, AVA-Asaja sol\u00b7licita al govern valenci\u00e0 que contemple la possibilitat legal d&#8217;autoritzar cremes agr\u00edcoles amb condicions de seguretat i en aquells moments puntuals en els quals la situaci\u00f3 clim\u00e0tica canvie i existisca menys risc. En tot cas, l&#8217;associaci\u00f3 demana un pla seri\u00f3s per a subvencionar trituradores a nivell particular o col\u00b7lectiu. Una gran part del sector agrari valenci\u00e0 ja tritura les restes de poda, per\u00f2 hi ha agricultors que nom\u00e9s poden rec\u00f3rrer a la crema, sobretot en aquelles parcel\u00b7les amb dif\u00edcil acc\u00e9s de la maquin\u00e0ria, ja siga pel marc de plantaci\u00f3 com per l&#8217;orografia.&nbsp;<br>Sobre l&#8217;\u00faltim incendi a T\u00e0rbena que es va originar en camps abandonats, Aguado subratlla que \u201cportem molts anys advertint a la classe pol\u00edtica i a la societat en el seu conjunt que la millor prevenci\u00f3 d&#8217;incendis \u00e9s mantindre els camps cultivats, que s\u00f3n el bosc verd que no es crema. Mentre que les parcel\u00b7les abandonades acceleren la velocitat de les flames, les cultivades frenen l&#8217;avan\u00e7 del foc i serveixen de zona de seguretat als bombers. Si hem arribat a aquesta situaci\u00f3 tan preocupant, \u00e9s per la falta de pol\u00edtiques per a garantir una rendibilitat digna en l&#8217;agricultura\u201d.&nbsp;<br>Aix\u00ed mateix, AVA-Asaja insta les diferents administracions a millorar la neteja dels barrancs i els espais forestals de propietat p\u00fablica, ja que la biomassa acumulada en els mateixos contribueix a augmentar el n\u00famero i la gravetat dels incendis.<\/p>\n","protected":false},"excerpt":{"rendered":"<div class=\"mh-excerpt\">Aguado: \u201cDeixar les restes de poda secs sis mesos \u00e9s un polvor\u00ed i pot ser pitjor el remei que la malaltia en generar m\u00e9s incendis dels que es volen evitar\u201d. L&#8217;Associaci\u00f3 Valenciana d&#8217;Agricultors (AVA-Asaja) qualifica <a class=\"mh-excerpt-more\" href=\"https:\/\/tucomarca.whitekongsoftware.com\/ca\/ava-asaja-qualifica-de-contraproduent-la-prohibicio-sense-matisos-de-les-cremes-agricoles\/\" title=\"AVA-Asaja qualifica de \u201ccontraproduent\u201d la prohibici\u00f3 sense matisos de les cremes agr\u00edcoles\">[+] <\/a><\/div>\n","protected":false},"author":12,"featured_media":157151,"comment_status":"open","ping_status":"open","sticky":false,"template":"","format":"standard","meta":{"footnotes":""},"categories":[10905,10898,10948,10894,10904,10903,10947,10896,10897],"tags":[11924,19323],"class_list":["post-219499","post","type-post","status-publish","format-standard","has-post-thumbnail","category-agricultura-la-comarca-ca","category-ventana-ca","category-infraestructuras-ca","category-la-comarca-ca","category-sin-categorizar-ca","category-medio-ambiente-la-comarca-ca","category-politica","category-seccion-ca","category-sucesos-la-comarca-ca","tag-ava-asaja-ca","tag-quemas-agricolas-ca"],"_links":{"self":[{"href":"https:\/\/tucomarca.whitekongsoftware.com\/ca\/wp-json\/wp\/v2\/posts\/219499","targetHints":{"allow":["GET"]}}],"collection":[{"href":"https:\/\/tucomarca.whitekongsoftware.com\/ca\/wp-json\/wp\/v2\/posts"}],"about":[{"href":"https:\/\/tucomarca.whitekongsoftware.com\/ca\/wp-json\/wp\/v2\/types\/post"}],"author":[{"embeddable":true,"href":"https:\/\/tucomarca.whitekongsoftware.com\/ca\/wp-json\/wp\/v2\/users\/12"}],"replies":[{"embeddable":true,"href":"https:\/\/tucomarca.whitekongsoftware.com\/ca\/wp-json\/wp\/v2\/comments?post=219499"}],"version-history":[{"count":0,"href":"https:\/\/tucomarca.whitekongsoftware.com\/ca\/wp-json\/wp\/v2\/posts\/219499\/revisions"}],"wp:featuredmedia":[{"embeddable":true,"href":"https:\/\/tucomarca.whitekongsoftware.com\/ca\/wp-json\/wp\/v2\/media\/157151"}],"wp:attachment":[{"href":"https:\/\/tucomarca.whitekongsoftware.com\/ca\/wp-json\/wp\/v2\/media?parent=219499"}],"wp:term":[{"taxonomy":"category","embeddable":true,"href":"https:\/\/tucomarca.whitekongsoftware.com\/ca\/wp-json\/wp\/v2\/categories?post=219499"},{"taxonomy":"post_tag","embeddable":true,"href":"https:\/\/tucomarca.whitekongsoftware.com\/ca\/wp-json\/wp\/v2\/tags?post=219499"}],"curies":[{"name":"wp","href":"https:\/\/api.w.org\/{rel}","templated":true}]}}