{"id":219493,"date":"2024-04-16T06:45:00","date_gmt":"2024-04-16T04:45:00","guid":{"rendered":"https:\/\/www.tucomarca.com\/wordpress\/segunda\/?p=219493"},"modified":"2024-04-16T21:15:18","modified_gmt":"2024-04-16T19:15:18","slug":"la-unio-demanda-un-pla-de-cremes-agricoles-adaptat-a-les-realitats-agricoles-de-les-zones-i-als-riscos-meteorologics","status":"publish","type":"post","link":"https:\/\/tucomarca.whitekongsoftware.com\/ca\/la-unio-demanda-un-pla-de-cremes-agricoles-adaptat-a-les-realitats-agricoles-de-les-zones-i-als-riscos-meteorologics\/","title":{"rendered":"La Uni\u00f3 demanda un pla de cremes agr\u00edcoles adaptat a les realitats agr\u00edcoles de les zones i als riscos meteorol\u00f2gics"},"content":{"rendered":"\n<h3 class=\"wp-block-heading\">L&#8217;organitzaci\u00f3 proposa una ajuda als llauradors per cultivar les franges agr\u00edcoles que limiten amb les \u00e0rees forestals, per serveis que presten a la societat, ja que minimitzaria els incendis i estalviaria diners a Administracions.<\/h3>\n\n\n\n<p class=\"wp-block-paragraph\">La Uni\u00f3 Llauradora reclama que en lloc de prohibir les cremes agr\u00edcoles com ha fet la Generalitat amb la publicaci\u00f3 d&#8217;una Resoluci\u00f3 ahir en el DOGV dos mesos abans del per\u00edode establit fins ara s&#8217;haurien de tindre en compte les realitats agr\u00edcoles de les diverses zones i tamb\u00e9 els riscos meteorol\u00f2gics existents.<\/p>\n\n\n\n<p class=\"wp-block-paragraph\">L&#8217;organitzaci\u00f3 insta a la Generalitat a emetre una nota aclaridora sobre la situaci\u00f3 de les cremes agr\u00edcoles en relaci\u00f3 a les dist\u00e0ncies, excepcionalitats o com han de demanar de manera \u00e0gil i r\u00e0pida els llauradors una sol\u00b7licitud de motiu degudament justificat.<\/p>\n\n\n\n<p class=\"wp-block-paragraph\">L&#8217;organitzaci\u00f3 considera que prohibir de forma generalitzada les cremes agr\u00edcoles no \u00e9s la soluci\u00f3 en aquests moments i no es pot legislar a colp de titular. \u201cNo es pot aplicar la mateixa normativa per a tots, perqu\u00e8 no \u00e9s el mateix una determinada zona que una altra i no es poden prohibir les cremes agr\u00edcoles quan els avisos meteorol\u00f2gics adversos de calor i temperatures elevades siguen baixos o moderats\u201d, assenyala Carles Peris, secretari general de La Uni\u00f3.<\/p>\n\n\n\n<p class=\"wp-block-paragraph\">En aquest sentit, Peris reitera que \u201cel per\u00edode d&#8217;autoritzaci\u00f3 de les cremes agr\u00edcoles i marges s&#8217;adapte a la realitat agr\u00edcola de cada any i zona segons les necessitats de les diverses localitats i sobretot a les circumst\u00e0ncies meteorol\u00f2giques\u201d. S&#8217;hauria d&#8217;establir un sistema perqu\u00e8 en funci\u00f3 del que diu el Nivell de preemerg\u00e8ncia de la Generalitat es poguera cremar all\u00e0 on el risc d&#8217;incendi siga de nivell baix\/mitj\u00e0, ja que fins i tot es pot consultar a nivell de cada municipi. Per aix\u00f2 l&#8217;organitzaci\u00f3 agr\u00e0ria advoca per dotar als Ajuntaments de m\u00e9s compet\u00e8ncies per a gestionar les cremes i delimitar les zones en els seus termes municipals. \u201cPoden haver-hi franges de zones agr\u00edcoles on es limiten m\u00e9s les cremes i altres zones sense perill on es faciliten m\u00e9s i per m\u00e9s temps\u201d, afirma el secretari general de La Uni\u00f3.<\/p>\n\n\n\n<p class=\"wp-block-paragraph\">La Uni\u00f3 assenyala que de manera majorit\u00e0ria ja no es cremen les restes vegetals, principalment la poda, perqu\u00e8 \u00e9s m\u00e9s costosa que la trituraci\u00f3. Aix\u00ed i tot, \u00e9s necessari cremar perqu\u00e8 estem en ple per\u00edode del treball de poda i gesti\u00f3 de les restes agr\u00edcoles, i hi ha zones on no existix la possibilitat de trituraci\u00f3 de les restes de poda en tindre un dif\u00edcil acc\u00e9s per a les trituradores o un marc de plantaci\u00f3 que no ho permet. La crema \u00e9s imprescindible tamb\u00e9 en parcel\u00b7les en reconversi\u00f3 amb arrancada i posterior nova plantaci\u00f3 i en determinats casos \u00e9s necess\u00e0ria per motius fitosanitaris.<\/p>\n\n\n\n<p class=\"wp-block-paragraph\">D&#8217;altra banda, l&#8217;acumulaci\u00f3 de restes vegetals en un camp durant tants mesos pot provocar tamb\u00e9 un augment del perill d&#8217;incendis perqu\u00e8 \u00e9s un combustible que estar\u00e0 molt sec en romandre molt de temps en el camp o voltants, un increment de la fauna silvestre, sobretot de conills, i dificultar la gesti\u00f3 de les cobertes vegetals de les parcel\u00b7les i els tractaments fitosanitaris contra plagues i malalties que poden augmentar davant la pres\u00e8ncia de les restes vegetals.<\/p>\n\n\n\n<p class=\"wp-block-paragraph\">La Uni\u00f3 tamb\u00e9 aposta per incentivar la ramaderia extensiva per a previndre incendis i per pagar als llauradors i ramaders pels serveis que presten a la societat. Aix\u00ed, proposa una ajuda per cultivar les franges agr\u00edcoles que limiten amb les \u00e0rees forestals, circumst\u00e0ncia que \u201cevitaria un gran nombre d&#8217;incendis i estalviaria una gran quantitat de diners p\u00fablics, ja que eixos terrenys agr\u00edcoles s\u00f3n els primers que s&#8217;abandonen per la seua baixa rendibilitat\u201d.<\/p>\n\n\n\n<p class=\"wp-block-paragraph\">Les ajudes del segon pilar de la PAC -desenvolupament rural- s\u00f3n en les quals els Estats i, sobretot les comunitats aut\u00f2nomes, disposen d&#8217;un cert marge de maniobra per al seu enfocament i ac\u00ed podrien incloure&#8217;s aquestes. \u201cSeria el pagament d&#8217;un treball ecosist\u00e8mic als llauradors i ramaders per cultivar, del qual es beneficia posteriorment tota la societat\u201d, assegura Carles Peris.<\/p>\n","protected":false},"excerpt":{"rendered":"<div class=\"mh-excerpt\">L&#8217;organitzaci\u00f3 proposa una ajuda als llauradors per cultivar les franges agr\u00edcoles que limiten amb les \u00e0rees forestals, per serveis que presten a la societat, ja que minimitzaria els incendis i estalviaria diners a Administracions. La <a class=\"mh-excerpt-more\" href=\"https:\/\/tucomarca.whitekongsoftware.com\/ca\/la-unio-demanda-un-pla-de-cremes-agricoles-adaptat-a-les-realitats-agricoles-de-les-zones-i-als-riscos-meteorologics\/\" title=\"La Uni\u00f3 demanda un pla de cremes agr\u00edcoles adaptat a les realitats agr\u00edcoles de les zones i als riscos meteorol\u00f2gics\">[+] <\/a><\/div>\n","protected":false},"author":12,"featured_media":219491,"comment_status":"open","ping_status":"open","sticky":false,"template":"","format":"standard","meta":{"footnotes":""},"categories":[10905,10898,10948,10894,10904,10903,10947,10896,10897],"tags":[18022,20502],"class_list":["post-219493","post","type-post","status-publish","format-standard","has-post-thumbnail","category-agricultura-la-comarca-ca","category-ventana-ca","category-infraestructuras-ca","category-la-comarca-ca","category-sin-categorizar-ca","category-medio-ambiente-la-comarca-ca","category-politica","category-seccion-ca","category-sucesos-la-comarca-ca","tag-la-unio-llauradora-ca","tag-quema-de-podas-ca"],"_links":{"self":[{"href":"https:\/\/tucomarca.whitekongsoftware.com\/ca\/wp-json\/wp\/v2\/posts\/219493","targetHints":{"allow":["GET"]}}],"collection":[{"href":"https:\/\/tucomarca.whitekongsoftware.com\/ca\/wp-json\/wp\/v2\/posts"}],"about":[{"href":"https:\/\/tucomarca.whitekongsoftware.com\/ca\/wp-json\/wp\/v2\/types\/post"}],"author":[{"embeddable":true,"href":"https:\/\/tucomarca.whitekongsoftware.com\/ca\/wp-json\/wp\/v2\/users\/12"}],"replies":[{"embeddable":true,"href":"https:\/\/tucomarca.whitekongsoftware.com\/ca\/wp-json\/wp\/v2\/comments?post=219493"}],"version-history":[{"count":0,"href":"https:\/\/tucomarca.whitekongsoftware.com\/ca\/wp-json\/wp\/v2\/posts\/219493\/revisions"}],"wp:featuredmedia":[{"embeddable":true,"href":"https:\/\/tucomarca.whitekongsoftware.com\/ca\/wp-json\/wp\/v2\/media\/219491"}],"wp:attachment":[{"href":"https:\/\/tucomarca.whitekongsoftware.com\/ca\/wp-json\/wp\/v2\/media?parent=219493"}],"wp:term":[{"taxonomy":"category","embeddable":true,"href":"https:\/\/tucomarca.whitekongsoftware.com\/ca\/wp-json\/wp\/v2\/categories?post=219493"},{"taxonomy":"post_tag","embeddable":true,"href":"https:\/\/tucomarca.whitekongsoftware.com\/ca\/wp-json\/wp\/v2\/tags?post=219493"}],"curies":[{"name":"wp","href":"https:\/\/api.w.org\/{rel}","templated":true}]}}