{"id":219477,"date":"2024-04-16T11:00:00","date_gmt":"2024-04-16T09:00:00","guid":{"rendered":"https:\/\/www.tucomarca.com\/wordpress\/segunda\/?p=219477"},"modified":"2024-04-16T21:23:57","modified_gmt":"2024-04-16T19:23:57","slug":"carlos-mazon-avanca-que-leducacio-de-0-a-3-anys-sera-gratuita-i-una-realitat-per-al-curs-2024-2025","status":"publish","type":"post","link":"https:\/\/tucomarca.whitekongsoftware.com\/ca\/carlos-mazon-avanca-que-leducacio-de-0-a-3-anys-sera-gratuita-i-una-realitat-per-al-curs-2024-2025\/","title":{"rendered":"Carlos Maz\u00f3n avan\u00e7a que l\u2019educaci\u00f3 de 0 a 3 anys ser\u00e0 gratu\u00efta i una realitat per al curs 2024-2025"},"content":{"rendered":"\n<h3 class=\"wp-block-heading\">Assegura que es doblar\u00e0 el pressupost per a l\u2019educaci\u00f3 de 0 a 3 anys, passant de 87 milions d\u2019eurosa m\u00e9s de 160 milions, la qual cosa suposar\u00e0 \u201cla major dotaci\u00f3 econ\u00f2mica en la Comunitat\u201d.<\/h3>\n\n\n\n<h3 class=\"wp-block-heading\">Destaca que es posaran a la disposici\u00f3 dels pares i mares 72.000 places gratu\u00eftes de 0 a 3 anys.<\/h3>\n\n\n\n<h3 class=\"wp-block-heading\">Subratlla que s\u2019eliminaran els tr\u00e0mits administratius i que ser\u00e0 un sistema vers\u00e0til que permeta les altes i les baixes durant tot el curs.<\/h3>\n\n\n\n<h3 class=\"wp-block-heading\">Assenyala que esta mesura afavorix la conciliaci\u00f3 i la corresponsabilitat, millora la formaci\u00f3 educativa dels menors i redu\u00efx les desigualtats.<\/h3>\n\n\n\n<h3 class=\"wp-block-heading\">El cap del Consell s\u2019ha reunit amb entitats educatives a les quals ha agra\u00eft la col\u00b7laboraci\u00f3 en esta mesa de treball per a posar en marxa l\u2019educaci\u00f3 gratu\u00efta de 0 a 3 anys en tota la Comunitat Valenciana.<\/h3>\n\n\n\n<p class=\"wp-block-paragraph\">El president de la Generalitat, Carlos Maz\u00f3n, ha assegurat que \u201cl\u2019educaci\u00f3 gratu\u00efta i universal de 0 a 3 anys ser\u00e0 una realitat per al curs 2024-2025\u201d i ha avan\u00e7at que es posaran a la disposici\u00f3 de les fam\u00edlies 72.000 places.<\/p>\n\n\n\n<p class=\"wp-block-paragraph\">El cap del Consell ha fet estes declaracions despr\u00e9s de constituir una mesa de treball amb les associacions educatives per a desenvolupar la gratu\u00eftat universal de l\u2019educaci\u00f3 de zero a tres anys per a tota la Comunitat Valenciana.<\/p>\n\n\n\n<p class=\"wp-block-paragraph\">Maz\u00f3n ha manifestat que esta iniciativa \u201c\u00e9s un comprom\u00eds i una prioritat d\u2019este Consell per a afavorir la conciliaci\u00f3, la corresponsabilitat, la just\u00edcia i la universalitat i que, a m\u00e9s, contribu\u00efx a lluitar contra el despoblament i a reduir les desigualtats\u201d.<\/p>\n\n\n\n<p class=\"wp-block-paragraph\">En este sentit, el m\u00e0xim representant de l\u2019executiu valenci\u00e0 ha explicat que el Consell est\u00e0 apostant per una educaci\u00f3 de 0 a 3 anys \u201cque permetr\u00e0 la llibertat d\u2019elecci\u00f3 i posar\u00e0 a l\u2019abast de les fam\u00edlies tots els recursos existents\u201d. D\u2019esta manera, ha assenyalat l\u2019aposta per \u201cun sistema mixt de col\u00b7laboraci\u00f3 publicoprivada perqu\u00e8 les fam\u00edlies puguen triar lliurement on volen portar els seus fills\u201d.<\/p>\n\n\n\n<p class=\"wp-block-paragraph\">Per al president, \u201cl\u2019important \u00e9s afavorir les capacitats dels nostres fills i tindre els recursos p\u00fablics i privats homologats i habilitats perqu\u00e8 siguen els pares els qui trien on portar els seus fills des de l\u2019inici de la seua vida escolar\u201d i ha assegurat que este projecte suposa un \u201cavan\u00e7 social molt important a la Comunitat Valenciana\u201d.<\/p>\n\n\n\n<p class=\"wp-block-paragraph\">El cap del Consell ha subratllat que ser\u00e0 un \u201csistema vers\u00e0til\u201d que al llarg de tot el curs escolar preveur\u00e0 \u201cles altes i les baixes per la qual cosa no cal esperar al mes de setembre\u201d. En este sentit, ha declarat que \u201cen qualsevol moment les fam\u00edlies tindran la lliure decisi\u00f3 d\u2019acudir en qualsevol moment del curs a un centre d\u2019educaci\u00f3 infantil\u201d.<\/p>\n\n\n\n<p class=\"wp-block-paragraph\">El president ha destacat la import\u00e0ncia de l\u2019educaci\u00f3 universal i gratu\u00efta per als xiquets i xiquetes de 0 a 3 anys com \u201cun pilar b\u00e0sic per al seu desenvolupament i el de les seues fam\u00edlies\u201d i ha apuntat que \u00e9s un \u201cmoment clau per a donar-los una estabilitat educativa fonamental per al seu nivell d\u2019atenci\u00f3 o el seu desenvolupament psicosocial i competencial en el futur\u201d.<\/p>\n\n\n\n<p class=\"wp-block-paragraph\"><strong>El major pressupost per a l\u2019educaci\u00f3 de 0 a 3 anys<\/strong><\/p>\n\n\n\n<p class=\"wp-block-paragraph\">El president ha indicat que la Generalitat est\u00e0 ultimant una resoluci\u00f3 d\u2019esta mesura que s\u2019enviar\u00e0 a les diferents associacions perqu\u00e8 realitzen les seues \u201cnecess\u00e0ries aportacions\u201d, mentres que de manera paral\u00b7lela \u201ctreballem en les modificacions pressupost\u00e0ries per a desenvolupar este comprom\u00eds\u201d.<\/p>\n\n\n\n<p class=\"wp-block-paragraph\">El cap del Consell ha assenyalat que \u201cdoblarem el pressupost p\u00fablic per a l\u2019educaci\u00f3 de 0-3 anys, passant de 87 milions d\u2019euros a m\u00e9s de 160 milions, la qual cosa suposa la major aposta pressupost\u00e0ria per a este concepte que mai s\u2019haja posat a disposici\u00f3 a la Comunitat Valenciana\u201d.<\/p>\n\n\n\n<p class=\"wp-block-paragraph\">Aix\u00ed, la Generalitat ja est\u00e0 treballant en una modificaci\u00f3 pressupost\u00e0ria superior als 30 milions d\u2019euros per a implementar els recursos extra per a este \u00faltim quadrimestre perqu\u00e8 es puga posar en marxa i abordar l\u2019educaci\u00f3 gratu\u00efta de 0 a 3 anys.<\/p>\n\n\n\n<p class=\"wp-block-paragraph\">A m\u00e9s, ha explicat que s\u2019est\u00e0 avan\u00e7ant en la reducci\u00f3 de tr\u00e0mits burocr\u00e0tics per a \u201creduir un 99 % la paperassa de les fam\u00edlies i facilitar-los l\u2019acc\u00e9s a esta educaci\u00f3 gratu\u00efta i universal\u201d.<\/p>\n\n\n\n<p class=\"wp-block-paragraph\">El cap del Consell ha agra\u00eft a totes les entitats que participen en esta mesa de treball i ha destacat \u201cel di\u00e0leg permanent i la seua aportaci\u00f3 en positiu\u201d despr\u00e9s de molts anys d\u2019espera per a aconseguir la gratu\u00eftat de l\u2019educaci\u00f3 de 0 a 3 anys.<\/p>\n\n\n\n<p class=\"wp-block-paragraph\">En la trobada de hui han participat el conseller d\u2019Educaci\u00f3, Universitats i Ocupaci\u00f3, Jos\u00e9 Antonio Rovira, i representants de la Federaci\u00f3 Valenciana de Municipis i Prov\u00edncies (FVMP), Uni\u00f3 de Cooperatives d\u2019Ensenyament (UCEV) Federaci\u00f3 de Centres d\u2019Ensenyament de Val\u00e8ncia (FECEVAL), Associaci\u00f3 d\u2019Educaci\u00f3 i Gesti\u00f3, Associaci\u00f3 de Centres Aut\u00f2noms d\u2019Ensenyament Privat (ACADE), Associaci\u00f3 Salvem 0-3, Confederaci\u00f3 Gonzalo Anaya, Confederaci\u00f3 Valenciana d\u2019Associacions de Pares i Mares d\u2019Alumnes (COVAPA), i la Confederaci\u00f3 Cat\u00f2lica Nacional de Pares de Fam\u00edlia i Pares d\u2019Alumnes (CONCAPA).<\/p>\n","protected":false},"excerpt":{"rendered":"<div class=\"mh-excerpt\">Assegura que es doblar\u00e0 el pressupost per a l\u2019educaci\u00f3 de 0 a 3 anys, passant de 87 milions d\u2019eurosa m\u00e9s de 160 milions, la qual cosa suposar\u00e0 \u201cla major dotaci\u00f3 econ\u00f2mica en la Comunitat\u201d. Destaca <a class=\"mh-excerpt-more\" href=\"https:\/\/tucomarca.whitekongsoftware.com\/ca\/carlos-mazon-avanca-que-leducacio-de-0-a-3-anys-sera-gratuita-i-una-realitat-per-al-curs-2024-2025\/\" title=\"Carlos Maz\u00f3n avan\u00e7a que l\u2019educaci\u00f3 de 0 a 3 anys ser\u00e0 gratu\u00efta i una realitat per al curs 2024-2025\">[+] <\/a><\/div>\n","protected":false},"author":12,"featured_media":219476,"comment_status":"open","ping_status":"open","sticky":false,"template":"","format":"standard","meta":{"footnotes":""},"categories":[10898,10948,10894,10904,11007,10947,10896],"tags":[12123,11498],"class_list":["post-219477","post","type-post","status-publish","format-standard","has-post-thumbnail","category-ventana-ca","category-infraestructuras-ca","category-la-comarca-ca","category-sin-categorizar-ca","category-ocio-y-cultura-ca","category-politica","category-seccion-ca","tag-conselleria-de-educacion-ca","tag-generalitat-valenciana-ca"],"_links":{"self":[{"href":"https:\/\/tucomarca.whitekongsoftware.com\/ca\/wp-json\/wp\/v2\/posts\/219477","targetHints":{"allow":["GET"]}}],"collection":[{"href":"https:\/\/tucomarca.whitekongsoftware.com\/ca\/wp-json\/wp\/v2\/posts"}],"about":[{"href":"https:\/\/tucomarca.whitekongsoftware.com\/ca\/wp-json\/wp\/v2\/types\/post"}],"author":[{"embeddable":true,"href":"https:\/\/tucomarca.whitekongsoftware.com\/ca\/wp-json\/wp\/v2\/users\/12"}],"replies":[{"embeddable":true,"href":"https:\/\/tucomarca.whitekongsoftware.com\/ca\/wp-json\/wp\/v2\/comments?post=219477"}],"version-history":[{"count":0,"href":"https:\/\/tucomarca.whitekongsoftware.com\/ca\/wp-json\/wp\/v2\/posts\/219477\/revisions"}],"wp:featuredmedia":[{"embeddable":true,"href":"https:\/\/tucomarca.whitekongsoftware.com\/ca\/wp-json\/wp\/v2\/media\/219476"}],"wp:attachment":[{"href":"https:\/\/tucomarca.whitekongsoftware.com\/ca\/wp-json\/wp\/v2\/media?parent=219477"}],"wp:term":[{"taxonomy":"category","embeddable":true,"href":"https:\/\/tucomarca.whitekongsoftware.com\/ca\/wp-json\/wp\/v2\/categories?post=219477"},{"taxonomy":"post_tag","embeddable":true,"href":"https:\/\/tucomarca.whitekongsoftware.com\/ca\/wp-json\/wp\/v2\/tags?post=219477"}],"curies":[{"name":"wp","href":"https:\/\/api.w.org\/{rel}","templated":true}]}}