{"id":219407,"date":"2024-04-15T10:55:00","date_gmt":"2024-04-15T08:55:00","guid":{"rendered":"https:\/\/www.tucomarca.com\/wordpress\/segunda\/?p=219407"},"modified":"2024-04-15T19:50:26","modified_gmt":"2024-04-15T17:50:26","slug":"mes-de-cent-arrossers-i-30-tractors-de-les-organitzacions-agraries-de-la-comunitat-valenciana-protesten-a-algemesi-davant-una-gran-empresa-que-importa-arros","status":"publish","type":"post","link":"https:\/\/tucomarca.whitekongsoftware.com\/ca\/mes-de-cent-arrossers-i-30-tractors-de-les-organitzacions-agraries-de-la-comunitat-valenciana-protesten-a-algemesi-davant-una-gran-empresa-que-importa-arros\/","title":{"rendered":"M\u00e9s de cent arrossers i 30 tractors de les Organitzacions Agr\u00e0ries de la Comunitat Valenciana protesten a Algemes\u00ed davant una gran empresa que importa arr\u00f2s"},"content":{"rendered":"\n<h3 class=\"wp-block-heading\">Reprenen aix\u00ed el calendari de protestes iniciat a la fi de gener<\/h3>\n\n\n\n<p class=\"wp-block-paragraph\">M\u00e9s de 100 arrossers i 30 tractors de les organitzacions professionals agr\u00e0ries de la Comunitat Valenciana (La Uni\u00f3 Llauradora, AVA-Asaja, Asaja Alicante, UPA-PV i CCPV-COAG) han efectuat hui un nou un acte de protesta sectorial de l&#8217;arr\u00f2s en la localitat d&#8217;Algemes\u00ed, davant de l&#8217;empresa Arr\u00f2s Sos-Herba Ricemill, per la desastrosa situaci\u00f3 comercial del sector arrosser valenci\u00e0 a conseq\u00fc\u00e8ncia de les massives importacions procedents de tercers pa\u00efsos. Aquest acte suposa el retorn del calendari de mobilitzacions que les organitzacions agr\u00e0ries van iniciar a la fi del passat mes de gener i que fins a finals de febrer va comptar amb fins a quatre actes conjunts de protesta al llarg de les tres prov\u00edncies de la Comunitat Valenciana.<\/p>\n\n\n\n<figure class=\"wp-block-image size-full\"><img loading=\"lazy\" decoding=\"async\" width=\"886\" height=\"665\" src=\"http:\/\/www.tucomarca.com\/wordpress\/segunda\/wp-content\/uploads\/2024\/04\/UnioArroz2.jpg\" alt=\"\" class=\"wp-image-219402\" srcset=\"https:\/\/tucomarca.whitekongsoftware.com\/wp-content\/uploads\/2024\/04\/UnioArroz2.jpg 886w, https:\/\/tucomarca.whitekongsoftware.com\/wp-content\/uploads\/2024\/04\/UnioArroz2-300x225.jpg 300w, https:\/\/tucomarca.whitekongsoftware.com\/wp-content\/uploads\/2024\/04\/UnioArroz2-768x576.jpg 768w, https:\/\/tucomarca.whitekongsoftware.com\/wp-content\/uploads\/2024\/04\/UnioArroz2-678x509.jpg 678w, https:\/\/tucomarca.whitekongsoftware.com\/wp-content\/uploads\/2024\/04\/UnioArroz2-326x245.jpg 326w, https:\/\/tucomarca.whitekongsoftware.com\/wp-content\/uploads\/2024\/04\/UnioArroz2-80x60.jpg 80w\" sizes=\"auto, (max-width: 886px) 100vw, 886px\" \/><\/figure>\n\n\n\n<p class=\"wp-block-paragraph\">La protesta ha tingut lloc en l&#8217;entrada de l&#8217;empresa Arr\u00f2s SOS-Herba Ricemills, SLU -del grup Ebre Foods- situada a Algemes\u00ed. Els tractors han arribat al punt de concentraci\u00f3 a trav\u00e9s de carreteres comarcals, principalment per la CV-516, i han col\u00b7locat en els voltants de les instal\u00b7lacions d&#8217;aquesta empresa. A la conclusi\u00f3 de l&#8217;acte reivindicatiu, s&#8217;ha elaborat una paella amb arr\u00f2s valenci\u00e0 per a denunciar les importacions d&#8217;eixes empreses. L&#8217;objectiu \u00e9s que els consumidors compren arr\u00f2s valenci\u00e0, \u201cper a menjar sa i segur, potenciar l&#8217;economia de la nostra terra i salvar els aiguamolls valencians dels quals dep\u00e9n el cultiu de l&#8217;arr\u00f2s\u201d, assenyalen les entitats convocants.<\/p>\n\n\n\n<p class=\"wp-block-paragraph\">Durant les \u00faltimes setmanes s&#8217;ha produ\u00eft una gran entrada d&#8217;arr\u00f2s procedent dels pa\u00efsos asi\u00e0tics i importats per empreses amb implantaci\u00f3 en la Comunitat Valenciana com a Arr\u00f2s Sos, just en un moment on no hi ha contractes de compravenda i els magatzems continuen plens d&#8217;arr\u00f2s valenci\u00e0 de la passada campanya. Amb aquesta pr\u00e0ctica d&#8217;importacions, aquestes grans empreses suposadament pretenen baixar el preu de l&#8217;arr\u00f2s valenci\u00e0 que afecta sensiblement la renda dels llauradors.<\/p>\n\n\n\n<p class=\"wp-block-paragraph\">Els arrossers protesten aix\u00ed contra les pol\u00edtiques agr\u00e0ries europees en el sector de l&#8217;arr\u00f2s, davant la falta de reciprocitat en els acords comercials subscrits per la Uni\u00f3 Europea amb pa\u00efsos tercers. Aquesta falta de reciprocitat fomenta una evident compet\u00e8ncia deslleial de les importacions agr\u00e0ries. \u201cA difer\u00e8ncia de l&#8217;arr\u00f2s europeu que compleix els m\u00e0xims est\u00e0ndards de qualitat, Myanmar i Cambodja, per exemple, usen productes qu\u00edmics nocius per a la salut que estan prohibits a la UE, cultiven de manera insostenible per al medi ambient i vulneren els drets humans\u201d, asseguren els arrossers. Tamb\u00e9 critiquen a les grans empreses arrosseres per no especificar en els paquets d&#8217;arr\u00f2s que venen en les cadenes de distribuci\u00f3 el pa\u00eds d&#8217;origen. Algunes d&#8217;elles venen arr\u00f2s asi\u00e0tic com si fora valenci\u00e0, indicant en l&#8217;etiqueta \u00fanicament el distribu\u00efdor local i fins i tot fotos identificatives de la Comunitat Valenciana, la qual cosa arru\u00efna als productors i enganya els consumidors.<\/p>\n\n\n\n<p class=\"wp-block-paragraph\">En aquest sentit, Carles Peris, secretari general de La Uni\u00f3, indica que \u201cel nostre arr\u00f2s segueix emmagatzemat sense vendre, mentre arriben importacions massives de tercers pa\u00efsos, quasi 40.00o tones en les darreres setmanes. Volem que a m\u00e9s de que es redu\u00efsquen les importacions, s&#8217;etiquete l&#8217;origen de l&#8217;arr\u00f2s d&#8217;aquestes grans empreses per a no enganyar els consumidors, no serveix que pose envasat a Val\u00e8ncia sense especificar despr\u00e9s l&#8217;origen\u201d.<\/p>\n\n\n\n<p class=\"wp-block-paragraph\">Miguel Minguet, representant de AVA-Asaja, assenyala que \u201cal consumidor se li fa passar arr\u00f2s asi\u00e0tic per valenci\u00e0 i aix\u00f2 no \u00e9s just. El nostre arr\u00f2s t\u00e9 una seguretat aliment\u00e0ria que no t\u00e9 el de fora, se&#8217;ns prohibeixen per exemple productes fitosanitaris que a uns altres els permeten. Cal posar l&#8217;origen en els paquets d&#8217;arr\u00f2s perqu\u00e8 ara quasi ning\u00fa ho fa i se&#8217;ls dona gat per llebre als consumidors\u201d.<\/p>\n","protected":false},"excerpt":{"rendered":"<div class=\"mh-excerpt\">Reprenen aix\u00ed el calendari de protestes iniciat a la fi de gener M\u00e9s de 100 arrossers i 30 tractors de les organitzacions professionals agr\u00e0ries de la Comunitat Valenciana (La Uni\u00f3 Llauradora, AVA-Asaja, Asaja Alicante, UPA-PV <a class=\"mh-excerpt-more\" href=\"https:\/\/tucomarca.whitekongsoftware.com\/ca\/mes-de-cent-arrossers-i-30-tractors-de-les-organitzacions-agraries-de-la-comunitat-valenciana-protesten-a-algemesi-davant-una-gran-empresa-que-importa-arros\/\" title=\"M\u00e9s de cent arrossers i 30 tractors de les Organitzacions Agr\u00e0ries de la Comunitat Valenciana protesten a Algemes\u00ed davant una gran empresa que importa arr\u00f2s\">[+] <\/a><\/div>\n","protected":false},"author":12,"featured_media":219405,"comment_status":"open","ping_status":"open","sticky":false,"template":"","format":"image","meta":{"footnotes":""},"categories":[10905,10983,10898,10948,10894,10904,10902,10947,10896],"tags":[20483,18022,11356],"class_list":["post-219407","post","type-post","status-publish","format-image","has-post-thumbnail","category-agricultura-la-comarca-ca","category-algemesi-ca","category-ventana-ca","category-infraestructuras-ca","category-la-comarca-ca","category-sin-categorizar-ca","category-la-ribera-ca","category-politica","category-seccion-ca","tag-arroz-valenciano-ca","tag-la-unio-llauradora-ca","tag-ribera-alta-ca","post_format-post-format-image"],"_links":{"self":[{"href":"https:\/\/tucomarca.whitekongsoftware.com\/ca\/wp-json\/wp\/v2\/posts\/219407","targetHints":{"allow":["GET"]}}],"collection":[{"href":"https:\/\/tucomarca.whitekongsoftware.com\/ca\/wp-json\/wp\/v2\/posts"}],"about":[{"href":"https:\/\/tucomarca.whitekongsoftware.com\/ca\/wp-json\/wp\/v2\/types\/post"}],"author":[{"embeddable":true,"href":"https:\/\/tucomarca.whitekongsoftware.com\/ca\/wp-json\/wp\/v2\/users\/12"}],"replies":[{"embeddable":true,"href":"https:\/\/tucomarca.whitekongsoftware.com\/ca\/wp-json\/wp\/v2\/comments?post=219407"}],"version-history":[{"count":0,"href":"https:\/\/tucomarca.whitekongsoftware.com\/ca\/wp-json\/wp\/v2\/posts\/219407\/revisions"}],"wp:featuredmedia":[{"embeddable":true,"href":"https:\/\/tucomarca.whitekongsoftware.com\/ca\/wp-json\/wp\/v2\/media\/219405"}],"wp:attachment":[{"href":"https:\/\/tucomarca.whitekongsoftware.com\/ca\/wp-json\/wp\/v2\/media?parent=219407"}],"wp:term":[{"taxonomy":"category","embeddable":true,"href":"https:\/\/tucomarca.whitekongsoftware.com\/ca\/wp-json\/wp\/v2\/categories?post=219407"},{"taxonomy":"post_tag","embeddable":true,"href":"https:\/\/tucomarca.whitekongsoftware.com\/ca\/wp-json\/wp\/v2\/tags?post=219407"}],"curies":[{"name":"wp","href":"https:\/\/api.w.org\/{rel}","templated":true}]}}