{"id":219356,"date":"2024-04-15T12:00:00","date_gmt":"2024-04-15T10:00:00","guid":{"rendered":"https:\/\/www.tucomarca.com\/wordpress\/segunda\/?p=219356"},"modified":"2024-04-15T19:23:41","modified_gmt":"2024-04-15T17:23:41","slug":"el-ple-de-xest-aprova-per-unanimitat-el-projecte-modificat-de-les-obres-de-la-edar-xest-xiva","status":"publish","type":"post","link":"https:\/\/tucomarca.whitekongsoftware.com\/ca\/el-ple-de-xest-aprova-per-unanimitat-el-projecte-modificat-de-les-obres-de-la-edar-xest-xiva\/","title":{"rendered":"El Ple de Xest aprova per unanimitat el projecte modificat de les obres de la EDAR Xest-Xiva"},"content":{"rendered":"\n<p class=\"wp-block-paragraph\">Divendres passat, 12 d&#8217;abril, es va celebrar un ple extraordinari a la biblioteca municipal, pel fet que el sal\u00f3 de plens estava ocupat per la infermeria dels actes taurins. Tal com s&#8217;estipulava en l&#8217;ordre del dia, el ple va aprovar reconeixements extrajudicials de cr\u00e8dit per a poder pagar factures pendents a prove\u00efdors, la creaci\u00f3 de dues places en la plantilla municipal i el projecte modificat de les obres de la nova EDAR (Estaci\u00f3 Depuradora d&#8217;Aigua Residuals) Xest-Xiva.<\/p>\n\n\n\n<p class=\"wp-block-paragraph\"><strong>Modificaci\u00f3 de la plantilla municipal<\/strong><\/p>\n\n\n\n<p class=\"wp-block-paragraph\">Despr\u00e9s de la seua aprovaci\u00f3 durant la sessi\u00f3, la plantilla de l&#8217;Ajuntament ha incorporat dues noves places, una de personal funcionari d&#8217;habilitaci\u00f3 nacional per al departament de Tresoreria i una altra de monitora d&#8217;activitats f\u00edsiques dins del Programa municipal d&#8217;envelliment actiu, aquesta \u00faltima en compliment de la sent\u00e8ncia del jutjat social que reconeix la condici\u00f3 de personal indefinit laboral no fix a la treballadora que realitzava eixa activitat, en les mateixes condicions que ho feia.<\/p>\n\n\n\n<p class=\"wp-block-paragraph\">\u201cDavant la demanda presentada contra l&#8217;Ajuntament, l&#8217;equip de govern, despr\u00e9s de consultar amb diversos advocats, decideix arribar una conciliaci\u00f3 en la qual la treballadora ren\u00fancia a una part molt important de la seua indemnitzaci\u00f3; d&#8217;aquesta manera generarem la menor despesa possible a les arques municipals\u201d, explicava la regidora d&#8217;Hisenda, M\u00aa \u00c1ngeles Llorente.<\/p>\n\n\n\n<figure class=\"wp-block-image size-full\"><img loading=\"lazy\" decoding=\"async\" width=\"886\" height=\"591\" src=\"http:\/\/www.tucomarca.com\/wordpress\/segunda\/wp-content\/uploads\/2024\/04\/ChestePlenoEDAR_2.jpg\" alt=\"\" class=\"wp-image-219353\" srcset=\"https:\/\/tucomarca.whitekongsoftware.com\/wp-content\/uploads\/2024\/04\/ChestePlenoEDAR_2.jpg 886w, https:\/\/tucomarca.whitekongsoftware.com\/wp-content\/uploads\/2024\/04\/ChestePlenoEDAR_2-300x200.jpg 300w, https:\/\/tucomarca.whitekongsoftware.com\/wp-content\/uploads\/2024\/04\/ChestePlenoEDAR_2-768x512.jpg 768w\" sizes=\"auto, (max-width: 886px) 100vw, 886px\" \/><\/figure>\n\n\n\n<p class=\"wp-block-paragraph\"><strong>Projecte nova EDAR Xest-Xiva<\/strong><\/p>\n\n\n\n<p class=\"wp-block-paragraph\">L&#8217;\u00faltim punt abordat va ser la daci\u00f3 de conformitat al projecte modificat de les obres de la nova EDAR Xest &#8211; Xiva, tamb\u00e9 per unanimitat.<\/p>\n\n\n\n<p class=\"wp-block-paragraph\">En primer lloc, l&#8217;alcalde, Jos\u00e9 Morell, va posar en antecedents el projecte i va detallar en el punt en el qual es troba. \u201cLa construcci\u00f3 d&#8217;aquesta depuradora ve de fa tres legislatures; en la passada, es van fer els \u00faltims avan\u00e7os amb l&#8217;establiment d&#8217;un conveni amb la EPSAR i amb l&#8217;Ajuntament de Xiva, en el qual es va acordar que els Ajuntaments es farien c\u00e0rrec del cost de les expropiacions, la Generalitat sufragaria els costos de les gestions d&#8217;aquestes expropiacions i la EPSAR, a trav\u00e9s d&#8217;una empresa anomenada Vielca, costejaria la construcci\u00f3 de la depuradora\u201d, explicava Morell. \u201cQuan el proc\u00e9s d&#8217;expropiaci\u00f3 va estar pr\u00e0cticament culminat es va fer el seg\u00fcent pas, que era posar a la disposici\u00f3 de la EPSAR terrenys municipals per a poder iniciar la construcci\u00f3, i \u00e9s en eixe moment quan sorgeix una proposta de la Regidoria de Medi Ambient de fer una xicoteta modificaci\u00f3 en el tra\u00e7at que suposava millores. Aquest nou recorregut proposat inclou dues xicotetes parcel\u00b7les, de les quals cal pagar una servitud perqu\u00e8 ens deixen passar la canonada. El seg\u00fcent pas ser\u00e0 fer un nou protocol amb la EPSAR i l&#8217;Ajuntament de Xiva, que es convertir\u00e0 en conveni\u201d, declarava Morell.<\/p>\n\n\n\n<p class=\"wp-block-paragraph\">Per part seua, el regidor de Medi Ambient, David Pujals, va ampliar la informaci\u00f3 sobre la proposta de canvi de tra\u00e7at del projecte de la futura depuradora. \u201cA la fi de 2021 vam fer un avantprojecte que contemplava una modificaci\u00f3 del tra\u00e7at inicial amb una longitud de 738 metres, enfront dels 1200 metres que s&#8217;havien plantejat. Per a aix\u00f2 vam haver de fer un estudi topogr\u00e0fic, que elevem a la EPSAR, i tamb\u00e9 unes connexions de pous; aix\u00f2 suposava un estalvi de 1,2 milions d&#8217;euros dins del projecte. La EPSAR va considerar que era un estalvi consistent i que tamb\u00e9 aconsegu\u00edem major volum d&#8217;aigua per als regants, i llavors duem a terme tots els tr\u00e0mits necessaris\u201d, apuntava Pujals.<\/p>\n","protected":false},"excerpt":{"rendered":"<div class=\"mh-excerpt\">Divendres passat, 12 d&#8217;abril, es va celebrar un ple extraordinari a la biblioteca municipal, pel fet que el sal\u00f3 de plens estava ocupat per la infermeria dels actes taurins. Tal com s&#8217;estipulava en l&#8217;ordre del <a class=\"mh-excerpt-more\" href=\"https:\/\/tucomarca.whitekongsoftware.com\/ca\/el-ple-de-xest-aprova-per-unanimitat-el-projecte-modificat-de-les-obres-de-la-edar-xest-xiva\/\" title=\"El Ple de Xest aprova per unanimitat el projecte modificat de les obres de la EDAR Xest-Xiva\">[+] <\/a><\/div>\n","protected":false},"author":12,"featured_media":219352,"comment_status":"open","ping_status":"open","sticky":false,"template":"","format":"standard","meta":{"footnotes":""},"categories":[10898,10948,10894,10912,10903,10947,10896,10974],"tags":[11222,11071,10914],"class_list":["post-219356","post","type-post","status-publish","format-standard","has-post-thumbnail","category-ventana-ca","category-infraestructuras-ca","category-la-comarca-ca","category-la-hoya-ca","category-medio-ambiente-la-comarca-ca","category-politica","category-seccion-ca","category-cheste-ca","tag-ayuntamiento-de-cheste-ca","tag-cheste","tag-la-hoya-de-bunol-chiva-ca"],"_links":{"self":[{"href":"https:\/\/tucomarca.whitekongsoftware.com\/ca\/wp-json\/wp\/v2\/posts\/219356","targetHints":{"allow":["GET"]}}],"collection":[{"href":"https:\/\/tucomarca.whitekongsoftware.com\/ca\/wp-json\/wp\/v2\/posts"}],"about":[{"href":"https:\/\/tucomarca.whitekongsoftware.com\/ca\/wp-json\/wp\/v2\/types\/post"}],"author":[{"embeddable":true,"href":"https:\/\/tucomarca.whitekongsoftware.com\/ca\/wp-json\/wp\/v2\/users\/12"}],"replies":[{"embeddable":true,"href":"https:\/\/tucomarca.whitekongsoftware.com\/ca\/wp-json\/wp\/v2\/comments?post=219356"}],"version-history":[{"count":0,"href":"https:\/\/tucomarca.whitekongsoftware.com\/ca\/wp-json\/wp\/v2\/posts\/219356\/revisions"}],"wp:featuredmedia":[{"embeddable":true,"href":"https:\/\/tucomarca.whitekongsoftware.com\/ca\/wp-json\/wp\/v2\/media\/219352"}],"wp:attachment":[{"href":"https:\/\/tucomarca.whitekongsoftware.com\/ca\/wp-json\/wp\/v2\/media?parent=219356"}],"wp:term":[{"taxonomy":"category","embeddable":true,"href":"https:\/\/tucomarca.whitekongsoftware.com\/ca\/wp-json\/wp\/v2\/categories?post=219356"},{"taxonomy":"post_tag","embeddable":true,"href":"https:\/\/tucomarca.whitekongsoftware.com\/ca\/wp-json\/wp\/v2\/tags?post=219356"}],"curies":[{"name":"wp","href":"https:\/\/api.w.org\/{rel}","templated":true}]}}