{"id":219346,"date":"2024-04-15T10:45:00","date_gmt":"2024-04-15T08:45:00","guid":{"rendered":"https:\/\/www.tucomarca.com\/wordpress\/segunda\/?p=219346"},"modified":"2024-04-15T19:43:20","modified_gmt":"2024-04-15T17:43:20","slug":"el-club-de-gimnastica-ritmica-bunyol-turis-valls-del-alcalans-participa-amb-set-gimnastes-en-el-campionat-despanya-base-individual-celebrat-a-castello","status":"publish","type":"post","link":"https:\/\/tucomarca.whitekongsoftware.com\/ca\/el-club-de-gimnastica-ritmica-bunyol-turis-valls-del-alcalans-participa-amb-set-gimnastes-en-el-campionat-despanya-base-individual-celebrat-a-castello\/","title":{"rendered":"El Club de gimn\u00e0stica r\u00edtmica Bunyol-Tur\u00eds-Valls del Alcalans participa amb set gimnastes en el campionat d&#8217;Espanya Base individual celebrat a Castell\u00f3\u00a0"},"content":{"rendered":"\n<p class=\"wp-block-paragraph\">El Club de gimn\u00e0stica r\u00edtmica Bunyol-Tur\u00eds-Valls del Alcalans continua avan\u00e7ant i demostrant any rere any com el treball constant, la dedicaci\u00f3 i la paci\u00e8ncia fan aconseguir un escal\u00f3 m\u00e9s amunt.\u00a0<\/p>\n\n\n\n<p class=\"wp-block-paragraph\">Des del dimarts 10 al diumenge 14 s&#8217;ha celebrat el campionat d&#8217;Espanya Base individual a la ciutat de Castell\u00f3, on 7 de les gimnastes pertanyents a aquest club han tingut l&#8217;honor de participar i representar a la Comunitat Valenciana.<\/p>\n\n\n\n<figure class=\"wp-block-gallery has-nested-images columns-default is-cropped wp-block-gallery-1 is-layout-flex wp-block-gallery-is-layout-flex\">\n<figure class=\"wp-block-image size-large\"><img loading=\"lazy\" decoding=\"async\" width=\"886\" height=\"1000\" data-id=\"219333\" src=\"https:\/\/www.tucomarca.com\/wordpress\/segunda\/wp-content\/uploads\/2024\/04\/BunolGimRit02.jpg\" alt=\"\" class=\"wp-image-219333\" srcset=\"https:\/\/tucomarca.whitekongsoftware.com\/wp-content\/uploads\/2024\/04\/BunolGimRit02.jpg 886w, https:\/\/tucomarca.whitekongsoftware.com\/wp-content\/uploads\/2024\/04\/BunolGimRit02-266x300.jpg 266w, https:\/\/tucomarca.whitekongsoftware.com\/wp-content\/uploads\/2024\/04\/BunolGimRit02-768x867.jpg 768w\" sizes=\"auto, (max-width: 886px) 100vw, 886px\" \/><\/figure>\n\n\n\n<figure class=\"wp-block-image size-large\"><img loading=\"lazy\" decoding=\"async\" width=\"848\" height=\"1024\" data-id=\"219335\" src=\"https:\/\/www.tucomarca.com\/wordpress\/segunda\/wp-content\/uploads\/2024\/04\/BunolGimRit03-848x1024.jpg\" alt=\"\" class=\"wp-image-219335\" srcset=\"https:\/\/tucomarca.whitekongsoftware.com\/wp-content\/uploads\/2024\/04\/BunolGimRit03-848x1024.jpg 848w, https:\/\/tucomarca.whitekongsoftware.com\/wp-content\/uploads\/2024\/04\/BunolGimRit03-248x300.jpg 248w, https:\/\/tucomarca.whitekongsoftware.com\/wp-content\/uploads\/2024\/04\/BunolGimRit03-768x927.jpg 768w, https:\/\/tucomarca.whitekongsoftware.com\/wp-content\/uploads\/2024\/04\/BunolGimRit03.jpg 886w\" sizes=\"auto, (max-width: 848px) 100vw, 848px\" \/><\/figure>\n\n\n\n<figure class=\"wp-block-image size-large\"><img loading=\"lazy\" decoding=\"async\" width=\"813\" height=\"1024\" data-id=\"219337\" src=\"https:\/\/www.tucomarca.com\/wordpress\/segunda\/wp-content\/uploads\/2024\/04\/BunolGimRit04-813x1024.jpg\" alt=\"\" class=\"wp-image-219337\" srcset=\"https:\/\/tucomarca.whitekongsoftware.com\/wp-content\/uploads\/2024\/04\/BunolGimRit04-813x1024.jpg 813w, https:\/\/tucomarca.whitekongsoftware.com\/wp-content\/uploads\/2024\/04\/BunolGimRit04-238x300.jpg 238w, https:\/\/tucomarca.whitekongsoftware.com\/wp-content\/uploads\/2024\/04\/BunolGimRit04-768x967.jpg 768w, https:\/\/tucomarca.whitekongsoftware.com\/wp-content\/uploads\/2024\/04\/BunolGimRit04.jpg 886w\" sizes=\"auto, (max-width: 813px) 100vw, 813px\" \/><\/figure>\n\n\n\n<figure class=\"wp-block-image size-large\"><img loading=\"lazy\" decoding=\"async\" width=\"886\" height=\"963\" data-id=\"219339\" src=\"https:\/\/www.tucomarca.com\/wordpress\/segunda\/wp-content\/uploads\/2024\/04\/BunolGimRit05.jpg\" alt=\"\" class=\"wp-image-219339\" srcset=\"https:\/\/tucomarca.whitekongsoftware.com\/wp-content\/uploads\/2024\/04\/BunolGimRit05.jpg 886w, https:\/\/tucomarca.whitekongsoftware.com\/wp-content\/uploads\/2024\/04\/BunolGimRit05-276x300.jpg 276w, https:\/\/tucomarca.whitekongsoftware.com\/wp-content\/uploads\/2024\/04\/BunolGimRit05-768x835.jpg 768w\" sizes=\"auto, (max-width: 886px) 100vw, 886px\" \/><\/figure>\n\n\n\n<figure class=\"wp-block-image size-large\"><img loading=\"lazy\" decoding=\"async\" width=\"886\" height=\"912\" data-id=\"219341\" src=\"https:\/\/www.tucomarca.com\/wordpress\/segunda\/wp-content\/uploads\/2024\/04\/BunolGimRit06.jpg\" alt=\"\" class=\"wp-image-219341\" srcset=\"https:\/\/tucomarca.whitekongsoftware.com\/wp-content\/uploads\/2024\/04\/BunolGimRit06.jpg 886w, https:\/\/tucomarca.whitekongsoftware.com\/wp-content\/uploads\/2024\/04\/BunolGimRit06-291x300.jpg 291w, https:\/\/tucomarca.whitekongsoftware.com\/wp-content\/uploads\/2024\/04\/BunolGimRit06-768x791.jpg 768w\" sizes=\"auto, (max-width: 886px) 100vw, 886px\" \/><\/figure>\n\n\n\n<figure class=\"wp-block-image size-large\"><img loading=\"lazy\" decoding=\"async\" width=\"846\" height=\"1024\" data-id=\"219343\" src=\"https:\/\/www.tucomarca.com\/wordpress\/segunda\/wp-content\/uploads\/2024\/04\/BunolGimRit07-846x1024.jpg\" alt=\"\" class=\"wp-image-219343\" srcset=\"https:\/\/tucomarca.whitekongsoftware.com\/wp-content\/uploads\/2024\/04\/BunolGimRit07-846x1024.jpg 846w, https:\/\/tucomarca.whitekongsoftware.com\/wp-content\/uploads\/2024\/04\/BunolGimRit07-248x300.jpg 248w, https:\/\/tucomarca.whitekongsoftware.com\/wp-content\/uploads\/2024\/04\/BunolGimRit07-768x929.jpg 768w, https:\/\/tucomarca.whitekongsoftware.com\/wp-content\/uploads\/2024\/04\/BunolGimRit07.jpg 886w\" sizes=\"auto, (max-width: 846px) 100vw, 846px\" \/><\/figure>\n<\/figure>\n\n\n\n<p class=\"wp-block-paragraph\">Totes elles han demostrat que formen part d&#8217;una comunitat amb molta compet\u00e8ncia i s&#8217;ha vist reflectit al llarg de la setmana i han finalitzat la competici\u00f3 amb els seg\u00fcents resultats:&nbsp;<\/p>\n\n\n\n<p class=\"wp-block-paragraph\">Benjam\u00edn base (126 gimnastes):&nbsp;<\/p>\n\n\n\n<ul class=\"wp-block-list\">\n<li>Olivia Ferriol 4\u00b0<\/li>\n\n\n\n<li>Ana Mar\u00eda Hodoroaba 17\u00b0<\/li>\n<\/ul>\n\n\n\n<p class=\"wp-block-paragraph\">Alev\u00ed base 2014 (132 gimnastes):<\/p>\n\n\n\n<ul class=\"wp-block-list\">\n<li>Nayra Ferrer 39\u00b0\u00a0<\/li>\n<\/ul>\n\n\n\n<p class=\"wp-block-paragraph\">Cadet base 2010 (178 gimnastes):&nbsp;<\/p>\n\n\n\n<ul class=\"wp-block-list\">\n<li>Amaia Fuertes 14\u00b0<\/li>\n\n\n\n<li>Paola Iranzo 21\u00b0<\/li>\n\n\n\n<li>Alba Gim\u00e9nez 52\u00b0<\/li>\n<\/ul>\n\n\n\n<p class=\"wp-block-paragraph\">Juvenil (115 gimnastes):<\/p>\n\n\n\n<ul class=\"wp-block-list\">\n<li>Martina Sim\u00f3n 14\u00b0\u00a0<\/li>\n<\/ul>\n\n\n\n<p class=\"wp-block-paragraph\">\u201cUna vegada finalitzada la temporada de base podem dir que estem orgullosos del treball, tant del cos t\u00e8cnic, com de les gimnastes\u201d, afigen des del club.<\/p>\n","protected":false},"excerpt":{"rendered":"<div class=\"mh-excerpt\">El Club de gimn\u00e0stica r\u00edtmica Bunyol-Tur\u00eds-Valls del Alcalans continua avan\u00e7ant i demostrant any rere any com el treball constant, la dedicaci\u00f3 i la paci\u00e8ncia fan aconseguir un escal\u00f3 m\u00e9s amunt.\u00a0 Des del dimarts 10 al <a class=\"mh-excerpt-more\" href=\"https:\/\/tucomarca.whitekongsoftware.com\/ca\/el-club-de-gimnastica-ritmica-bunyol-turis-valls-del-alcalans-participa-amb-set-gimnastes-en-el-campionat-despanya-base-individual-celebrat-a-castello\/\" title=\"El Club de gimn\u00e0stica r\u00edtmica Bunyol-Tur\u00eds-Valls del Alcalans participa amb set gimnastes en el campionat d&#8217;Espanya Base individual celebrat a Castell\u00f3\u00a0\">[+] <\/a><\/div>\n","protected":false},"author":12,"featured_media":219332,"comment_status":"open","ping_status":"open","sticky":false,"template":"","format":"gallery","meta":{"footnotes":""},"categories":[10911,11003,10894,10912,10902,11009,10896,11047],"tags":[10913,11181,10914,11093],"class_list":["post-219346","post","type-post","status-publish","format-gallery","has-post-thumbnail","category-bunol-ca","category-sports","category-la-comarca-ca","category-la-hoya-ca","category-la-ribera-ca","category-polideportivo-ca","category-seccion-ca","category-turis-ca","tag-bunol-ca","tag-club-de-gimnasia-ritmica-bunol-turis","tag-la-hoya-de-bunol-chiva-ca","tag-turis-ca","post_format-post-format-gallery"],"_links":{"self":[{"href":"https:\/\/tucomarca.whitekongsoftware.com\/ca\/wp-json\/wp\/v2\/posts\/219346","targetHints":{"allow":["GET"]}}],"collection":[{"href":"https:\/\/tucomarca.whitekongsoftware.com\/ca\/wp-json\/wp\/v2\/posts"}],"about":[{"href":"https:\/\/tucomarca.whitekongsoftware.com\/ca\/wp-json\/wp\/v2\/types\/post"}],"author":[{"embeddable":true,"href":"https:\/\/tucomarca.whitekongsoftware.com\/ca\/wp-json\/wp\/v2\/users\/12"}],"replies":[{"embeddable":true,"href":"https:\/\/tucomarca.whitekongsoftware.com\/ca\/wp-json\/wp\/v2\/comments?post=219346"}],"version-history":[{"count":0,"href":"https:\/\/tucomarca.whitekongsoftware.com\/ca\/wp-json\/wp\/v2\/posts\/219346\/revisions"}],"wp:featuredmedia":[{"embeddable":true,"href":"https:\/\/tucomarca.whitekongsoftware.com\/ca\/wp-json\/wp\/v2\/media\/219332"}],"wp:attachment":[{"href":"https:\/\/tucomarca.whitekongsoftware.com\/ca\/wp-json\/wp\/v2\/media?parent=219346"}],"wp:term":[{"taxonomy":"category","embeddable":true,"href":"https:\/\/tucomarca.whitekongsoftware.com\/ca\/wp-json\/wp\/v2\/categories?post=219346"},{"taxonomy":"post_tag","embeddable":true,"href":"https:\/\/tucomarca.whitekongsoftware.com\/ca\/wp-json\/wp\/v2\/tags?post=219346"}],"curies":[{"name":"wp","href":"https:\/\/api.w.org\/{rel}","templated":true}]}}