{"id":218706,"date":"2024-04-12T14:15:00","date_gmt":"2024-04-12T12:15:00","guid":{"rendered":"http:\/\/www.tucomarca.com\/wordpress\/segunda\/?p=218706"},"modified":"2024-04-12T22:34:04","modified_gmt":"2024-04-12T20:34:04","slug":"viticultors-de-requena-detecten-que-hi-ha-vinyes-que-no-brollen-per-la-sequera","status":"publish","type":"post","link":"https:\/\/tucomarca.whitekongsoftware.com\/ca\/viticultors-de-requena-detecten-que-hi-ha-vinyes-que-no-brollen-per-la-sequera\/","title":{"rendered":"Viticultors de Requena detecten que hi ha vinyes que no brollen per la sequera&nbsp;"},"content":{"rendered":"\n<p class=\"wp-block-paragraph\">Fernando C\u00e1rcel, viticultor de Requena, ha deixat pal\u00e9s les greus conseq\u00fc\u00e8ncies que est\u00e0 tenint la sequera per a les parcel\u00b7les de vinya en terres amb una textura m\u00e9s \u00e0rida. Concreta que en una parcel\u00b7la de vinya situada en les proximitats de la pedania dels Ruices, en el municipi de Requena, hi ha molts ceps que no brollen perqu\u00e8 s&#8217;han assecat per la sequera, a pesar que disposa de reg subterrani per sequera. Informa, <strong>Luis Ib\u00e1\u00f1ez.<\/strong><\/p>\n","protected":false},"excerpt":{"rendered":"<div class=\"mh-excerpt\">Fernando C\u00e1rcel, viticultor de Requena, ha deixat pal\u00e9s les greus conseq\u00fc\u00e8ncies que est\u00e0 tenint la sequera per a les parcel\u00b7les de vinya en terres amb una textura m\u00e9s \u00e0rida. Concreta que en una parcel\u00b7la de <a class=\"mh-excerpt-more\" href=\"https:\/\/tucomarca.whitekongsoftware.com\/ca\/viticultors-de-requena-detecten-que-hi-ha-vinyes-que-no-brollen-per-la-sequera\/\" title=\"Viticultors de Requena detecten que hi ha vinyes que no brollen per la sequera&nbsp;\">[+] <\/a><\/div>\n","protected":false},"author":12,"featured_media":218705,"comment_status":"open","ping_status":"open","sticky":false,"template":"","format":"standard","meta":{"footnotes":""},"categories":[10905,11006,10948,10894,10904,10903,10908,10909,10896],"tags":[11099,10910],"class_list":["post-218706","post","type-post","status-publish","format-standard","has-post-thumbnail","category-agricultura-la-comarca-ca","category-canal-vinos","category-infraestructuras-ca","category-la-comarca-ca","category-sin-categorizar-ca","category-medio-ambiente-la-comarca-ca","category-requena-ca","category-requena-utiel-ca","category-seccion-ca","tag-requena-ca","tag-requena-utiel-ca"],"_links":{"self":[{"href":"https:\/\/tucomarca.whitekongsoftware.com\/ca\/wp-json\/wp\/v2\/posts\/218706","targetHints":{"allow":["GET"]}}],"collection":[{"href":"https:\/\/tucomarca.whitekongsoftware.com\/ca\/wp-json\/wp\/v2\/posts"}],"about":[{"href":"https:\/\/tucomarca.whitekongsoftware.com\/ca\/wp-json\/wp\/v2\/types\/post"}],"author":[{"embeddable":true,"href":"https:\/\/tucomarca.whitekongsoftware.com\/ca\/wp-json\/wp\/v2\/users\/12"}],"replies":[{"embeddable":true,"href":"https:\/\/tucomarca.whitekongsoftware.com\/ca\/wp-json\/wp\/v2\/comments?post=218706"}],"version-history":[{"count":0,"href":"https:\/\/tucomarca.whitekongsoftware.com\/ca\/wp-json\/wp\/v2\/posts\/218706\/revisions"}],"wp:featuredmedia":[{"embeddable":true,"href":"https:\/\/tucomarca.whitekongsoftware.com\/ca\/wp-json\/wp\/v2\/media\/218705"}],"wp:attachment":[{"href":"https:\/\/tucomarca.whitekongsoftware.com\/ca\/wp-json\/wp\/v2\/media?parent=218706"}],"wp:term":[{"taxonomy":"category","embeddable":true,"href":"https:\/\/tucomarca.whitekongsoftware.com\/ca\/wp-json\/wp\/v2\/categories?post=218706"},{"taxonomy":"post_tag","embeddable":true,"href":"https:\/\/tucomarca.whitekongsoftware.com\/ca\/wp-json\/wp\/v2\/tags?post=218706"}],"curies":[{"name":"wp","href":"https:\/\/api.w.org\/{rel}","templated":true}]}}