{"id":218676,"date":"2024-04-12T13:30:00","date_gmt":"2024-04-12T11:30:00","guid":{"rendered":"http:\/\/www.tucomarca.com\/wordpress\/segunda\/?p=218676"},"modified":"2024-04-12T23:01:14","modified_gmt":"2024-04-12T21:01:14","slug":"fvmp-i-gva-impulsen-el-pla-viu-conveni-per-a-10-000-habitatges-publics-noves","status":"publish","type":"post","link":"https:\/\/tucomarca.whitekongsoftware.com\/ca\/fvmp-i-gva-impulsen-el-pla-viu-conveni-per-a-10-000-habitatges-publics-noves\/","title":{"rendered":"FVMP i GVA Impulsen el Pla Viu: Conveni per a 10.000 Habitatges P\u00fablics Noves"},"content":{"rendered":"\n<p class=\"wp-block-paragraph\">El Molt Honorable President de la Generalitat Valenciana, Carlos Maz\u00f3n, i la Presidenta de la Federaci\u00f3 Valenciana de Municipis i Prov\u00edncies, Roc\u00edo Cort\u00e9s, segellen la Signatura del Conveni Marc de col\u00b7laboraci\u00f3 entre la GVA i la FVMP per a l&#8217;impuls de la promoci\u00f3 d&#8217;habitatges de protecci\u00f3 p\u00fablica en el s\u00f2l de les administracions locals. Aquest conveni marca una fita en la promoci\u00f3 d&#8217;habitatges de protecci\u00f3 p\u00fablica en s\u00f2ls d&#8217;administracions locals, amb l&#8217;objectiu de construir 10.000 habitatges nous i sostenibles per a joves i fam\u00edlies.<\/p>\n\n\n\n<p class=\"wp-block-paragraph\">La presidenta de la FVMP, Roc\u00edo Cort\u00e9s, representant als 542 municipis de la Comunitat Valenciana, va emfatitzar la import\u00e0ncia de la cooperaci\u00f3 entre administracions i el s\u00f2lid treball realitzat per a establir una base ferma que permeta afrontar amb unitat i fortalesa el desafiament de l&#8217;habitatge. Va destacar que l&#8217;habitatge \u00e9s una necessitat urgent que afecta a tots els municipis i va subratllar la import\u00e0ncia d&#8217;unir esfor\u00e7os en pro de l&#8217;acc\u00e9s a l&#8217;habitatge.<\/p>\n\n\n\n<p class=\"wp-block-paragraph\">En l&#8217;acte de signatura, va destacar la participaci\u00f3 de la Vicepresidenta Segona i Consellera de Serveis Socials, Susana Camarero, del Secretar\u00edo auton\u00f2mic d&#8217;Habitatge Sebasti\u00e1n Fern\u00e1ndez Miralles, aix\u00ed com la pres\u00e8ncia dels Presidents de les Diputacions d&#8217;Alacant, Antonio P\u00e9rez; de Val\u00e8ncia, Vicent Momp\u00f3; i la Presidenta de la Diputaci\u00f3 de Castell\u00f3, Marta Barrachina. La suma d&#8217;aquestes figures reafirma l&#8217;ampli suport institucional al Pla Viu i subratlla la import\u00e0ncia de la col\u00b7laboraci\u00f3 entre diferents nivells de govern per a abordar la q\u00fcesti\u00f3 residencial en la Comunitat.<\/p>\n\n\n\n<p class=\"wp-block-paragraph\">El Pla Viu s&#8217;enfoca en el desenvolupament i construcci\u00f3 de 10.000 habitatges de protecci\u00f3 p\u00fablica, emprant per a aix\u00f2 s\u00f2ls propietat de les administracions locals. Aquest enfocament no sols busca respondre a la creixent demanda d&#8217;habitatge assequible, sin\u00f3 tamb\u00e9 promoure la sostenibilitat i la inclusi\u00f3 social. La FVMP, a trav\u00e9s d&#8217;aquest conveni, reafirma el seu paper crucial com a nexe entre la Generalitat Valenciana i les administracions locals, assegurant que el projecte tinga un impacte directe als ajuntaments.<\/p>\n\n\n\n<p class=\"wp-block-paragraph\">La iniciativa sorgeix com a resposta a una necessitat social, buscant revertir la necessitat de m\u00e9s oferta d&#8217;habitatge protegit. A m\u00e9s dels habitatges, el pla inclou mesures de suport com a subvencions al lloguer, bons d&#8217;habitatge jove i beneficis fiscals, dissenyats per a facilitar l&#8217;acc\u00e9s a l&#8217;habitatge.<\/p>\n","protected":false},"excerpt":{"rendered":"<div class=\"mh-excerpt\">El Molt Honorable President de la Generalitat Valenciana, Carlos Maz\u00f3n, i la Presidenta de la Federaci\u00f3 Valenciana de Municipis i Prov\u00edncies, Roc\u00edo Cort\u00e9s, segellen la Signatura del Conveni Marc de col\u00b7laboraci\u00f3 entre la GVA i <a class=\"mh-excerpt-more\" href=\"https:\/\/tucomarca.whitekongsoftware.com\/ca\/fvmp-i-gva-impulsen-el-pla-viu-conveni-per-a-10-000-habitatges-publics-noves\/\" title=\"FVMP i GVA Impulsen el Pla Viu: Conveni per a 10.000 Habitatges P\u00fablics Noves\">[+] <\/a><\/div>\n","protected":false},"author":12,"featured_media":218674,"comment_status":"open","ping_status":"open","sticky":false,"template":"","format":"standard","meta":{"footnotes":""},"categories":[10898,10948,10894,10904,10947,10908,10909,10896],"tags":[12242,15325,20489],"class_list":["post-218676","post","type-post","status-publish","format-standard","has-post-thumbnail","category-ventana-ca","category-infraestructuras-ca","category-la-comarca-ca","category-sin-categorizar-ca","category-politica","category-requena-ca","category-requena-utiel-ca","category-seccion-ca","tag-federacion-valenciana-de-municipios-y-provincias-ca","tag-gva-ca","tag-viviendas-publicas-ca"],"_links":{"self":[{"href":"https:\/\/tucomarca.whitekongsoftware.com\/ca\/wp-json\/wp\/v2\/posts\/218676","targetHints":{"allow":["GET"]}}],"collection":[{"href":"https:\/\/tucomarca.whitekongsoftware.com\/ca\/wp-json\/wp\/v2\/posts"}],"about":[{"href":"https:\/\/tucomarca.whitekongsoftware.com\/ca\/wp-json\/wp\/v2\/types\/post"}],"author":[{"embeddable":true,"href":"https:\/\/tucomarca.whitekongsoftware.com\/ca\/wp-json\/wp\/v2\/users\/12"}],"replies":[{"embeddable":true,"href":"https:\/\/tucomarca.whitekongsoftware.com\/ca\/wp-json\/wp\/v2\/comments?post=218676"}],"version-history":[{"count":0,"href":"https:\/\/tucomarca.whitekongsoftware.com\/ca\/wp-json\/wp\/v2\/posts\/218676\/revisions"}],"wp:featuredmedia":[{"embeddable":true,"href":"https:\/\/tucomarca.whitekongsoftware.com\/ca\/wp-json\/wp\/v2\/media\/218674"}],"wp:attachment":[{"href":"https:\/\/tucomarca.whitekongsoftware.com\/ca\/wp-json\/wp\/v2\/media?parent=218676"}],"wp:term":[{"taxonomy":"category","embeddable":true,"href":"https:\/\/tucomarca.whitekongsoftware.com\/ca\/wp-json\/wp\/v2\/categories?post=218676"},{"taxonomy":"post_tag","embeddable":true,"href":"https:\/\/tucomarca.whitekongsoftware.com\/ca\/wp-json\/wp\/v2\/tags?post=218676"}],"curies":[{"name":"wp","href":"https:\/\/api.w.org\/{rel}","templated":true}]}}