{"id":218635,"date":"2024-04-12T13:00:00","date_gmt":"2024-04-12T11:00:00","guid":{"rendered":"http:\/\/www.tucomarca.com\/wordpress\/segunda\/?p=218635"},"modified":"2024-04-12T22:42:18","modified_gmt":"2024-04-12T20:42:18","slug":"les-organitzacions-agraries-de-la-comunitat-valenciana-organitzen-un-acte-de-protesta-sectorial-de-larros-aquest-dilluns-15-dabril-a-algemesi","status":"publish","type":"post","link":"https:\/\/tucomarca.whitekongsoftware.com\/ca\/les-organitzacions-agraries-de-la-comunitat-valenciana-organitzen-un-acte-de-protesta-sectorial-de-larros-aquest-dilluns-15-dabril-a-algemesi\/","title":{"rendered":"Les Organitzacions Agr\u00e0ries de la Comunitat Valenciana organitzen un acte de protesta sectorial de l&#8217;arr\u00f2s aquest dilluns 15 d&#8217;abril a Algemes\u00ed"},"content":{"rendered":"\n<h3 class=\"wp-block-heading\">Reprenen les organitzacions el calendari de protestes iniciat a la fi de gener.<\/h3>\n\n\n\n<p class=\"wp-block-paragraph\"> Les organitzacions professionals agr\u00e0ries de la Comunitat Valenciana (La Uni\u00f3 Llauradora, AVA-ASAJA, ASAJA Alicante, UPA-PV i CCPV-COAG) realitzaran un acte de protesta sectorial de l&#8217;arr\u00f2s aquest pr\u00f2xim dilluns 15 d&#8217;abril, des de les 11 hores, en la localitat d&#8217;Algemes\u00ed (Arr\u00f2s Sos), davant la desastrosa situaci\u00f3 comercial del sector arrosser valenci\u00e0 per les massives importacions procedents de tercers pa\u00efsos. Reprenen aix\u00ed les organitzacions agr\u00e0ries el calendari de mobilitzacions que van iniciar a la fi del passat mes de gener i que fins a finals de febrer va comptar amb fins a quatre actes conjunts de protesta al llarg de les tres prov\u00edncies de la Comunitat Valenciana.<\/p>\n\n\n\n<p class=\"wp-block-paragraph\">La protesta tindr\u00e0 lloc en els voltants de l&#8217;empresa Arr\u00f2s SOS-Herba Ricemills, SLU -del grup Ebro Foods- situada en la carretera CV-42, km 3,5, en el terme municipal d&#8217;Algemes\u00ed. Els tractors arribaran al punt de concentraci\u00f3 a trav\u00e9s de carreteres comarcals, principalment per la CV-516, i se situaran al llarg de la carretera que envolta aquesta empresa. A la conclusi\u00f3 d&#8217;aquest acte reivindicatiu, s&#8217;elaboraran diverses paelles amb arr\u00f2s valenci\u00e0 per a denunciar les importacions d&#8217;eixes empreses. L&#8217;objectiu \u00e9s que els consumidors compren arr\u00f2s valenci\u00e0, \u201cper a menjar sa i segur, potenciar l&#8217;economia de la nostra terra i salvar els aiguamolls valencians dels quals dep\u00e9n el cultiu de l&#8217;arr\u00f2s\u201d, assenyalen les entitats convocants.<\/p>\n\n\n\n<p class=\"wp-block-paragraph\">Durant les \u00faltimes setmanes s&#8217;ha produ\u00eft una gran entrada d&#8217;arr\u00f2s procedent dels pa\u00efsos asi\u00e0tics i importats per empreses amb implantaci\u00f3 en la Comunitat Valenciana com a Arr\u00f2s SOS, just en un moment on no hi ha contractes de compravenda i els magatzems continuen plens d&#8217;arr\u00f2s valenci\u00e0 de la passada campanya. Amb aquesta pr\u00e0ctica d&#8217;importacions, aquestes grans empreses suposadament pretenen baixar el preu de l&#8217;arr\u00f2s valenci\u00e0 que afecta sensiblement la renda dels llauradors.<\/p>\n\n\n\n<p class=\"wp-block-paragraph\">Els arrossers protesten aix\u00ed contra les pol\u00edtiques agr\u00e0ries europees en el sector de l&#8217;arr\u00f2s, davant la falta de reciprocitat en els acords comercials subscrits per la Uni\u00f3 Europea amb pa\u00efsos tercers. Aquesta falta de reciprocitat fomenta una evident compet\u00e8ncia deslleial de les importacions agr\u00e0ries. \u201cA difer\u00e8ncia de l&#8217;arr\u00f2s europeu que compleix els m\u00e0xims est\u00e0ndards de qualitat, Myanmar i Cambodja, per exemple, usen productes qu\u00edmics nocius per a la salut que estan prohibits a la UE, cultiven de manera insostenible per al medi ambient i vulneren els drets humans\u201d, asseguren els arrossers.<\/p>\n\n\n\n<p class=\"wp-block-paragraph\">Tamb\u00e9 critiquen a les grans empreses arrosseres per no especificar en els paquets d&#8217;arr\u00f2s que venen en les cadenes de distribuci\u00f3 el pa\u00eds d&#8217;origen. Algunes d&#8217;elles venen arr\u00f2s asi\u00e0tic com si fora valenci\u00e0, indicant en l&#8217;etiqueta \u00fanicament el distribu\u00efdor local i fins i tot fotos identificatives de la Comunitat Valenciana, la qual cosa arru\u00efna als productors i enganya els consumidors.<\/p>\n\n\n\n<p class=\"wp-block-paragraph\">Acte protesta 15 abril de 2024<\/p>\n\n\n\n<p class=\"wp-block-paragraph\">Lloc: Instal\u00b7lacions Arroz SOS- Herba Ricemills, S.L.U CV-42, Km. 3,5, a Algemes\u00ed<\/p>\n\n\n\n<p class=\"wp-block-paragraph\">Hora: Des de les 11 hores. Atenci\u00f3 als mitjans de comunicaci\u00f3 a les 12 hores.<\/p>\n\n\n\n<p class=\"wp-block-paragraph\"><\/p>\n","protected":false},"excerpt":{"rendered":"<div class=\"mh-excerpt\">Reprenen les organitzacions el calendari de protestes iniciat a la fi de gener. Les organitzacions professionals agr\u00e0ries de la Comunitat Valenciana (La Uni\u00f3 Llauradora, AVA-ASAJA, ASAJA Alicante, UPA-PV i CCPV-COAG) realitzaran un acte de protesta <a class=\"mh-excerpt-more\" href=\"https:\/\/tucomarca.whitekongsoftware.com\/ca\/les-organitzacions-agraries-de-la-comunitat-valenciana-organitzen-un-acte-de-protesta-sectorial-de-larros-aquest-dilluns-15-dabril-a-algemesi\/\" title=\"Les Organitzacions Agr\u00e0ries de la Comunitat Valenciana organitzen un acte de protesta sectorial de l&#8217;arr\u00f2s aquest dilluns 15 d&#8217;abril a Algemes\u00ed\">[+] <\/a><\/div>\n","protected":false},"author":12,"featured_media":218633,"comment_status":"open","ping_status":"open","sticky":false,"template":"","format":"standard","meta":{"footnotes":""},"categories":[11019,10905,10983,10948,10894,10904,10902,10947,10896],"tags":[11081,20483,11924,18022,11356],"class_list":["post-218635","post","type-post","status-publish","format-standard","has-post-thumbnail","category-agenda-ca","category-agricultura-la-comarca-ca","category-algemesi-ca","category-infraestructuras-ca","category-la-comarca-ca","category-sin-categorizar-ca","category-la-ribera-ca","category-politica","category-seccion-ca","tag-algemesi-ca","tag-arroz-valenciano-ca","tag-ava-asaja-ca","tag-la-unio-llauradora-ca","tag-ribera-alta-ca"],"_links":{"self":[{"href":"https:\/\/tucomarca.whitekongsoftware.com\/ca\/wp-json\/wp\/v2\/posts\/218635","targetHints":{"allow":["GET"]}}],"collection":[{"href":"https:\/\/tucomarca.whitekongsoftware.com\/ca\/wp-json\/wp\/v2\/posts"}],"about":[{"href":"https:\/\/tucomarca.whitekongsoftware.com\/ca\/wp-json\/wp\/v2\/types\/post"}],"author":[{"embeddable":true,"href":"https:\/\/tucomarca.whitekongsoftware.com\/ca\/wp-json\/wp\/v2\/users\/12"}],"replies":[{"embeddable":true,"href":"https:\/\/tucomarca.whitekongsoftware.com\/ca\/wp-json\/wp\/v2\/comments?post=218635"}],"version-history":[{"count":0,"href":"https:\/\/tucomarca.whitekongsoftware.com\/ca\/wp-json\/wp\/v2\/posts\/218635\/revisions"}],"wp:featuredmedia":[{"embeddable":true,"href":"https:\/\/tucomarca.whitekongsoftware.com\/ca\/wp-json\/wp\/v2\/media\/218633"}],"wp:attachment":[{"href":"https:\/\/tucomarca.whitekongsoftware.com\/ca\/wp-json\/wp\/v2\/media?parent=218635"}],"wp:term":[{"taxonomy":"category","embeddable":true,"href":"https:\/\/tucomarca.whitekongsoftware.com\/ca\/wp-json\/wp\/v2\/categories?post=218635"},{"taxonomy":"post_tag","embeddable":true,"href":"https:\/\/tucomarca.whitekongsoftware.com\/ca\/wp-json\/wp\/v2\/tags?post=218635"}],"curies":[{"name":"wp","href":"https:\/\/api.w.org\/{rel}","templated":true}]}}