{"id":218599,"date":"2024-04-12T12:00:00","date_gmt":"2024-04-12T10:00:00","guid":{"rendered":"http:\/\/www.tucomarca.com\/wordpress\/segunda\/?p=218599"},"modified":"2024-04-12T15:27:15","modified_gmt":"2024-04-12T13:27:15","slug":"benaguasil-assisteix-a-la-jornada-a-brusselles-per-a-avaluar-el-projecte-smart-and-digital-agriculture-sda-i-enfortir-la-collaboracio","status":"publish","type":"post","link":"https:\/\/tucomarca.whitekongsoftware.com\/ca\/benaguasil-assisteix-a-la-jornada-a-brusselles-per-a-avaluar-el-projecte-smart-and-digital-agriculture-sda-i-enfortir-la-collaboracio\/","title":{"rendered":"Benaguasil assisteix a la jornada a Brussel\u00b7les per a avaluar el projecte Smart and Digital Agriculture (SDA) i enfortir la col\u00b7laboraci\u00f3"},"content":{"rendered":"\n<h3 class=\"wp-block-heading\">Finnova acull la reuni\u00f3 del projecte en el qual a m\u00e9s de Benaguasil i B\u00e8lgica estan representats socis turcs i b\u00falgars.<\/h3>\n\n\n\n<p class=\"wp-block-paragraph\">Els regidors de l&#8217;Ajuntament de Benaguasil Stephane Soriano i Rub\u00e9n Araque han assistit a Brussel\u00b7les a la tercera reuni\u00f3 del projecte Smart and Digital Agriculture (SDA), per a analitzar els avan\u00e7os del projecte i concretar la recta final d&#8217;aquest.<br>El projecte europeu Smart and Digital Agriculture, finan\u00e7at per la Comissi\u00f3 Europea a trav\u00e9s del programa Erasmus +, fomenta activament impulsar la digitalitzaci\u00f3 en el sector agr\u00edcola per a abordar els desafiaments actuals i futurs. A trav\u00e9s de solucions innovadores, SDA cerca millorar l&#8217;efici\u00e8ncia, la sostenibilitat i la producci\u00f3 d&#8217;aliments.<br>Al costat de Benaguasil, participen tamb\u00e9 en el projecte representants de Turquia, Bulg\u00e0ria, B\u00e8lgica i Maced\u00f2nia del Nord. Tots ells analitzaran en les reunions previstes els objectius del SDA per a donar suport a l&#8217;ocupaci\u00f3 juvenil en el sector agr\u00edcola mitjan\u00e7ant plantes medicinals i arom\u00e0tiques amb alt valor en l&#8217;agricultura i disminuir l&#8217;emigraci\u00f3 del camp a la ciutat.<br>Aix\u00ed mateix es reuniran amb responsables de les institucions europees per a discutir estrat\u00e8gies que involucren als joves en l&#8217;agricultura digital, un punt essencial per al futur sostenible del sector agr\u00edcola, i tindran l&#8217;oportunitat de con\u00e9ixer de prop les pr\u00e0ctiques agr\u00edcoles sostenibles dutes a terme per \u201cLavender Your Life\u201d com a representaci\u00f3 de la ind\u00fastria de cosm\u00e8tics naturals a B\u00e8lgica. Aquesta experi\u00e8ncia proporcionar\u00e0 idees valuoses per a implementar solucions digitals en l&#8217;agricultura i un intercanvi de coneixements i de bones pr\u00e0ctiques sostenibles entre diferents pa\u00efsos.<\/p>\n","protected":false},"excerpt":{"rendered":"<div class=\"mh-excerpt\">Finnova acull la reuni\u00f3 del projecte en el qual a m\u00e9s de Benaguasil i B\u00e8lgica estan representats socis turcs i b\u00falgars. Els regidors de l&#8217;Ajuntament de Benaguasil Stephane Soriano i Rub\u00e9n Araque han assistit a <a class=\"mh-excerpt-more\" href=\"https:\/\/tucomarca.whitekongsoftware.com\/ca\/benaguasil-assisteix-a-la-jornada-a-brusselles-per-a-avaluar-el-projecte-smart-and-digital-agriculture-sda-i-enfortir-la-collaboracio\/\" title=\"Benaguasil assisteix a la jornada a Brussel\u00b7les per a avaluar el projecte Smart and Digital Agriculture (SDA) i enfortir la col\u00b7laboraci\u00f3\">[+] <\/a><\/div>\n","protected":false},"author":12,"featured_media":218598,"comment_status":"open","ping_status":"open","sticky":false,"template":"","format":"standard","meta":{"footnotes":""},"categories":[10905,10952,10892,10948,10894,10947,10896],"tags":[11136,10899,19373],"class_list":["post-218599","post","type-post","status-publish","format-standard","has-post-thumbnail","category-agricultura-la-comarca-ca","category-benaguasil-ca","category-camp-de-turia-ca","category-infraestructuras-ca","category-la-comarca-ca","category-politica","category-seccion-ca","tag-benaguasil-ca","tag-camp-de-turia-ca","tag-proyecto-europeo-sda-ca"],"_links":{"self":[{"href":"https:\/\/tucomarca.whitekongsoftware.com\/ca\/wp-json\/wp\/v2\/posts\/218599","targetHints":{"allow":["GET"]}}],"collection":[{"href":"https:\/\/tucomarca.whitekongsoftware.com\/ca\/wp-json\/wp\/v2\/posts"}],"about":[{"href":"https:\/\/tucomarca.whitekongsoftware.com\/ca\/wp-json\/wp\/v2\/types\/post"}],"author":[{"embeddable":true,"href":"https:\/\/tucomarca.whitekongsoftware.com\/ca\/wp-json\/wp\/v2\/users\/12"}],"replies":[{"embeddable":true,"href":"https:\/\/tucomarca.whitekongsoftware.com\/ca\/wp-json\/wp\/v2\/comments?post=218599"}],"version-history":[{"count":0,"href":"https:\/\/tucomarca.whitekongsoftware.com\/ca\/wp-json\/wp\/v2\/posts\/218599\/revisions"}],"wp:featuredmedia":[{"embeddable":true,"href":"https:\/\/tucomarca.whitekongsoftware.com\/ca\/wp-json\/wp\/v2\/media\/218598"}],"wp:attachment":[{"href":"https:\/\/tucomarca.whitekongsoftware.com\/ca\/wp-json\/wp\/v2\/media?parent=218599"}],"wp:term":[{"taxonomy":"category","embeddable":true,"href":"https:\/\/tucomarca.whitekongsoftware.com\/ca\/wp-json\/wp\/v2\/categories?post=218599"},{"taxonomy":"post_tag","embeddable":true,"href":"https:\/\/tucomarca.whitekongsoftware.com\/ca\/wp-json\/wp\/v2\/tags?post=218599"}],"curies":[{"name":"wp","href":"https:\/\/api.w.org\/{rel}","templated":true}]}}