{"id":218592,"date":"2024-04-12T10:00:00","date_gmt":"2024-04-12T08:00:00","guid":{"rendered":"http:\/\/www.tucomarca.com\/wordpress\/segunda\/?p=218592"},"modified":"2024-04-12T15:32:32","modified_gmt":"2024-04-12T13:32:32","slug":"lajuntament-de-bunyol-assisteix-a-li-forum-sicted-de-turisme-comunitat-valenciana-sota-el-lema-un-pas-cap-a-la-sostenibilitat","status":"publish","type":"post","link":"https:\/\/tucomarca.whitekongsoftware.com\/ca\/lajuntament-de-bunyol-assisteix-a-li-forum-sicted-de-turisme-comunitat-valenciana-sota-el-lema-un-pas-cap-a-la-sostenibilitat\/","title":{"rendered":"L&#8217;Ajuntament de Bunyol assisteix a l&#8217;I F\u00f2rum SICTED de Turisme Comunitat Valenciana sota el lema \u2018Un pas cap a la sostenibilitat\u2019&nbsp;"},"content":{"rendered":"\n<p class=\"wp-block-paragraph\">La jornada, en la qual van ser presents Luc\u00eda Villar, Regidora de Turisme; i Virginia Sanz, Alcaldessa de Bunyol, va estar dirigida als principals agents i equips que gestionen el turisme seguint la metodologia del Sistema Integral de Qualitat Tur\u00edstica en Dest\u00ed (SICTED). <\/p>\n\n\n\n<p class=\"wp-block-paragraph\">L&#8217;esdeveniment va congregar a molts destins SICTED CV, entre ells, el municipi de Bunyol.\u00a0<\/p>\n\n\n\n<figure class=\"wp-block-gallery has-nested-images columns-1 is-cropped wp-block-gallery-1 is-layout-flex wp-block-gallery-is-layout-flex\">\n<figure class=\"wp-block-image size-large\"><img loading=\"lazy\" decoding=\"async\" width=\"886\" height=\"665\" data-id=\"218582\" src=\"http:\/\/www.tucomarca.com\/wordpress\/segunda\/wp-content\/uploads\/2024\/04\/BunolSICTED3.jpg\" alt=\"\" class=\"wp-image-218582\" srcset=\"https:\/\/tucomarca.whitekongsoftware.com\/wp-content\/uploads\/2024\/04\/BunolSICTED3.jpg 886w, https:\/\/tucomarca.whitekongsoftware.com\/wp-content\/uploads\/2024\/04\/BunolSICTED3-300x225.jpg 300w, https:\/\/tucomarca.whitekongsoftware.com\/wp-content\/uploads\/2024\/04\/BunolSICTED3-768x576.jpg 768w, https:\/\/tucomarca.whitekongsoftware.com\/wp-content\/uploads\/2024\/04\/BunolSICTED3-678x509.jpg 678w, https:\/\/tucomarca.whitekongsoftware.com\/wp-content\/uploads\/2024\/04\/BunolSICTED3-326x245.jpg 326w, https:\/\/tucomarca.whitekongsoftware.com\/wp-content\/uploads\/2024\/04\/BunolSICTED3-80x60.jpg 80w\" sizes=\"auto, (max-width: 886px) 100vw, 886px\" \/><\/figure>\n\n\n\n<figure class=\"wp-block-image size-large\"><img loading=\"lazy\" decoding=\"async\" width=\"1024\" height=\"594\" data-id=\"218589\" src=\"http:\/\/www.tucomarca.com\/wordpress\/segunda\/wp-content\/uploads\/2024\/04\/BunolSICTED4-1024x594.jpg\" alt=\"\" class=\"wp-image-218589\" srcset=\"https:\/\/tucomarca.whitekongsoftware.com\/wp-content\/uploads\/2024\/04\/BunolSICTED4-1024x594.jpg 1024w, https:\/\/tucomarca.whitekongsoftware.com\/wp-content\/uploads\/2024\/04\/BunolSICTED4-300x174.jpg 300w, https:\/\/tucomarca.whitekongsoftware.com\/wp-content\/uploads\/2024\/04\/BunolSICTED4-768x445.jpg 768w, https:\/\/tucomarca.whitekongsoftware.com\/wp-content\/uploads\/2024\/04\/BunolSICTED4.jpg 1181w\" sizes=\"auto, (max-width: 1024px) 100vw, 1024px\" \/><\/figure>\n<\/figure>\n\n\n\n<p class=\"wp-block-paragraph\">A la primera jornada, celebrada el dimecres 10 d&#8217;abril, va assistir Vera Ruiz, t\u00e8cnica de Turisme de l&#8217;Ajuntament de Bunyol. Aquesta trobada va albergar:<\/p>\n\n\n\n<ul class=\"wp-block-list\"><li>Reuni\u00f3 de balan\u00e7 i planificaci\u00f3 que realitza anualment el Comit\u00e9 Interdestinos SICTED de la Comunitat Valenciana;<\/li><li>Pon\u00e8ncia sobre l&#8217;evoluci\u00f3 del Sistema de Sostenibilitat Tur\u00edstica Integral i,<\/li><li>Visita guiada per Gandia, per a con\u00e9ixer els serveis que compten amb la distinci\u00f3 de qualitat.<\/li><\/ul>\n\n\n\n<p class=\"wp-block-paragraph\">La segona jornada es va celebrar ahir dijous 11 d&#8217;abril a l&#8217;hotel RH BAYREN de Gandia. En ella es van presentar els eixos principals de l&#8217;Estrat\u00e8gia de Sostenibilitat de Turisme Comunitat Valenciana, on van assistir alcaldes i regidors de turisme dels destins SICTED, entre ells, la nostra alcaldessa i regidora de Turisme acompanyades per la t\u00e8cnica de turisme de la localitat.<br>Es van poder con\u00e9ixer les experi\u00e8ncies sostenibles en destins com Gandia, D\u00e9nia, Benidorm o Val\u00e8ncia. Els assistents a aquesta trobada, a m\u00e9s, van poder respondre a una enquesta realitzada \u2018in situ\u2019 amb l&#8217;objectiu de fer part\u00edcip als destins i municipis en l&#8217;elaboraci\u00f3 de l&#8217;Estrat\u00e8gia de Sostenibilitat per la qual aposta la Generalitat per als destins de la CV.<br>La jornada va ser clausurada per la Secret\u00e0ria Auton\u00f2mica de Turisme, Cristina Moreno i va concloure amb el Concurs de Fideu\u00e1, t\u00edpica de Gandia. Bunyol ofereix un servei tur\u00edstic de qualitat dels destins SICTED CV.<\/p>\n","protected":false},"excerpt":{"rendered":"<div class=\"mh-excerpt\">La jornada, en la qual van ser presents Luc\u00eda Villar, Regidora de Turisme; i Virginia Sanz, Alcaldessa de Bunyol, va estar dirigida als principals agents i equips que gestionen el turisme seguint la metodologia del <a class=\"mh-excerpt-more\" href=\"https:\/\/tucomarca.whitekongsoftware.com\/ca\/lajuntament-de-bunyol-assisteix-a-li-forum-sicted-de-turisme-comunitat-valenciana-sota-el-lema-un-pas-cap-a-la-sostenibilitat\/\" title=\"L&#8217;Ajuntament de Bunyol assisteix a l&#8217;I F\u00f2rum SICTED de Turisme Comunitat Valenciana sota el lema \u2018Un pas cap a la sostenibilitat\u2019&nbsp;\">[+] <\/a><\/div>\n","protected":false},"author":12,"featured_media":218588,"comment_status":"open","ping_status":"open","sticky":false,"template":"","format":"gallery","meta":{"footnotes":""},"categories":[10911,10948,10894,10912,10896],"tags":[10913,10914,16522],"class_list":["post-218592","post","type-post","status-publish","format-gallery","has-post-thumbnail","category-bunol-ca","category-infraestructuras-ca","category-la-comarca-ca","category-la-hoya-ca","category-seccion-ca","tag-bunol-ca","tag-la-hoya-de-bunol-chiva-ca","tag-turismo-bunol-ca","post_format-post-format-gallery"],"_links":{"self":[{"href":"https:\/\/tucomarca.whitekongsoftware.com\/ca\/wp-json\/wp\/v2\/posts\/218592","targetHints":{"allow":["GET"]}}],"collection":[{"href":"https:\/\/tucomarca.whitekongsoftware.com\/ca\/wp-json\/wp\/v2\/posts"}],"about":[{"href":"https:\/\/tucomarca.whitekongsoftware.com\/ca\/wp-json\/wp\/v2\/types\/post"}],"author":[{"embeddable":true,"href":"https:\/\/tucomarca.whitekongsoftware.com\/ca\/wp-json\/wp\/v2\/users\/12"}],"replies":[{"embeddable":true,"href":"https:\/\/tucomarca.whitekongsoftware.com\/ca\/wp-json\/wp\/v2\/comments?post=218592"}],"version-history":[{"count":0,"href":"https:\/\/tucomarca.whitekongsoftware.com\/ca\/wp-json\/wp\/v2\/posts\/218592\/revisions"}],"wp:featuredmedia":[{"embeddable":true,"href":"https:\/\/tucomarca.whitekongsoftware.com\/ca\/wp-json\/wp\/v2\/media\/218588"}],"wp:attachment":[{"href":"https:\/\/tucomarca.whitekongsoftware.com\/ca\/wp-json\/wp\/v2\/media?parent=218592"}],"wp:term":[{"taxonomy":"category","embeddable":true,"href":"https:\/\/tucomarca.whitekongsoftware.com\/ca\/wp-json\/wp\/v2\/categories?post=218592"},{"taxonomy":"post_tag","embeddable":true,"href":"https:\/\/tucomarca.whitekongsoftware.com\/ca\/wp-json\/wp\/v2\/tags?post=218592"}],"curies":[{"name":"wp","href":"https:\/\/api.w.org\/{rel}","templated":true}]}}