{"id":218576,"date":"2024-04-12T11:00:00","date_gmt":"2024-04-12T09:00:00","guid":{"rendered":"http:\/\/www.tucomarca.com\/wordpress\/segunda\/?p=218576"},"modified":"2024-04-12T15:37:25","modified_gmt":"2024-04-12T13:37:25","slug":"la-federacio-de-caca-de-la-comunitat-valenciana-i-la-direccio-general-de-la-industria-sumen-esforcos-per-a-abordar-el-problema-del-senglar","status":"publish","type":"post","link":"https:\/\/tucomarca.whitekongsoftware.com\/ca\/la-federacio-de-caca-de-la-comunitat-valenciana-i-la-direccio-general-de-la-industria-sumen-esforcos-per-a-abordar-el-problema-del-senglar\/","title":{"rendered":"La Federaci\u00f3 de Ca\u00e7a de la Comunitat Valenciana i la Direcci\u00f3 General de la Ind\u00fastria sumen esfor\u00e7os per a abordar el problema del senglar"},"content":{"rendered":"\n<p class=\"wp-block-paragraph\">La Federaci\u00f3 de Ca\u00e7a de la Comunitat Valenciana va sostindre una reuni\u00f3 amb la Direcci\u00f3 General de la Ind\u00fastria i Cadena Agroaliment\u00e0ria per a abordar la problem\u00e0tica actual relacionada amb la sobrepoblaci\u00f3 i la gesti\u00f3 de senglars, que est\u00e0 impactant profundament en diversos sectors.<br>Durant la trobada, la Presidenta de la Federaci\u00f3 de Ca\u00e7a, Lorena Mart\u00ednez, va transmetre a la Directora General, Inma Marco, la situaci\u00f3 cr\u00edtica que enfronten els ca\u00e7adors en el nostre territori. L&#8217;aclaparadora quantitat de peces abatudes a causa de la proliferaci\u00f3 de senglars ha generat una urgent necessitat de solucions efectives.<br>La resposta de la Direcci\u00f3 General va ser receptiva i proactiva, mostrant inter\u00e9s i disposici\u00f3 per a col\u00b7laborar amb els ca\u00e7adors valencians en la cerca de mesures integrals que aborden aquesta problem\u00e0tica.<br>L&#8217;impacte de la superpoblaci\u00f3 de senglars no es limita \u00fanicament a l&#8217;\u00e0mbit de la ca\u00e7a. Les dades alarmants sobre sinistres vials causats per animals a Espanya, amb la Comunitat Valenciana entre les regions m\u00e9s afectades, ressalten la urg\u00e8ncia d&#8217;actuar. En l&#8217;\u00faltim any, es van registrar aproximadament 36.000 sinistres vials al pa\u00eds, amb 1,379 d&#8217;ells provocant danys materials i 51 causant danys personals en el territori nacional.<br>A m\u00e9s, el sector agrari ha patit p\u00e8rdues significatives, ascendint a 50 milions d&#8217;euros l&#8217;any passat a causa dels danys causats per la fauna salvatge, representant un augment del 25% en comparaci\u00f3 amb anys anteriors.<br>La Federaci\u00f3 de Ca\u00e7a de la Comunitat Valenciana reitera el seu comprom\u00eds amb els ca\u00e7adors, la seguretat vi\u00e0ria i la protecci\u00f3 de l&#8217;agricultura. \u201cEstem decidits a col\u00b7laborar estretament amb les autoritats pertinents i altres actors involucrats per a trobar solucions efectives que aborden aquesta problem\u00e0tica de manera integral i equilibrada\u201d, va expressar Lorena Mart\u00ednez, Presidenta de la Federaci\u00f3. Informa, <strong>Luis Ib\u00e1\u00f1ez.<\/strong><\/p>\n","protected":false},"excerpt":{"rendered":"<div class=\"mh-excerpt\">La Federaci\u00f3 de Ca\u00e7a de la Comunitat Valenciana va sostindre una reuni\u00f3 amb la Direcci\u00f3 General de la Ind\u00fastria i Cadena Agroaliment\u00e0ria per a abordar la problem\u00e0tica actual relacionada amb la sobrepoblaci\u00f3 i la gesti\u00f3 <a class=\"mh-excerpt-more\" href=\"https:\/\/tucomarca.whitekongsoftware.com\/ca\/la-federacio-de-caca-de-la-comunitat-valenciana-i-la-direccio-general-de-la-industria-sumen-esforcos-per-a-abordar-el-problema-del-senglar\/\" title=\"La Federaci\u00f3 de Ca\u00e7a de la Comunitat Valenciana i la Direcci\u00f3 General de la Ind\u00fastria sumen esfor\u00e7os per a abordar el problema del senglar\">[+] <\/a><\/div>\n","protected":false},"author":12,"featured_media":218575,"comment_status":"open","ping_status":"open","sticky":false,"template":"","format":"standard","meta":{"footnotes":""},"categories":[10898,10894,10904,10947,10908,10909,10896],"tags":[14055,12625,11099,10910],"class_list":["post-218576","post","type-post","status-publish","format-standard","has-post-thumbnail","category-ventana-ca","category-la-comarca-ca","category-sin-categorizar-ca","category-politica","category-requena-ca","category-requena-utiel-ca","category-seccion-ca","tag-federacion-caza-ca","tag-jabali-ca","tag-requena-ca","tag-requena-utiel-ca"],"_links":{"self":[{"href":"https:\/\/tucomarca.whitekongsoftware.com\/ca\/wp-json\/wp\/v2\/posts\/218576","targetHints":{"allow":["GET"]}}],"collection":[{"href":"https:\/\/tucomarca.whitekongsoftware.com\/ca\/wp-json\/wp\/v2\/posts"}],"about":[{"href":"https:\/\/tucomarca.whitekongsoftware.com\/ca\/wp-json\/wp\/v2\/types\/post"}],"author":[{"embeddable":true,"href":"https:\/\/tucomarca.whitekongsoftware.com\/ca\/wp-json\/wp\/v2\/users\/12"}],"replies":[{"embeddable":true,"href":"https:\/\/tucomarca.whitekongsoftware.com\/ca\/wp-json\/wp\/v2\/comments?post=218576"}],"version-history":[{"count":0,"href":"https:\/\/tucomarca.whitekongsoftware.com\/ca\/wp-json\/wp\/v2\/posts\/218576\/revisions"}],"wp:featuredmedia":[{"embeddable":true,"href":"https:\/\/tucomarca.whitekongsoftware.com\/ca\/wp-json\/wp\/v2\/media\/218575"}],"wp:attachment":[{"href":"https:\/\/tucomarca.whitekongsoftware.com\/ca\/wp-json\/wp\/v2\/media?parent=218576"}],"wp:term":[{"taxonomy":"category","embeddable":true,"href":"https:\/\/tucomarca.whitekongsoftware.com\/ca\/wp-json\/wp\/v2\/categories?post=218576"},{"taxonomy":"post_tag","embeddable":true,"href":"https:\/\/tucomarca.whitekongsoftware.com\/ca\/wp-json\/wp\/v2\/tags?post=218576"}],"curies":[{"name":"wp","href":"https:\/\/api.w.org\/{rel}","templated":true}]}}