{"id":218522,"date":"2024-04-11T11:00:00","date_gmt":"2024-04-11T09:00:00","guid":{"rendered":"http:\/\/www.tucomarca.com\/wordpress\/segunda\/?p=218522"},"modified":"2024-04-11T21:55:50","modified_gmt":"2024-04-11T19:55:50","slug":"lajuntament-de-xiva-habilita-un-punt-datencio-ciutadana-per-a-urbanitzacions","status":"publish","type":"post","link":"https:\/\/tucomarca.whitekongsoftware.com\/ca\/lajuntament-de-xiva-habilita-un-punt-datencio-ciutadana-per-a-urbanitzacions\/","title":{"rendered":"L&#8217;Ajuntament de Xiva habilita un Punt d&#8217;Atenci\u00f3 Ciutadana per a urbanitzacions"},"content":{"rendered":"\n<p class=\"wp-block-paragraph\">L&#8217;ajuntament ha habilitat un Punt d&#8217;Informaci\u00f3 Ciutadana (PAC) per a ve\u00efns d&#8217;urbanitzacions i disseminats de Xiva.<\/p>\n\n\n\n<p class=\"wp-block-paragraph\">L&#8217;edifici, situat a l&#8217;entrada de la urbanitzaci\u00f3 El Bosc, va comen\u00e7ar fa unes setmanes a prestar els seus serveis de finestreta \u00fanica sent a m\u00e9s possible realitzar les gestions d&#8217;empadronament, queixes i reclamacions o sol\u00b7licitud de qualsevol tipus de documentaci\u00f3 oficial.&nbsp;<\/p>\n\n\n\n<p class=\"wp-block-paragraph\">De la mateixa manera, el PAC aporta informaci\u00f3 sobre els serveis gestionats des de la Mancomunitat Foia de Bunyol Xiva en mat\u00e8ria d&#8217;ocupaci\u00f3, ajudes a l&#8217;habitatge i la rehabilitaci\u00f3 i ajudes a l&#8217;agricultura.<\/p>\n\n\n\n<p class=\"wp-block-paragraph\">Inicialment, l&#8217;atenci\u00f3 es realitza tots els dijous, si b\u00e9 est\u00e0 previst augmentar el seu horari d&#8217;obertura en funci\u00f3 de la demanda.<\/p>\n\n\n\n<p class=\"wp-block-paragraph\">Aquest servei, prioritari per a l&#8217;ajuntament, permet inicialment atendre a tots els ve\u00efns de l&#8217;entorn pr\u00f2xim a aquesta urbanitzaci\u00f3: Calicanto, Sierra Perenchiza, Residencial la Lloma, San Francisco, Miralcampo, Lloma de Miralcampo, La Mediera, Entrepinos o Corral de Carmelo.<\/p>\n","protected":false},"excerpt":{"rendered":"<div class=\"mh-excerpt\">L&#8217;ajuntament ha habilitat un Punt d&#8217;Informaci\u00f3 Ciutadana (PAC) per a ve\u00efns d&#8217;urbanitzacions i disseminats de Xiva. L&#8217;edifici, situat a l&#8217;entrada de la urbanitzaci\u00f3 El Bosc, va comen\u00e7ar fa unes setmanes a prestar els seus serveis <a class=\"mh-excerpt-more\" href=\"https:\/\/tucomarca.whitekongsoftware.com\/ca\/lajuntament-de-xiva-habilita-un-punt-datencio-ciutadana-per-a-urbanitzacions\/\" title=\"L&#8217;Ajuntament de Xiva habilita un Punt d&#8217;Atenci\u00f3 Ciutadana per a urbanitzacions\">[+] <\/a><\/div>\n","protected":false},"author":12,"featured_media":218521,"comment_status":"open","ping_status":"open","sticky":false,"template":"","format":"standard","meta":{"footnotes":""},"categories":[10898,10948,10894,10912,10947,10896,10975],"tags":[11195,10914,20478,20479],"class_list":["post-218522","post","type-post","status-publish","format-standard","has-post-thumbnail","category-ventana-ca","category-infraestructuras-ca","category-la-comarca-ca","category-la-hoya-ca","category-politica","category-seccion-ca","category-chiva-ca","tag-chiva-ca","tag-la-hoya-de-bunol-chiva-ca","tag-punto-de-atencion-ciudadana-ca","tag-urbanizaciones-ca"],"_links":{"self":[{"href":"https:\/\/tucomarca.whitekongsoftware.com\/ca\/wp-json\/wp\/v2\/posts\/218522","targetHints":{"allow":["GET"]}}],"collection":[{"href":"https:\/\/tucomarca.whitekongsoftware.com\/ca\/wp-json\/wp\/v2\/posts"}],"about":[{"href":"https:\/\/tucomarca.whitekongsoftware.com\/ca\/wp-json\/wp\/v2\/types\/post"}],"author":[{"embeddable":true,"href":"https:\/\/tucomarca.whitekongsoftware.com\/ca\/wp-json\/wp\/v2\/users\/12"}],"replies":[{"embeddable":true,"href":"https:\/\/tucomarca.whitekongsoftware.com\/ca\/wp-json\/wp\/v2\/comments?post=218522"}],"version-history":[{"count":0,"href":"https:\/\/tucomarca.whitekongsoftware.com\/ca\/wp-json\/wp\/v2\/posts\/218522\/revisions"}],"wp:featuredmedia":[{"embeddable":true,"href":"https:\/\/tucomarca.whitekongsoftware.com\/ca\/wp-json\/wp\/v2\/media\/218521"}],"wp:attachment":[{"href":"https:\/\/tucomarca.whitekongsoftware.com\/ca\/wp-json\/wp\/v2\/media?parent=218522"}],"wp:term":[{"taxonomy":"category","embeddable":true,"href":"https:\/\/tucomarca.whitekongsoftware.com\/ca\/wp-json\/wp\/v2\/categories?post=218522"},{"taxonomy":"post_tag","embeddable":true,"href":"https:\/\/tucomarca.whitekongsoftware.com\/ca\/wp-json\/wp\/v2\/tags?post=218522"}],"curies":[{"name":"wp","href":"https:\/\/api.w.org\/{rel}","templated":true}]}}