{"id":218394,"date":"2024-04-11T12:00:00","date_gmt":"2024-04-11T10:00:00","guid":{"rendered":"http:\/\/www.tucomarca.com\/wordpress\/segunda\/?p=218394"},"modified":"2024-04-11T14:50:27","modified_gmt":"2024-04-11T12:50:27","slug":"lajuntament-de-bunyol-desenvolupara-en-dues-fases-les-obres-de-reparacio-de-lempedrat-del-carrer-cid-i-la-placa-del-poble","status":"publish","type":"post","link":"https:\/\/tucomarca.whitekongsoftware.com\/ca\/lajuntament-de-bunyol-desenvolupara-en-dues-fases-les-obres-de-reparacio-de-lempedrat-del-carrer-cid-i-la-placa-del-poble\/","title":{"rendered":"L&#8217;Ajuntament de Bunyol desenvolupar\u00e0 en dues fases les obres de reparaci\u00f3 de l&#8217;empedrat del carrer Cid i la Pla\u00e7a del Poble"},"content":{"rendered":"\n<p class=\"wp-block-paragraph\">L&#8217;Ajuntament de Bunyol ha escom\u00e9s aquesta setmana les obres de restauraci\u00f3 i millora de l&#8217;empedrat del carrer Cid i de la Pla\u00e7a del Poble, que es preveuen desenvolupar &#8220;en dues fases: la primera d&#8217;elles \u00e9s la que acaba de comen\u00e7ar i acabar\u00e0 perqu\u00e8 el pr\u00f2xim dia 20 es puga realitzar la RunC\u00e1ncer i la Festa del Llibre. En ella s&#8217;abordar\u00e0 el tram que va des de la intersecci\u00f3 amb el carrer del Molino i fins a la pr\u00f2pia porta de l&#8217;Ajuntament; i la segona fase comprendr\u00e0 el tram seg\u00fcent: concretament el que va a des de la porta de l&#8217;Ajuntament fins al carrer de Sant Llu\u00eds&#8221;, tal com ha explicat el regidor d&#8217;Obres i Serveis Municipals, Sergio Galarza, qui ha afegit que, a m\u00e9s, &#8220;tenim tamb\u00e9 el 28 d&#8217;abril el campionat de Mountainbike i el 29 la Volta Ciclista a Espanya Femenina, per a eixes dates hem de tindre els trams acabats o almenys accessibles, si no s&#8217;han acabat, perqu\u00e8 d&#8217;eixa manera puguen passar i puguen circular sense problema&#8221;.<\/p>\n\n\n\n<p class=\"wp-block-paragraph\">&#8220;Els treballs es desenvolupen a c\u00e0rrec dels integrants de la brigada municipal, per la qual cosa el seu cost \u00e9s pr\u00e0cticament inexistent, m\u00e9s enll\u00e0 del que ens costen els materials de construcci\u00f3 i l&#8217;arena que s&#8217;utilitza per a la substituci\u00f3 de l&#8217;empedrat&#8221;, ha finalitzat l&#8217;edil.<\/p>\n\n\n\n<figure class=\"wp-block-gallery has-nested-images columns-1 is-cropped wp-block-gallery-1 is-layout-flex wp-block-gallery-is-layout-flex\">\n<figure class=\"wp-block-image size-large\"><img loading=\"lazy\" decoding=\"async\" width=\"945\" height=\"709\" data-id=\"218348\" src=\"http:\/\/www.tucomarca.com\/wordpress\/segunda\/wp-content\/uploads\/2024\/04\/BunolObras07.jpg\" alt=\"\" class=\"wp-image-218348\" srcset=\"https:\/\/tucomarca.whitekongsoftware.com\/wp-content\/uploads\/2024\/04\/BunolObras07.jpg 945w, https:\/\/tucomarca.whitekongsoftware.com\/wp-content\/uploads\/2024\/04\/BunolObras07-300x225.jpg 300w, https:\/\/tucomarca.whitekongsoftware.com\/wp-content\/uploads\/2024\/04\/BunolObras07-768x576.jpg 768w, https:\/\/tucomarca.whitekongsoftware.com\/wp-content\/uploads\/2024\/04\/BunolObras07-678x509.jpg 678w, https:\/\/tucomarca.whitekongsoftware.com\/wp-content\/uploads\/2024\/04\/BunolObras07-326x245.jpg 326w, https:\/\/tucomarca.whitekongsoftware.com\/wp-content\/uploads\/2024\/04\/BunolObras07-80x60.jpg 80w\" sizes=\"auto, (max-width: 945px) 100vw, 945px\" \/><\/figure>\n\n\n\n<figure class=\"wp-block-image size-large\"><img loading=\"lazy\" decoding=\"async\" width=\"945\" height=\"709\" data-id=\"218346\" src=\"http:\/\/www.tucomarca.com\/wordpress\/segunda\/wp-content\/uploads\/2024\/04\/BunolObras06.jpg\" alt=\"\" class=\"wp-image-218346\" srcset=\"https:\/\/tucomarca.whitekongsoftware.com\/wp-content\/uploads\/2024\/04\/BunolObras06.jpg 945w, https:\/\/tucomarca.whitekongsoftware.com\/wp-content\/uploads\/2024\/04\/BunolObras06-300x225.jpg 300w, https:\/\/tucomarca.whitekongsoftware.com\/wp-content\/uploads\/2024\/04\/BunolObras06-768x576.jpg 768w, https:\/\/tucomarca.whitekongsoftware.com\/wp-content\/uploads\/2024\/04\/BunolObras06-678x509.jpg 678w, https:\/\/tucomarca.whitekongsoftware.com\/wp-content\/uploads\/2024\/04\/BunolObras06-326x245.jpg 326w, https:\/\/tucomarca.whitekongsoftware.com\/wp-content\/uploads\/2024\/04\/BunolObras06-80x60.jpg 80w\" sizes=\"auto, (max-width: 945px) 100vw, 945px\" \/><\/figure>\n\n\n\n<figure class=\"wp-block-image size-large\"><img loading=\"lazy\" decoding=\"async\" width=\"945\" height=\"709\" data-id=\"218344\" src=\"http:\/\/www.tucomarca.com\/wordpress\/segunda\/wp-content\/uploads\/2024\/04\/BunolObras05.jpg\" alt=\"\" class=\"wp-image-218344\" srcset=\"https:\/\/tucomarca.whitekongsoftware.com\/wp-content\/uploads\/2024\/04\/BunolObras05.jpg 945w, https:\/\/tucomarca.whitekongsoftware.com\/wp-content\/uploads\/2024\/04\/BunolObras05-300x225.jpg 300w, https:\/\/tucomarca.whitekongsoftware.com\/wp-content\/uploads\/2024\/04\/BunolObras05-768x576.jpg 768w, https:\/\/tucomarca.whitekongsoftware.com\/wp-content\/uploads\/2024\/04\/BunolObras05-678x509.jpg 678w, https:\/\/tucomarca.whitekongsoftware.com\/wp-content\/uploads\/2024\/04\/BunolObras05-326x245.jpg 326w, https:\/\/tucomarca.whitekongsoftware.com\/wp-content\/uploads\/2024\/04\/BunolObras05-80x60.jpg 80w\" sizes=\"auto, (max-width: 945px) 100vw, 945px\" \/><\/figure>\n\n\n\n<figure class=\"wp-block-image size-large\"><img loading=\"lazy\" decoding=\"async\" width=\"945\" height=\"709\" data-id=\"218342\" src=\"http:\/\/www.tucomarca.com\/wordpress\/segunda\/wp-content\/uploads\/2024\/04\/BunolObras04.jpg\" alt=\"\" class=\"wp-image-218342\" srcset=\"https:\/\/tucomarca.whitekongsoftware.com\/wp-content\/uploads\/2024\/04\/BunolObras04.jpg 945w, https:\/\/tucomarca.whitekongsoftware.com\/wp-content\/uploads\/2024\/04\/BunolObras04-300x225.jpg 300w, https:\/\/tucomarca.whitekongsoftware.com\/wp-content\/uploads\/2024\/04\/BunolObras04-768x576.jpg 768w, https:\/\/tucomarca.whitekongsoftware.com\/wp-content\/uploads\/2024\/04\/BunolObras04-678x509.jpg 678w, https:\/\/tucomarca.whitekongsoftware.com\/wp-content\/uploads\/2024\/04\/BunolObras04-326x245.jpg 326w, https:\/\/tucomarca.whitekongsoftware.com\/wp-content\/uploads\/2024\/04\/BunolObras04-80x60.jpg 80w\" sizes=\"auto, (max-width: 945px) 100vw, 945px\" \/><\/figure>\n\n\n\n<figure class=\"wp-block-image size-large\"><img loading=\"lazy\" decoding=\"async\" width=\"945\" height=\"709\" data-id=\"218340\" src=\"http:\/\/www.tucomarca.com\/wordpress\/segunda\/wp-content\/uploads\/2024\/04\/BunolObras03.jpg\" alt=\"\" class=\"wp-image-218340\" srcset=\"https:\/\/tucomarca.whitekongsoftware.com\/wp-content\/uploads\/2024\/04\/BunolObras03.jpg 945w, https:\/\/tucomarca.whitekongsoftware.com\/wp-content\/uploads\/2024\/04\/BunolObras03-300x225.jpg 300w, https:\/\/tucomarca.whitekongsoftware.com\/wp-content\/uploads\/2024\/04\/BunolObras03-768x576.jpg 768w, https:\/\/tucomarca.whitekongsoftware.com\/wp-content\/uploads\/2024\/04\/BunolObras03-678x509.jpg 678w, https:\/\/tucomarca.whitekongsoftware.com\/wp-content\/uploads\/2024\/04\/BunolObras03-326x245.jpg 326w, https:\/\/tucomarca.whitekongsoftware.com\/wp-content\/uploads\/2024\/04\/BunolObras03-80x60.jpg 80w\" sizes=\"auto, (max-width: 945px) 100vw, 945px\" \/><\/figure>\n<\/figure>\n","protected":false},"excerpt":{"rendered":"<div class=\"mh-excerpt\">L&#8217;Ajuntament de Bunyol ha escom\u00e9s aquesta setmana les obres de restauraci\u00f3 i millora de l&#8217;empedrat del carrer Cid i de la Pla\u00e7a del Poble, que es preveuen desenvolupar &#8220;en dues fases: la primera d&#8217;elles \u00e9s <a class=\"mh-excerpt-more\" href=\"https:\/\/tucomarca.whitekongsoftware.com\/ca\/lajuntament-de-bunyol-desenvolupara-en-dues-fases-les-obres-de-reparacio-de-lempedrat-del-carrer-cid-i-la-placa-del-poble\/\" title=\"L&#8217;Ajuntament de Bunyol desenvolupar\u00e0 en dues fases les obres de reparaci\u00f3 de l&#8217;empedrat del carrer Cid i la Pla\u00e7a del Poble\">[+] <\/a><\/div>\n","protected":false},"author":1,"featured_media":218337,"comment_status":"open","ping_status":"open","sticky":false,"template":"","format":"gallery","meta":{"footnotes":""},"categories":[10911,10898,10948,10894,10912,10947,10896],"tags":[10913,10914,20472],"class_list":["post-218394","post","type-post","status-publish","format-gallery","has-post-thumbnail","category-bunol-ca","category-ventana-ca","category-infraestructuras-ca","category-la-comarca-ca","category-la-hoya-ca","category-politica","category-seccion-ca","tag-bunol-ca","tag-la-hoya-de-bunol-chiva-ca","tag-obras-calle-cid-ca","post_format-post-format-gallery"],"_links":{"self":[{"href":"https:\/\/tucomarca.whitekongsoftware.com\/ca\/wp-json\/wp\/v2\/posts\/218394","targetHints":{"allow":["GET"]}}],"collection":[{"href":"https:\/\/tucomarca.whitekongsoftware.com\/ca\/wp-json\/wp\/v2\/posts"}],"about":[{"href":"https:\/\/tucomarca.whitekongsoftware.com\/ca\/wp-json\/wp\/v2\/types\/post"}],"author":[{"embeddable":true,"href":"https:\/\/tucomarca.whitekongsoftware.com\/ca\/wp-json\/wp\/v2\/users\/1"}],"replies":[{"embeddable":true,"href":"https:\/\/tucomarca.whitekongsoftware.com\/ca\/wp-json\/wp\/v2\/comments?post=218394"}],"version-history":[{"count":0,"href":"https:\/\/tucomarca.whitekongsoftware.com\/ca\/wp-json\/wp\/v2\/posts\/218394\/revisions"}],"wp:featuredmedia":[{"embeddable":true,"href":"https:\/\/tucomarca.whitekongsoftware.com\/ca\/wp-json\/wp\/v2\/media\/218337"}],"wp:attachment":[{"href":"https:\/\/tucomarca.whitekongsoftware.com\/ca\/wp-json\/wp\/v2\/media?parent=218394"}],"wp:term":[{"taxonomy":"category","embeddable":true,"href":"https:\/\/tucomarca.whitekongsoftware.com\/ca\/wp-json\/wp\/v2\/categories?post=218394"},{"taxonomy":"post_tag","embeddable":true,"href":"https:\/\/tucomarca.whitekongsoftware.com\/ca\/wp-json\/wp\/v2\/tags?post=218394"}],"curies":[{"name":"wp","href":"https:\/\/api.w.org\/{rel}","templated":true}]}}