{"id":217922,"date":"2024-04-11T08:45:00","date_gmt":"2024-04-11T06:45:00","guid":{"rendered":"http:\/\/www.tucomarca.com\/wordpress\/segunda\/?p=217922"},"modified":"2024-04-11T14:40:00","modified_gmt":"2024-04-11T12:40:00","slug":"xarrada-cuidat-per-a-cuidar-organitzada-per-lassociacio-neu-a-la-sala-raga-de-bunyol-dijous-que-ve","status":"publish","type":"post","link":"https:\/\/tucomarca.whitekongsoftware.com\/ca\/xarrada-cuidat-per-a-cuidar-organitzada-per-lassociacio-neu-a-la-sala-raga-de-bunyol-dijous-que-ve\/","title":{"rendered":"Xarrada &#8220;Cuida&#8217;t per a cuidar&#8221;, organitzada per l&#8217;Associaci\u00f3 Neu, a la Sala Raga de Bunyol dijous que ve"},"content":{"rendered":"\n<p class=\"wp-block-paragraph\">L&#8217;Associaci\u00f3 Neu (Associaci\u00f3 malalties neurogenerativas Bunyol) organitza la xarrada &#8220;Cuida&#8217;t per a cuidar&#8221; que tindr\u00e0 lloc el pr\u00f2xim 18 d&#8217;abril, a les 17,30 hores, a la Sala Raga del Molino Gal\u00e0.<\/p>\n\n\n\n<p class=\"wp-block-paragraph\">En l&#8217;acte intervindran: Cristina Ortu\u00f1o, treballadora social, i Enrique Madrid, psic\u00f2leg.<\/p>\n\n\n<div class=\"wp-block-image\">\n<figure class=\"aligncenter size-large is-resized\"><img loading=\"lazy\" decoding=\"async\" src=\"http:\/\/www.tucomarca.com\/wordpress\/segunda\/wp-content\/uploads\/2024\/04\/Neu-724x1024.jpg\" alt=\"\" class=\"wp-image-217919\" width=\"507\" height=\"717\" srcset=\"https:\/\/tucomarca.whitekongsoftware.com\/wp-content\/uploads\/2024\/04\/Neu-724x1024.jpg 724w, https:\/\/tucomarca.whitekongsoftware.com\/wp-content\/uploads\/2024\/04\/Neu-212x300.jpg 212w, https:\/\/tucomarca.whitekongsoftware.com\/wp-content\/uploads\/2024\/04\/Neu-768x1086.jpg 768w, https:\/\/tucomarca.whitekongsoftware.com\/wp-content\/uploads\/2024\/04\/Neu.jpg 886w\" sizes=\"auto, (max-width: 507px) 100vw, 507px\" \/><\/figure>\n<\/div>","protected":false},"excerpt":{"rendered":"<div class=\"mh-excerpt\">L&#8217;Associaci\u00f3 Neu (Associaci\u00f3 malalties neurogenerativas Bunyol) organitza la xarrada &#8220;Cuida&#8217;t per a cuidar&#8221; que tindr\u00e0 lloc el pr\u00f2xim 18 d&#8217;abril, a les 17,30 hores, a la Sala Raga del Molino Gal\u00e0. En l&#8217;acte intervindran: Cristina <a class=\"mh-excerpt-more\" href=\"https:\/\/tucomarca.whitekongsoftware.com\/ca\/xarrada-cuidat-per-a-cuidar-organitzada-per-lassociacio-neu-a-la-sala-raga-de-bunyol-dijous-que-ve\/\" title=\"Xarrada &#8220;Cuida&#8217;t per a cuidar&#8221;, organitzada per l&#8217;Associaci\u00f3 Neu, a la Sala Raga de Bunyol dijous que ve\">[+] <\/a><\/div>\n","protected":false},"author":12,"featured_media":217920,"comment_status":"open","ping_status":"open","sticky":false,"template":"","format":"standard","meta":{"footnotes":""},"categories":[11019,10911,11010,10894,10912,10896],"tags":[18201,10913,10914],"class_list":["post-217922","post","type-post","status-publish","format-standard","has-post-thumbnail","category-agenda-ca","category-bunol-ca","category-canal-salud","category-la-comarca-ca","category-la-hoya-ca","category-seccion-ca","tag-asociacion-neu-ca","tag-bunol-ca","tag-la-hoya-de-bunol-chiva-ca"],"_links":{"self":[{"href":"https:\/\/tucomarca.whitekongsoftware.com\/ca\/wp-json\/wp\/v2\/posts\/217922","targetHints":{"allow":["GET"]}}],"collection":[{"href":"https:\/\/tucomarca.whitekongsoftware.com\/ca\/wp-json\/wp\/v2\/posts"}],"about":[{"href":"https:\/\/tucomarca.whitekongsoftware.com\/ca\/wp-json\/wp\/v2\/types\/post"}],"author":[{"embeddable":true,"href":"https:\/\/tucomarca.whitekongsoftware.com\/ca\/wp-json\/wp\/v2\/users\/12"}],"replies":[{"embeddable":true,"href":"https:\/\/tucomarca.whitekongsoftware.com\/ca\/wp-json\/wp\/v2\/comments?post=217922"}],"version-history":[{"count":0,"href":"https:\/\/tucomarca.whitekongsoftware.com\/ca\/wp-json\/wp\/v2\/posts\/217922\/revisions"}],"wp:featuredmedia":[{"embeddable":true,"href":"https:\/\/tucomarca.whitekongsoftware.com\/ca\/wp-json\/wp\/v2\/media\/217920"}],"wp:attachment":[{"href":"https:\/\/tucomarca.whitekongsoftware.com\/ca\/wp-json\/wp\/v2\/media?parent=217922"}],"wp:term":[{"taxonomy":"category","embeddable":true,"href":"https:\/\/tucomarca.whitekongsoftware.com\/ca\/wp-json\/wp\/v2\/categories?post=217922"},{"taxonomy":"post_tag","embeddable":true,"href":"https:\/\/tucomarca.whitekongsoftware.com\/ca\/wp-json\/wp\/v2\/tags?post=217922"}],"curies":[{"name":"wp","href":"https:\/\/api.w.org\/{rel}","templated":true}]}}