{"id":217717,"date":"2024-04-10T09:55:00","date_gmt":"2024-04-10T07:55:00","guid":{"rendered":"http:\/\/www.tucomarca.com\/wordpress\/segunda\/?p=217717"},"modified":"2024-04-09T22:36:46","modified_gmt":"2024-04-09T20:36:46","slug":"el-partit-de-requena-i-llogarets-prya-proposa-declarar-la-falconeria-com-a-be-dinteres-cultural","status":"publish","type":"post","link":"https:\/\/tucomarca.whitekongsoftware.com\/ca\/el-partit-de-requena-i-llogarets-prya-proposa-declarar-la-falconeria-com-a-be-dinteres-cultural\/","title":{"rendered":"El Partit de Requena i Llogarets (PRyA) proposa declarar la falconeria com a B\u00e9 d&#8217;Inter\u00e9s Cultural&nbsp;"},"content":{"rendered":"\n<p class=\"wp-block-paragraph\">El Partit de Requena i Llogarets, a petici\u00f3 de l&#8217;Associaci\u00f3 Espanyola de Falconeria i Conservaci\u00f3 d&#8217;Aus Rapaces (AECCA), ha presentat una moci\u00f3 al ple de l&#8217;Ajuntament de Requena per a declarar la falconeria com a B\u00e9 d&#8217;Inter\u00e9s Cultural de la Comunitat Valenciana.<\/p>\n\n\n\n<p class=\"wp-block-paragraph\">La falconeria \u00e9s l&#8217;art ancestral de cuidar i entrenar aus rapaces per a la ca\u00e7a de preses en el seu medi natural, la pr\u00e0ctica i el coneixement del qual s&#8217;ha transm\u00e9s de generaci\u00f3 en generaci\u00f3 durant m\u00e9s de 5.000 anys. En l&#8217;actualitat, la seua pr\u00e0ctica s&#8217;est\u00e9n a m\u00e9s de 70 pa\u00efsos, inclosa Espanya, per pobles de molt diferents cultures, constituint un Patrimoni Cultural Immaterial, reconegut per la UNESCO.<\/p>\n\n\n\n<p class=\"wp-block-paragraph\">El desenvolupament i perviv\u00e8ncia de la Falconeria, ha suposat i suposa grans aportacions en infinitat d&#8217;\u00e0mbits de la vida natural i de les persones. Des de projectes de conservaci\u00f3 de rapinyaires amb els m\u00e8todes de cria en captivitat desenvolupats pels cetreros de tot el m\u00f3n, o la creaci\u00f3 de noves disciplines acad\u00e8miques, passant per les pr\u00f2pies relacions diplom\u00e0tiques entre Estats.&nbsp;<\/p>\n\n\n\n<p class=\"wp-block-paragraph\">Les t\u00e8cniques de la falconeria, tamb\u00e9 s\u00f3n eines molt importants per a protegir les activitats de l&#8217;home, com el control biol\u00f2gic per danys en cultius, infraestructures o monuments.&nbsp;<\/p>\n\n\n\n<p class=\"wp-block-paragraph\">A Requena-Utiel, malgrat tractar-se d&#8217;una activitat minorit\u00e0ria, ve practicant-se per un grup considerable de cetreros que mantenen viu est noble art cineg\u00e8tic. Modalitat selectiva i no massiva, que a m\u00e9s beneficia a les poblacions de preses silvestres mitjan\u00e7ant la seua selecci\u00f3 natural, perqu\u00e8 el rapinyaire sempre captura la presa m\u00e9s minvada o malalta.&nbsp;<\/p>\n\n\n\n<p class=\"wp-block-paragraph\">Per tot quant antecedeix, \u201chem d&#8217;entendre que per a la nostra localitat \u00e9s positiu que s&#8217;inste la Generalitat Valenciana a fi que es declare la Falconeria com BIC i sota eixa protecci\u00f3 es puguen realitzar activitats relacionades amb la promoci\u00f3 i protecci\u00f3 d&#8217;eixa activitat ancestral i per tant de l&#8217;inter\u00e9s tur\u00edstic per al nostre municipi\u201d manifesten des del Partit de Requena i Llogarets.&nbsp;<\/p>\n\n\n\n<p class=\"wp-block-paragraph\">Per tot aix\u00f2, des del PRyA \u201c hem presentat una moci\u00f3 al ple que, despr\u00e9s de ser debatuda en comissi\u00f3 informativa, ser\u00e0 portada de manera conjunta per tots els grups pol\u00edtics\u201d informen les fonts.<\/p>\n\n\n\n<p class=\"wp-block-paragraph\">La moci\u00f3 esmentada presentada pel PRyA sol\u00b7licita a la Generalitat Valenciana \u201cdeclarar la falconeria com a B\u00e9 d&#8217;Inter\u00e9s Cultural a la Comunitat Valenciana, aix\u00ed com que l&#8217;Ajuntament de Requena, en l&#8217;\u00e0mbit de les seues compet\u00e8ncies, duga a terme activitats de promoci\u00f3 de la falconeria com a pr\u00e0ctica cultural del nostre municipi\u201d conclouen. Informa, <strong>Luis Ib\u00e1\u00f1ez<\/strong>.<\/p>\n","protected":false},"excerpt":{"rendered":"<div class=\"mh-excerpt\">El Partit de Requena i Llogarets, a petici\u00f3 de l&#8217;Associaci\u00f3 Espanyola de Falconeria i Conservaci\u00f3 d&#8217;Aus Rapaces (AECCA), ha presentat una moci\u00f3 al ple de l&#8217;Ajuntament de Requena per a declarar la falconeria com a <a class=\"mh-excerpt-more\" href=\"https:\/\/tucomarca.whitekongsoftware.com\/ca\/el-partit-de-requena-i-llogarets-prya-proposa-declarar-la-falconeria-com-a-be-dinteres-cultural\/\" title=\"El Partit de Requena i Llogarets (PRyA) proposa declarar la falconeria com a B\u00e9 d&#8217;Inter\u00e9s Cultural&nbsp;\">[+] <\/a><\/div>\n","protected":false},"author":12,"featured_media":217716,"comment_status":"open","ping_status":"open","sticky":false,"template":"","format":"standard","meta":{"footnotes":""},"categories":[10894,10904,10947,10908,10909,10896],"tags":[11099,10910],"class_list":["post-217717","post","type-post","status-publish","format-standard","has-post-thumbnail","category-la-comarca-ca","category-sin-categorizar-ca","category-politica","category-requena-ca","category-requena-utiel-ca","category-seccion-ca","tag-requena-ca","tag-requena-utiel-ca"],"_links":{"self":[{"href":"https:\/\/tucomarca.whitekongsoftware.com\/ca\/wp-json\/wp\/v2\/posts\/217717","targetHints":{"allow":["GET"]}}],"collection":[{"href":"https:\/\/tucomarca.whitekongsoftware.com\/ca\/wp-json\/wp\/v2\/posts"}],"about":[{"href":"https:\/\/tucomarca.whitekongsoftware.com\/ca\/wp-json\/wp\/v2\/types\/post"}],"author":[{"embeddable":true,"href":"https:\/\/tucomarca.whitekongsoftware.com\/ca\/wp-json\/wp\/v2\/users\/12"}],"replies":[{"embeddable":true,"href":"https:\/\/tucomarca.whitekongsoftware.com\/ca\/wp-json\/wp\/v2\/comments?post=217717"}],"version-history":[{"count":0,"href":"https:\/\/tucomarca.whitekongsoftware.com\/ca\/wp-json\/wp\/v2\/posts\/217717\/revisions"}],"wp:featuredmedia":[{"embeddable":true,"href":"https:\/\/tucomarca.whitekongsoftware.com\/ca\/wp-json\/wp\/v2\/media\/217716"}],"wp:attachment":[{"href":"https:\/\/tucomarca.whitekongsoftware.com\/ca\/wp-json\/wp\/v2\/media?parent=217717"}],"wp:term":[{"taxonomy":"category","embeddable":true,"href":"https:\/\/tucomarca.whitekongsoftware.com\/ca\/wp-json\/wp\/v2\/categories?post=217717"},{"taxonomy":"post_tag","embeddable":true,"href":"https:\/\/tucomarca.whitekongsoftware.com\/ca\/wp-json\/wp\/v2\/tags?post=217717"}],"curies":[{"name":"wp","href":"https:\/\/api.w.org\/{rel}","templated":true}]}}