{"id":217559,"date":"2024-04-05T12:00:00","date_gmt":"2024-04-05T10:00:00","guid":{"rendered":"http:\/\/www.tucomarca.com\/wordpress\/segunda\/?p=217559"},"modified":"2024-04-26T16:08:34","modified_gmt":"2024-04-26T14:08:34","slug":"la-diputacio-de-valencia-dona-suport-a-la-candidatura-al-princesa-de-asturias-de-lagencia-de-lonu-per-als-refugiats-de-palestina","status":"publish","type":"post","link":"https:\/\/tucomarca.whitekongsoftware.com\/ca\/la-diputacio-de-valencia-dona-suport-a-la-candidatura-al-princesa-de-asturias-de-lagencia-de-lonu-per-als-refugiats-de-palestina\/","title":{"rendered":"La Diputaci\u00f3 de Val\u00e8ncia dona suport a la candidatura al Princesa de Asturias de l&#8217;ag\u00e8ncia de l&#8217;ONU per als refugiats de Palestina&nbsp;"},"content":{"rendered":"\n<h3 class=\"wp-block-heading\">La vicepresidenta primera i responsable de Cooperaci\u00f3 Internacional, Nat\u00e0lia Enguix, expressa el seu suport a UNRWA en un escrit rem\u00e9s al jurat dels premis que concedix la Fundaci\u00f3 Princesa de Asturias.<\/h3>\n\n\n\n<h3 class=\"wp-block-heading\">Enguix destaca \u201cla labor educativa, la millora d&#8217;infraestructures, la protecci\u00f3 de drets i l&#8217;ajuda humanit\u00e0ria que, des de la neutralitat, realitza en una regi\u00f3 colpejada per les crisis i l&#8217;amena\u00e7a de radicalitzaci\u00f3\u201d.<\/h3>\n\n\n\n<p class=\"wp-block-paragraph\">La Diputaci\u00f3 de Val\u00e8ncia dona suport a la candidatura de l&#8217;Ag\u00e8ncia de Nacions Unides per a la Poblaci\u00f3 refugiada de Palestina (UNRWA) al Premi Princesa de Asturias 2024 de Cooperaci\u00f3 Internacional, \u201cpel seu paper \u00fanic a l&#8217;hora de brindar assist\u00e8ncia i protecci\u00f3 a quasi sis milions de refugiats i refugiades de Palestina a S\u00edria, L\u00edban, Jord\u00e0nia, Gaza i Cisjord\u00e0nia, inclosa Jerusalem Est, ajudant-los en el seu desenvolupament hum\u00e0 a l&#8217;espera d&#8217;una soluci\u00f3 justa i definitiva a la seua situaci\u00f3 cr\u00edtica\u201d. Aix\u00ed ho expressa la vicepresidenta primera, Nat\u00e0lia Enguix, en l&#8217;escrit rem\u00e9s al jurat de la Fundaci\u00f3 Princesa de Asturias.<\/p>\n\n\n\n<p class=\"wp-block-paragraph\">Enguix, responsable de Cooperaci\u00f3 Internacional en la Diputaci\u00f3, destaca que UNRWA \u201c\u00e9s \u00fanica entre les ag\u00e8ncies de Nacions Unides, ja que brinda des de fa 75 anys els seus serveis de manera directa a una poblaci\u00f3 espec\u00edfica, en un context de conflictes recurrents, sempre des de la humanitat, la neutralitat i la independ\u00e8ncia, fomentant l&#8217;autosufici\u00e8ncia i alleujant el sofriment en temps de crisi\u201d.<\/p>\n\n\n\n<p class=\"wp-block-paragraph\">Entre els serveis que presta l&#8217;ag\u00e8ncia, es troba l&#8217;educaci\u00f3 b\u00e0sica a mig mili\u00f3 de xiquets i xiquetes refugiats en m\u00e9s de 700 escoles; l&#8217;atenci\u00f3 sanit\u00e0ria a 3,5 milions de refugiats a trav\u00e9s de 143 cl\u00edniques de salut; serveis socials a m\u00e9s de 250.000 persones en situaci\u00f3 de pobresa extrema; la millora d&#8217;infraestructures i campaments; l&#8217;ajuda humanit\u00e0ria i d&#8217;emerg\u00e8ncia en temps de crisi; i la promoci\u00f3 de la igualtat de g\u00e8nere i apoderament de dones i xiquetes palestines.<\/p>\n\n\n\n<p class=\"wp-block-paragraph\">La vicepresidenta Enguix alerta de la \u201cdificil\u00edssima situaci\u00f3 financera que afecta i continuar\u00e0 afectant l&#8217;ag\u00e8ncia en els pr\u00f2xims anys\u201d, malgrat la qual cosa UNRWA \u201cmant\u00e9 el desafiament de preservar la dignitat i les esperances de milions de refugiats i refugiades\u201d. Per este&nbsp;motiu, la responsable provincial sol\u00b7licita el reconeixement del \u201cvalor substancial del treball\u201d que realitza l&#8217;ens i insistix que la Diputaci\u00f3 mantindr\u00e0 la seua col\u00b7laboraci\u00f3 amb UNRWA, per ser \u201cuna font d&#8217;estabilitat i seguretat en una regi\u00f3 fortament colpejada per les crisis i les amenaces de radicalitzaci\u00f3\u201d.<\/p>\n\n\n\n<p class=\"wp-block-paragraph\"><strong>M\u00e9s d&#8217;una d\u00e8cada de col\u00b7laboraci\u00f3<\/strong><\/p>\n\n\n\n<p class=\"wp-block-paragraph\">Des de l&#8217;any 2013, la Diputaci\u00f3 de Val\u00e8ncia ve col\u00b7laborant en estes actuacions d&#8217;emerg\u00e8ncia a Gaza, sempre en l&#8217;\u00e0mbit de la crisi humanit\u00e0ria. Fins al present any, la delegaci\u00f3 provincial de Cooperaci\u00f3 Internacional ha participat en una dotzena de projectes, amb una dotaci\u00f3 global de 285.000 euros, que s&#8217;ha tradu\u00eft en diferents accions d&#8217;ajuda humanit\u00e0ria a S\u00edria i la Franja de Gaza.<\/p>\n\n\n\n<p class=\"wp-block-paragraph\">A l&#8217;inici de l&#8217;any, la nova responsable de Cooperaci\u00f3 Internacional, Nat\u00e0lia Enguix, va confirmar que la instituci\u00f3 mantindr\u00e0 la seua ajuda a UNRWA Espa\u00f1a, a trav\u00e9s de la seua delegaci\u00f3 en la Comunitat Valenciana, \u201ci si \u00e9s necessari l&#8217;augmentar\u00e0, perqu\u00e8 entenem que hem d&#8217;ajudar a la poblaci\u00f3 civil, que \u00e9s la que m\u00e9s est\u00e0 patint, amb independ\u00e8ncia de qui haja provocat el conflicte\u201d. Esta corporaci\u00f3 &#8220;estar\u00e0 sempre del costat de qui m\u00e9s patisca la guerra i en este&nbsp;cas, de la poblaci\u00f3 m\u00e9s feble, dones i xiquets&#8221;, afig Enguix.<\/p>\n\n\n\n<p class=\"wp-block-paragraph\">L&#8217;objecte de la col\u00b7laboraci\u00f3 entre la Diputaci\u00f3 i l&#8217;ag\u00e8ncia oficial de l&#8217;ONU \u00e9s reduir la inseguretat aliment\u00e0ria de la poblaci\u00f3 m\u00e9s vulnerable de la Franja de Gaza, tenint en compte les necessitats especials de dones i xiquetes, garantint que estes accedisquen a l&#8217;ajuda. El projecte garantix la seguretat aliment\u00e0ria a trav\u00e9s de la distribuci\u00f3 de cistelles d&#8217;aliments sense caducitat&nbsp;a m\u00e9s d&#8217;un miler de persones refugiades de Palestina en situaci\u00f3 de pobresa, de les quals s&#8217;estima que aproximadament un 50% s\u00f3n dones, un 47% menors i un 4% t\u00e9 algun tipus de diversitat funcional. A m\u00e9s dels aliments, els kits que compra l&#8217;ag\u00e8ncia oficial de Nacions Unides amb ajuda de la Diputaci\u00f3 inclouen mantes, tendes de campanya i medicaments, entre altres productes&nbsp;b\u00e0sics.<\/p>\n\n\n\n<p class=\"wp-block-paragraph\"><\/p>\n","protected":false},"excerpt":{"rendered":"<div class=\"mh-excerpt\">La vicepresidenta primera i responsable de Cooperaci\u00f3 Internacional, Nat\u00e0lia Enguix, expressa el seu suport a UNRWA en un escrit rem\u00e9s al jurat dels premis que concedix la Fundaci\u00f3 Princesa de Asturias. Enguix destaca \u201cla labor <a class=\"mh-excerpt-more\" href=\"https:\/\/tucomarca.whitekongsoftware.com\/ca\/la-diputacio-de-valencia-dona-suport-a-la-candidatura-al-princesa-de-asturias-de-lagencia-de-lonu-per-als-refugiats-de-palestina\/\" title=\"La Diputaci\u00f3 de Val\u00e8ncia dona suport a la candidatura al Princesa de Asturias de l&#8217;ag\u00e8ncia de l&#8217;ONU per als refugiats de Palestina&nbsp;\">[+] <\/a><\/div>\n","protected":false},"author":12,"featured_media":211209,"comment_status":"open","ping_status":"open","sticky":false,"template":"","format":"standard","meta":{"footnotes":""},"categories":[20527,10898,10894,10904,20456,10947,10896],"tags":[11246,20404],"class_list":["post-217559","post","type-post","status-publish","format-standard","has-post-thumbnail","category-cooperacio-internacional","category-ventana-ca","category-la-comarca-ca","category-sin-categorizar-ca","category-la-diputacio-de-valencia-informa-ca","category-politica","category-seccion-ca","tag-diputacio-de-valencia-ca","tag-natalia-enguix-2-ca"],"_links":{"self":[{"href":"https:\/\/tucomarca.whitekongsoftware.com\/ca\/wp-json\/wp\/v2\/posts\/217559","targetHints":{"allow":["GET"]}}],"collection":[{"href":"https:\/\/tucomarca.whitekongsoftware.com\/ca\/wp-json\/wp\/v2\/posts"}],"about":[{"href":"https:\/\/tucomarca.whitekongsoftware.com\/ca\/wp-json\/wp\/v2\/types\/post"}],"author":[{"embeddable":true,"href":"https:\/\/tucomarca.whitekongsoftware.com\/ca\/wp-json\/wp\/v2\/users\/12"}],"replies":[{"embeddable":true,"href":"https:\/\/tucomarca.whitekongsoftware.com\/ca\/wp-json\/wp\/v2\/comments?post=217559"}],"version-history":[{"count":0,"href":"https:\/\/tucomarca.whitekongsoftware.com\/ca\/wp-json\/wp\/v2\/posts\/217559\/revisions"}],"wp:featuredmedia":[{"embeddable":true,"href":"https:\/\/tucomarca.whitekongsoftware.com\/ca\/wp-json\/wp\/v2\/media\/211209"}],"wp:attachment":[{"href":"https:\/\/tucomarca.whitekongsoftware.com\/ca\/wp-json\/wp\/v2\/media?parent=217559"}],"wp:term":[{"taxonomy":"category","embeddable":true,"href":"https:\/\/tucomarca.whitekongsoftware.com\/ca\/wp-json\/wp\/v2\/categories?post=217559"},{"taxonomy":"post_tag","embeddable":true,"href":"https:\/\/tucomarca.whitekongsoftware.com\/ca\/wp-json\/wp\/v2\/tags?post=217559"}],"curies":[{"name":"wp","href":"https:\/\/api.w.org\/{rel}","templated":true}]}}