{"id":217545,"date":"2024-04-09T08:00:00","date_gmt":"2024-04-09T06:00:00","guid":{"rendered":"http:\/\/www.tucomarca.com\/wordpress\/segunda\/?p=217545"},"modified":"2024-04-09T11:34:00","modified_gmt":"2024-04-09T09:34:00","slug":"el-cvi-aprova-un-pressupost-de-28-milions-deuros-per-a-la-gestion-dels-residus-dels-61-municipis-consorciats","status":"publish","type":"post","link":"https:\/\/tucomarca.whitekongsoftware.com\/ca\/el-cvi-aprova-un-pressupost-de-28-milions-deuros-per-a-la-gestion-dels-residus-dels-61-municipis-consorciats\/","title":{"rendered":"El CVI aprova un pressupost de 28 milions d&#8217;euros per a la gestion dels residus dels 61 municipis consorciats&nbsp;"},"content":{"rendered":"\n<h3 class=\"wp-block-heading\">L&#8217;ens acorda tamb\u00e9 un nou conveni de col\u00b7laboraci\u00f3 amb el COR-V5 pel qual es tractaran residus de les comarques del sud de la provincial de Val\u00e8ncia.\u00a0<\/h3>\n\n\n\n<p class=\"wp-block-paragraph\">L&#8217;assemblea del Consorci Val\u00e8ncia Interior ha aprovat els pressupostos per a 2024 per un import de 28.693.521,37 euros per al tractament dels residus de 61 municipis de les 5 comarques d&#8217;interior de la prov\u00edncia de Val\u00e8ncia.&nbsp;<br>Aquest \u00f2rgan ha acordat tamb\u00e9 el nou conveni amb el Consorci de Residus COR-V5 pel qual es valoraran i eliminaran residus dom\u00e8stics de les comarques del Sud de la prov\u00edncia de Val\u00e8ncia, per un import d&#8217;1.078.000 euros. En concret, l&#8217;acord contempla el dep\u00f2sit d&#8217;un m\u00e0xim de 40.000 tones a l&#8217;any de residus als complexos de Ll\u00edria i Caudete de las Fuentes, procedents de les comarques de la Costera, la Canal de Navarr\u00e9s, la Safor, la Vall d&#8217;Albaida i la Vall d&#8217;Aiora-Cofrents.<\/p>\n\n\n\n<figure class=\"wp-block-image size-full\"><img loading=\"lazy\" decoding=\"async\" width=\"886\" height=\"665\" src=\"http:\/\/www.tucomarca.com\/wordpress\/segunda\/wp-content\/uploads\/2024\/04\/CVI1.jpg\" alt=\"\" class=\"wp-image-217540\" srcset=\"https:\/\/tucomarca.whitekongsoftware.com\/wp-content\/uploads\/2024\/04\/CVI1.jpg 886w, https:\/\/tucomarca.whitekongsoftware.com\/wp-content\/uploads\/2024\/04\/CVI1-300x225.jpg 300w, https:\/\/tucomarca.whitekongsoftware.com\/wp-content\/uploads\/2024\/04\/CVI1-768x576.jpg 768w, https:\/\/tucomarca.whitekongsoftware.com\/wp-content\/uploads\/2024\/04\/CVI1-678x509.jpg 678w, https:\/\/tucomarca.whitekongsoftware.com\/wp-content\/uploads\/2024\/04\/CVI1-326x245.jpg 326w, https:\/\/tucomarca.whitekongsoftware.com\/wp-content\/uploads\/2024\/04\/CVI1-80x60.jpg 80w\" sizes=\"auto, (max-width: 886px) 100vw, 886px\" \/><\/figure>\n\n\n\n<p class=\"wp-block-paragraph\">El conveni t\u00e9 una validesa de tres anys (de l&#8217;1 de juliol de 2024 a l&#8217;1 de juliol de 2027) i durant aquest per\u00edode es tractaran tant els residus urbans mesclats com la Fracci\u00f3 Org\u00e0nica Recollida Separadament (FORS). La proposta s&#8217;ha realitzat a petici\u00f3 del COR-V5, at\u00e9s que en l&#8217;actualitat manquen d&#8217;instal\u00b7lacions en el seu \u00e0mbit geogr\u00e0fic per a valorar i eliminar els seus residus, sent aquesta una soluci\u00f3 transit\u00f2ria. L&#8217;acord se subscriu at\u00e9s que les plantes del CVI s\u00ed que tenen capacitat per a assumir aquestes quantitats de residus, sota el principi de proximitat i el de responsabilitat compartida que marca el PIR-CV i les normatives estatals i europees per a afrontar els reptes en mat\u00e8ria de gesti\u00f3 de residus.<\/p>\n\n\n\n<p class=\"wp-block-paragraph\"><strong>Qu\u00e8 \u00e9s el Consorci Val\u00e8ncia Interior<\/strong><\/p>\n\n\n\n<p class=\"wp-block-paragraph\">El Consorci Val\u00e8ncia Interior \u00e9s l&#8217;ens supramunicipal que duu a terme el tractament dels residus de 61 municipis de les cinc comarques de l&#8217;interior de la prov\u00edncia de Val\u00e8ncia: Camp de T\u00faria, la Regi\u00f3 muntanyenca, la Foia de Bunyol-Xiva, la Plana Utiel-Requena i el Rac\u00f3 d&#8217;Adem\u00fas. Per a aix\u00f2 compta amb dues plantes de tractament de residus, situades a Ll\u00edria i Caudete de las Fuentes, aix\u00ed com una planta de transfer\u00e8ncia a Xiva. \u00c9s a Caudete de las Fuentes on es troba tamb\u00e9 situat l&#8217;abocador, lloc on s&#8217;eliminen de manera segura les fraccions que no han pogut ser recuperades en les plantes de tractament.<\/p>\n","protected":false},"excerpt":{"rendered":"<div class=\"mh-excerpt\">L&#8217;ens acorda tamb\u00e9 un nou conveni de col\u00b7laboraci\u00f3 amb el COR-V5 pel qual es tractaran residus de les comarques del sud de la provincial de Val\u00e8ncia.\u00a0 L&#8217;assemblea del Consorci Val\u00e8ncia Interior ha aprovat els pressupostos <a class=\"mh-excerpt-more\" href=\"https:\/\/tucomarca.whitekongsoftware.com\/ca\/el-cvi-aprova-un-pressupost-de-28-milions-deuros-per-a-la-gestion-dels-residus-dels-61-municipis-consorciats\/\" title=\"El CVI aprova un pressupost de 28 milions d&#8217;euros per a la gestion dels residus dels 61 municipis consorciats&nbsp;\">[+] <\/a><\/div>\n","protected":false},"author":12,"featured_media":217543,"comment_status":"open","ping_status":"open","sticky":false,"template":"","format":"standard","meta":{"footnotes":""},"categories":[10890,10951,10892,11046,10898,10963,10894,10912,10903,10947,10909,10896],"tags":[11117,11305],"class_list":["post-217545","post","type-post","status-publish","format-standard","has-post-thumbnail","category-ademus","category-ayora-cofrentes-ca","category-camp-de-turia-ca","category-los-serranos-ca","category-ventana-ca","category-la-canal-de-navarres-ca","category-la-comarca-ca","category-la-hoya-ca","category-medio-ambiente-la-comarca-ca","category-politica","category-requena-utiel-ca","category-seccion-ca","tag-consorcio-valencia-interior-ca","tag-cvi-ca"],"_links":{"self":[{"href":"https:\/\/tucomarca.whitekongsoftware.com\/ca\/wp-json\/wp\/v2\/posts\/217545","targetHints":{"allow":["GET"]}}],"collection":[{"href":"https:\/\/tucomarca.whitekongsoftware.com\/ca\/wp-json\/wp\/v2\/posts"}],"about":[{"href":"https:\/\/tucomarca.whitekongsoftware.com\/ca\/wp-json\/wp\/v2\/types\/post"}],"author":[{"embeddable":true,"href":"https:\/\/tucomarca.whitekongsoftware.com\/ca\/wp-json\/wp\/v2\/users\/12"}],"replies":[{"embeddable":true,"href":"https:\/\/tucomarca.whitekongsoftware.com\/ca\/wp-json\/wp\/v2\/comments?post=217545"}],"version-history":[{"count":0,"href":"https:\/\/tucomarca.whitekongsoftware.com\/ca\/wp-json\/wp\/v2\/posts\/217545\/revisions"}],"wp:featuredmedia":[{"embeddable":true,"href":"https:\/\/tucomarca.whitekongsoftware.com\/ca\/wp-json\/wp\/v2\/media\/217543"}],"wp:attachment":[{"href":"https:\/\/tucomarca.whitekongsoftware.com\/ca\/wp-json\/wp\/v2\/media?parent=217545"}],"wp:term":[{"taxonomy":"category","embeddable":true,"href":"https:\/\/tucomarca.whitekongsoftware.com\/ca\/wp-json\/wp\/v2\/categories?post=217545"},{"taxonomy":"post_tag","embeddable":true,"href":"https:\/\/tucomarca.whitekongsoftware.com\/ca\/wp-json\/wp\/v2\/tags?post=217545"}],"curies":[{"name":"wp","href":"https:\/\/api.w.org\/{rel}","templated":true}]}}