{"id":217108,"date":"2024-04-05T11:00:00","date_gmt":"2024-04-05T09:00:00","guid":{"rendered":"http:\/\/www.tucomarca.com\/wordpress\/segunda\/?p=217108"},"modified":"2024-04-05T18:54:44","modified_gmt":"2024-04-05T16:54:44","slug":"lalcalde-dutiel-ricardo-gabaldon-mostra-el-seu-suport-a-la-iniciativa-pobles-amb-el-tren","status":"publish","type":"post","link":"https:\/\/tucomarca.whitekongsoftware.com\/ca\/lalcalde-dutiel-ricardo-gabaldon-mostra-el-seu-suport-a-la-iniciativa-pobles-amb-el-tren\/","title":{"rendered":"L&#8217;alcalde d&#8217;Utiel, Ricardo Gabald\u00f3n, mostra el seu suport a la iniciativa \u201cPobles amb el Tren\u201d&nbsp;"},"content":{"rendered":"\n<h3 class=\"wp-block-heading\">Durant la trobada amb representants de municipis afectats pel tancament del servei de tren de rodalia en el tram Utiel-Cuenca, el primer edil utielano va manifestar el seu comprom\u00eds amb la reobertura d&#8217;aquesta l\u00ednia de transport ferroviari.&nbsp;<\/h3>\n\n\n\n<p class=\"wp-block-paragraph\">L&#8217;alcalde d&#8217;Utiel Ricardo Gabald\u00f3n rebia en les depend\u00e8ncies de l&#8217;Ajuntament al Senador per Cuenca, Benjam\u00edn Prieto, als primers edils dels municipis de Cuenca d&#8217;Huete i Carboneras de Guadaza\u00f3n, Francisco Javier Dom\u00e9nech i Carlos Arteche respectivament, i a l&#8217;alcalde de Camporrobles, Faustino Pozuelo, per a abordar l&#8217;actual situaci\u00f3 del transport ferroviari de la l\u00ednia C3 de rodalia que roman suprimida en el tram d&#8217;Utiel a Cuenca des de fa 3 anys. A la reuni\u00f3 tamb\u00e9 assistia la regidora de serveis generals de l&#8217;Ajuntament d&#8217;Utiel, Roc\u00edo L\u00f3pez.<br>Durant la trobada l&#8217;alcalde d&#8217;Utiel, Ricardo Gabald\u00f3n, va mostrar el seu suport als municipis afectats pel tancament del servei convencional de rodalia i va manifestar el seu comprom\u00eds amb la reobertura d&#8217;aquesta l\u00ednia de transport ferroviari.\u00a0<br>\u201cEs tracta d&#8217;un servei imprescindible, especialment en poblacions rurals en les quals les opcions de transport p\u00fablic s\u00f3n molt limitades. En el cas d&#8217;Utiel, la parada del tren de rodalia en la pedania de Les Cuevas \u00e9s una de les afectades pel tancament del transport de viatgers en la l\u00ednia hist\u00f2rica d&#8217;Utiel a Cuenca\u201d remarcava l&#8217;alcalde d&#8217;Utiel.<br>En 2023, el Tribunal Suprem suspenia de manera cautelar la clausura del tram ferroviari entre Taranc\u00f3n, Cuenca i Utiel en entendre que la decisi\u00f3 d&#8217;Adif suposava un greu perjudici de &#8220;dif\u00edcil reparaci\u00f3&#8221; per als municipis afectats.<\/p>\n","protected":false},"excerpt":{"rendered":"<div class=\"mh-excerpt\">Durant la trobada amb representants de municipis afectats pel tancament del servei de tren de rodalia en el tram Utiel-Cuenca, el primer edil utielano va manifestar el seu comprom\u00eds amb la reobertura d&#8217;aquesta l\u00ednia de <a class=\"mh-excerpt-more\" href=\"https:\/\/tucomarca.whitekongsoftware.com\/ca\/lalcalde-dutiel-ricardo-gabaldon-mostra-el-seu-suport-a-la-iniciativa-pobles-amb-el-tren\/\" title=\"L&#8217;alcalde d&#8217;Utiel, Ricardo Gabald\u00f3n, mostra el seu suport a la iniciativa \u201cPobles amb el Tren\u201d&nbsp;\">[+] <\/a><\/div>\n","protected":false},"author":12,"featured_media":217106,"comment_status":"open","ping_status":"open","sticky":false,"template":"","format":"standard","meta":{"footnotes":""},"categories":[11031,10898,10948,10894,11056,10903,10947,10909,10896,11059],"tags":[20450,10910,11174],"class_list":["post-217108","post","type-post","status-publish","format-standard","has-post-thumbnail","category-camporrobles-ca","category-ventana-ca","category-infraestructuras-ca","category-la-comarca-ca","category-las-cuevas-ca","category-medio-ambiente-la-comarca-ca","category-politica","category-requena-utiel-ca","category-seccion-ca","category-utiel-ca","tag-pueblos-con-el-tren-ca","tag-requena-utiel-ca","tag-utiel-ca"],"_links":{"self":[{"href":"https:\/\/tucomarca.whitekongsoftware.com\/ca\/wp-json\/wp\/v2\/posts\/217108","targetHints":{"allow":["GET"]}}],"collection":[{"href":"https:\/\/tucomarca.whitekongsoftware.com\/ca\/wp-json\/wp\/v2\/posts"}],"about":[{"href":"https:\/\/tucomarca.whitekongsoftware.com\/ca\/wp-json\/wp\/v2\/types\/post"}],"author":[{"embeddable":true,"href":"https:\/\/tucomarca.whitekongsoftware.com\/ca\/wp-json\/wp\/v2\/users\/12"}],"replies":[{"embeddable":true,"href":"https:\/\/tucomarca.whitekongsoftware.com\/ca\/wp-json\/wp\/v2\/comments?post=217108"}],"version-history":[{"count":0,"href":"https:\/\/tucomarca.whitekongsoftware.com\/ca\/wp-json\/wp\/v2\/posts\/217108\/revisions"}],"wp:featuredmedia":[{"embeddable":true,"href":"https:\/\/tucomarca.whitekongsoftware.com\/ca\/wp-json\/wp\/v2\/media\/217106"}],"wp:attachment":[{"href":"https:\/\/tucomarca.whitekongsoftware.com\/ca\/wp-json\/wp\/v2\/media?parent=217108"}],"wp:term":[{"taxonomy":"category","embeddable":true,"href":"https:\/\/tucomarca.whitekongsoftware.com\/ca\/wp-json\/wp\/v2\/categories?post=217108"},{"taxonomy":"post_tag","embeddable":true,"href":"https:\/\/tucomarca.whitekongsoftware.com\/ca\/wp-json\/wp\/v2\/tags?post=217108"}],"curies":[{"name":"wp","href":"https:\/\/api.w.org\/{rel}","templated":true}]}}