{"id":217041,"date":"2024-04-04T13:00:00","date_gmt":"2024-04-04T11:00:00","guid":{"rendered":"http:\/\/www.tucomarca.com\/wordpress\/segunda\/?p=217041"},"modified":"2024-04-04T20:19:07","modified_gmt":"2024-04-04T18:19:07","slug":"polvora-i-musica-a-els-barris-de-turis-per-a-les-falles-2024-amb-el-retorn-de-lorquestra-panorama","status":"publish","type":"post","link":"https:\/\/tucomarca.whitekongsoftware.com\/ca\/polvora-i-musica-a-els-barris-de-turis-per-a-les-falles-2024-amb-el-retorn-de-lorquestra-panorama\/","title":{"rendered":"<strong>P\u00f3lvora i m\u00fasica a Els Barris de Tur\u00eds per a les Falles 2024 amb el retorn de l&#8217;orquestra Panorama<\/strong>"},"content":{"rendered":"\n<h3 class=\"wp-block-heading\">Tur\u00eds celebra les festes josefines del dijous 4 al diumenge 7 d&#8217;abril<\/h3>\n\n\n\n<p class=\"wp-block-paragraph\">Els Barris de Tur\u00eds afronta les Falles 2024 amb una programaci\u00f3 en la que la comissi\u00f3 m\u00e9s veterana i nombrosa de la localitat mant\u00e9 la seua aposta per la p\u00f3lvora i la m\u00fasica com a elements fonamentals de les festes josefines, que se celebren al municipi del 4 al 7 d&#8217;abril. Ana Alcover, Iv\u00e1n Torres, Andrea Sala i Sergi Serrano componen este any el quadre d&#8217;honor.<\/p>\n\n\n\n<p class=\"wp-block-paragraph\">La plant\u00e0 este dijous dels dos monuments de Santaeulalia Tematizaci\u00f3n \u2013Quina animal\u00e0 de Tur\u00eds-me i De major vull ser artista faller- donar\u00e0 el tret d&#8217;eixida als actes fallers. Divendres a la nit ser\u00e0 el torn del tradicional Correfocs, mentre que dissabte al mat\u00ed tindr\u00e0 lloc la setena Desfilada de Bandes. Passada la mitjanit, Pirot\u00e8cnia Tur\u00eds disparar\u00e0 la Nit del Foc dels Barris i s&#8217;encarregar\u00e0 tamb\u00e9 de la masclet\u00e0 de diumenge a les dos i quart de la vesprada.<\/p>\n\n\n\n<p class=\"wp-block-paragraph\">Despr\u00e9s de la discom\u00f2bil de dijous al casal, la comissi\u00f3 torna a reunir divendres a tres djs locals en un festival que promet allargar-se fins a altes hores de la matinada. Com a plat fort del espectacles nocturns, una de les orquestres m\u00e9s importants d&#8217;Espanya, Panorama, torna dissabte als Barris despr\u00e9s de l&#8217;\u00e8xit de l&#8217;any passat.<\/p>\n\n\n\n<p class=\"wp-block-paragraph\">A m\u00e9s, el mag Sergio Lozano i la Xaranga Els Tocaets posaran el colof\u00f3 a les festes diumenge per la vesprada, poques hores abans de la Crem\u00e0. La programaci\u00f3 completa i els horaris actualitzats es poden consultar a les xarxes socials de la comissi\u00f3 (@elsbarris).<\/p>\n","protected":false},"excerpt":{"rendered":"<div class=\"mh-excerpt\">Tur\u00eds celebra les festes josefines del dijous 4 al diumenge 7 d&#8217;abril Els Barris de Tur\u00eds afronta les Falles 2024 amb una programaci\u00f3 en la que la comissi\u00f3 m\u00e9s veterana i nombrosa de la localitat <a class=\"mh-excerpt-more\" href=\"https:\/\/tucomarca.whitekongsoftware.com\/ca\/polvora-i-musica-a-els-barris-de-turis-per-a-les-falles-2024-amb-el-retorn-de-lorquestra-panorama\/\" title=\"P\u00f3lvora i m\u00fasica a Els Barris de Tur\u00eds per a les Falles 2024 amb el retorn de l&#8217;orquestra Panorama\">[+] <\/a><\/div>\n","protected":false},"author":12,"featured_media":217037,"comment_status":"open","ping_status":"open","sticky":false,"template":"","format":"standard","meta":{"footnotes":""},"categories":[11019,10894,10902,11007,10896,11047],"tags":[11712,19154,11356,11093],"class_list":["post-217041","post","type-post","status-publish","format-standard","has-post-thumbnail","category-agenda-ca","category-la-comarca-ca","category-la-ribera-ca","category-ocio-y-cultura-ca","category-seccion-ca","category-turis-ca","tag-falla-els-barris-ca","tag-fallas-2024-ca","tag-ribera-alta-ca","tag-turis-ca"],"_links":{"self":[{"href":"https:\/\/tucomarca.whitekongsoftware.com\/ca\/wp-json\/wp\/v2\/posts\/217041","targetHints":{"allow":["GET"]}}],"collection":[{"href":"https:\/\/tucomarca.whitekongsoftware.com\/ca\/wp-json\/wp\/v2\/posts"}],"about":[{"href":"https:\/\/tucomarca.whitekongsoftware.com\/ca\/wp-json\/wp\/v2\/types\/post"}],"author":[{"embeddable":true,"href":"https:\/\/tucomarca.whitekongsoftware.com\/ca\/wp-json\/wp\/v2\/users\/12"}],"replies":[{"embeddable":true,"href":"https:\/\/tucomarca.whitekongsoftware.com\/ca\/wp-json\/wp\/v2\/comments?post=217041"}],"version-history":[{"count":0,"href":"https:\/\/tucomarca.whitekongsoftware.com\/ca\/wp-json\/wp\/v2\/posts\/217041\/revisions"}],"wp:featuredmedia":[{"embeddable":true,"href":"https:\/\/tucomarca.whitekongsoftware.com\/ca\/wp-json\/wp\/v2\/media\/217037"}],"wp:attachment":[{"href":"https:\/\/tucomarca.whitekongsoftware.com\/ca\/wp-json\/wp\/v2\/media?parent=217041"}],"wp:term":[{"taxonomy":"category","embeddable":true,"href":"https:\/\/tucomarca.whitekongsoftware.com\/ca\/wp-json\/wp\/v2\/categories?post=217041"},{"taxonomy":"post_tag","embeddable":true,"href":"https:\/\/tucomarca.whitekongsoftware.com\/ca\/wp-json\/wp\/v2\/tags?post=217041"}],"curies":[{"name":"wp","href":"https:\/\/api.w.org\/{rel}","templated":true}]}}