{"id":216957,"date":"2024-04-03T17:00:00","date_gmt":"2024-04-03T15:00:00","guid":{"rendered":"https:\/\/www.tucomarca.com\/wordpress\/segunda\/?p=216957"},"modified":"2024-04-26T16:04:21","modified_gmt":"2024-04-26T14:04:21","slug":"vicent-mompo-acompanya-a-la-seleccio-valenciana-de-pilota-en-el-campionat-deuropa-de-portugal","status":"publish","type":"post","link":"https:\/\/tucomarca.whitekongsoftware.com\/ca\/vicent-mompo-acompanya-a-la-seleccio-valenciana-de-pilota-en-el-campionat-deuropa-de-portugal\/","title":{"rendered":"Vicent Momp\u00f3 acompanya a la Selecci\u00f3 Valenciana de pilota en el Campionat d&#8217;Europa de Portugal"},"content":{"rendered":"\n<p class=\"wp-block-paragraph\"><strong>El president de la Diputaci\u00f3 de Val\u00e8ncia s&#8217;ha despla\u00e7at a la localitat portuguesa de Freixo de Espada \u00e0 Cinta, per a donar suport al conjunt valenci\u00e0 assistint a les tres primeres partides de la fase de grups<\/strong>.<\/p>\n\n\n\n<p class=\"wp-block-paragraph\"><strong>El comprom\u00eds de la corporaci\u00f3 provincial amb l&#8217;esport aut\u00f2cton es concreta en l&#8217;increment de les ajudes a la Federaci\u00f3 de Pilota i una inversi\u00f3 de dos milions d&#8217;euros en el Pla de Trinquets<\/strong>.<\/p>\n\n\n\n<p class=\"wp-block-paragraph\">El president de la Diputaci\u00f3 de Val\u00e8ncia, Vicent Momp\u00f3, s&#8217;ha despla\u00e7at a la localitat portuguesa de Freixo de espada \u00e0 Cinta per a acompanyar a la Selecci\u00f3 Valenciana de pilota en el Campionat d&#8217;Europa que reunix fins dissabte que ve a un total de huit seleccions del Vell Continent. Momp\u00f3 ha volgut donar suport en primera persona als jugadors i al cos t\u00e8cnic de l&#8217;equip valenci\u00e0 assistint a les tres primeres partides de la fase de grups, en les quals la Selecci\u00f3 s&#8217;enfrontava a Portugal, It\u00e0lia i Euskadi.<\/p>\n\n\n\n<p class=\"wp-block-paragraph\">Despr\u00e9s d&#8217;un breu encontre amb l&#8217;alcalde del municipi que \u00e9s seu del torneig, Nuno Ferreira, el president de la Confederaci\u00f3 Internacional de Pilota a m\u00e0, Alberto Soldado, i el president de la Federaci\u00f3 de Pilota Valenciana, Vicent Molin\u00e9s, el president Momp\u00f3 ha afirmat que \u201cestem ac\u00ed per a recolzar a la nostra selecci\u00f3 i viure una experi\u00e8ncia \u00fanica. Hem volgut formar part de l&#8217;expedici\u00f3 valenciana per a mostrar el nostre suport, i tamb\u00e9 hem pogut conversar amb l&#8217;alcalde i amb altres autoritats sobre els desafiaments actuals que afronta la pilota i les diferents solucions de cara al futur\u201d.<\/p>\n\n\n\n<p class=\"wp-block-paragraph\">El cap de l&#8217;executiu provincial ha intervingut a m\u00e9s en l&#8217;acte d&#8217;inauguraci\u00f3 del campionat, en el qual ha subratllat que \u201ccreem en la pilota valenciana. Som la instituci\u00f3 que m\u00e9s recursos destina a la seua promoci\u00f3 i difusi\u00f3. Tenim un tresor i hem de cuidar-lo. Sempre estarem al costat del nostre esport m\u00e9s aut\u00f2cton i de la gent que el fa m\u00e9s gran\u201d, i tamb\u00e9 ha desitjat sort al conjunt encap\u00e7alat pel seleccionador Juanma Garrido.<\/p>\n\n\n\n<p class=\"wp-block-paragraph\"><strong>Ajudes de la Diputaci\u00f3 a la pilota<\/strong><\/p>\n\n\n\n<p class=\"wp-block-paragraph\">La promoci\u00f3 de la pilota valenciana ha sigut des del principi de la legislatura una de les prioritats del nou govern provincial. Este comprom\u00eds s&#8217;ha materialitzat en el substancial increment de la subvenci\u00f3 a la Federaci\u00f3 de Pilota Valenciana en 2024, que ascendix als 885.000 euros, duplicant la xifra de 2023. En este context, el president de la Diputaci\u00f3 ha manifestat en reiterades ocasions la import\u00e0ncia de fomentar la participaci\u00f3 de les dones en esta disciplina esportiva.<\/p>\n\n\n\n<p class=\"wp-block-paragraph\">A aix\u00f2 cal afegir la posada en marxa de l&#8217;ambici\u00f3s Pla de Trinquets, mitjan\u00e7ant el qual s&#8217;invertiran un total de dos milions d&#8217;euros en la recuperaci\u00f3 i restauraci\u00f3 de trinquets de tota la prov\u00edncia que es troben actualment en mal estat.<\/p>\n\n\n\n<p class=\"wp-block-paragraph\">El suport a l&#8217;esport aut\u00f2cton forma part de l&#8217;impuls que vol donar el govern provincial a tradicions, llengua i senyals d&#8217;identitat que formen part de la cultura valenciana.<\/p>\n\n\n\n<figure class=\"wp-block-image size-large\"><img loading=\"lazy\" decoding=\"async\" width=\"1024\" height=\"683\" src=\"https:\/\/www.tucomarca.com\/wordpress\/segunda\/wp-content\/uploads\/2024\/04\/2-3-1024x683.jpg\" alt=\"\" class=\"wp-image-216953\" srcset=\"https:\/\/tucomarca.whitekongsoftware.com\/wp-content\/uploads\/2024\/04\/2-3-1024x683.jpg 1024w, https:\/\/tucomarca.whitekongsoftware.com\/wp-content\/uploads\/2024\/04\/2-3-300x200.jpg 300w, https:\/\/tucomarca.whitekongsoftware.com\/wp-content\/uploads\/2024\/04\/2-3-768x512.jpg 768w, https:\/\/tucomarca.whitekongsoftware.com\/wp-content\/uploads\/2024\/04\/2-3-1536x1024.jpg 1536w, https:\/\/tucomarca.whitekongsoftware.com\/wp-content\/uploads\/2024\/04\/2-3-2048x1365.jpg 2048w\" sizes=\"auto, (max-width: 1024px) 100vw, 1024px\" \/><\/figure>\n","protected":false},"excerpt":{"rendered":"<div class=\"mh-excerpt\">El president de la Diputaci\u00f3 de Val\u00e8ncia s&#8217;ha despla\u00e7at a la localitat portuguesa de Freixo de Espada \u00e0 Cinta, per a donar suport al conjunt valenci\u00e0 assistint a les tres primeres partides de la fase <a class=\"mh-excerpt-more\" href=\"https:\/\/tucomarca.whitekongsoftware.com\/ca\/vicent-mompo-acompanya-a-la-seleccio-valenciana-de-pilota-en-el-campionat-deuropa-de-portugal\/\" title=\"Vicent Momp\u00f3 acompanya a la Selecci\u00f3 Valenciana de pilota en el Campionat d&#8217;Europa de Portugal\">[+] <\/a><\/div>\n","protected":false},"author":13,"featured_media":216952,"comment_status":"open","ping_status":"open","sticky":false,"template":"","format":"image","meta":{"footnotes":""},"categories":[11003,10898,10977,10894,10904,10912,11009,10947,10896],"tags":[11074,13695],"class_list":["post-216957","post","type-post","status-publish","format-image","has-post-thumbnail","category-sports","category-ventana-ca","category-godelleta-ca","category-la-comarca-ca","category-sin-categorizar-ca","category-la-hoya-ca","category-polideportivo-ca","category-politica","category-seccion-ca","tag-deportes-ca","tag-pilota-valenciana-ca","post_format-post-format-image"],"_links":{"self":[{"href":"https:\/\/tucomarca.whitekongsoftware.com\/ca\/wp-json\/wp\/v2\/posts\/216957","targetHints":{"allow":["GET"]}}],"collection":[{"href":"https:\/\/tucomarca.whitekongsoftware.com\/ca\/wp-json\/wp\/v2\/posts"}],"about":[{"href":"https:\/\/tucomarca.whitekongsoftware.com\/ca\/wp-json\/wp\/v2\/types\/post"}],"author":[{"embeddable":true,"href":"https:\/\/tucomarca.whitekongsoftware.com\/ca\/wp-json\/wp\/v2\/users\/13"}],"replies":[{"embeddable":true,"href":"https:\/\/tucomarca.whitekongsoftware.com\/ca\/wp-json\/wp\/v2\/comments?post=216957"}],"version-history":[{"count":0,"href":"https:\/\/tucomarca.whitekongsoftware.com\/ca\/wp-json\/wp\/v2\/posts\/216957\/revisions"}],"wp:featuredmedia":[{"embeddable":true,"href":"https:\/\/tucomarca.whitekongsoftware.com\/ca\/wp-json\/wp\/v2\/media\/216952"}],"wp:attachment":[{"href":"https:\/\/tucomarca.whitekongsoftware.com\/ca\/wp-json\/wp\/v2\/media?parent=216957"}],"wp:term":[{"taxonomy":"category","embeddable":true,"href":"https:\/\/tucomarca.whitekongsoftware.com\/ca\/wp-json\/wp\/v2\/categories?post=216957"},{"taxonomy":"post_tag","embeddable":true,"href":"https:\/\/tucomarca.whitekongsoftware.com\/ca\/wp-json\/wp\/v2\/tags?post=216957"}],"curies":[{"name":"wp","href":"https:\/\/api.w.org\/{rel}","templated":true}]}}