{"id":216932,"date":"2024-04-03T12:12:00","date_gmt":"2024-04-03T10:12:00","guid":{"rendered":"https:\/\/www.tucomarca.com\/wordpress\/segunda\/?p=216932"},"modified":"2024-04-26T16:02:42","modified_gmt":"2024-04-26T14:02:42","slug":"la-diputacio-millorara-la-connexio-per-carretera-entre-el-rincon-de-ademuz-i-la-provincia-de-cuenca","status":"publish","type":"post","link":"https:\/\/tucomarca.whitekongsoftware.com\/ca\/la-diputacio-millorara-la-connexio-per-carretera-entre-el-rincon-de-ademuz-i-la-provincia-de-cuenca\/","title":{"rendered":"La Diputaci\u00f3 millorar\u00e0 la connexi\u00f3 per carretera entre el Rinc\u00f3n de Ademuz i la prov\u00edncia de Cuenca"},"content":{"rendered":"\n<p class=\"wp-block-paragraph\"><strong><strong>L&#8217;\u00e0rea de Carreteres que dirigix Reme Mazzolari publica el projecte constructiu per a millorar l&#8217;estat del Camino de Negr\u00f3n a la N-330<\/strong><\/strong>.<\/p>\n\n\n\n<p class=\"wp-block-paragraph\"><strong><strong>Es tracta de la continuaci\u00f3 de la CV-478, la qual connecta Ademuz amb el territori de Cuenca passant per Vallanca<\/strong><\/strong>.<\/p>\n\n\n\n<p class=\"wp-block-paragraph\">L&#8217;\u00e0rea de Carreteres de la Diputaci\u00f3 de Val\u00e8ncia sotmetr\u00e0 a informaci\u00f3 p\u00fablica en els pr\u00f2xims dies el projecte constructiu \u201cAcondicionament i millora del Camino de Negr\u00f3n a N-330\u201d, el qual, amb una longitud de 7,5 km, presenta importants defici\u00e8ncies en el ferm.<\/p>\n\n\n\n<p class=\"wp-block-paragraph\">La diputada de Carreteres i vicepresidenta segona, Reme Mazzolari, explica que \u201ccom \u00e9s la zona lim\u00edtrofa entre les prov\u00edncies de Val\u00e8ncia i Conca, este cam\u00ed \u00e9s transitat per molts ve\u00efns del Rinc\u00f3n de Ademuz per a comunicar-se amb la comarca de la Serran\u00eda Baja de Cuenca, i viceversa\u201d.<\/p>\n\n\n\n<p class=\"wp-block-paragraph\">En este sentit, Mazzolari incidix en qu\u00e8 \u201cfacilitar el tr\u00e0nsit per les zones d&#8217;interior amb les m\u00e0ximes condicions de seguretat \u00e9s fonamental perqu\u00e8 la poblaci\u00f3 d&#8217;estos municipis puga accedir a servicis entre pobles ve\u00efns\u201d i destaca \u201cel paper que juguen unes bones comunicacions per a lluitar contra el fenomen de la despoblaci\u00f3\u201d.<\/p>\n\n\n\n<p class=\"wp-block-paragraph\">L&#8217;actuaci\u00f3 projectada \u00e9s la continuaci\u00f3 de la CV-478, una carretera pertanyent a la xarxa local de la Diputaci\u00f3 de Val\u00e8ncia que connecta Ademuz amb la prov\u00edncia de Cuenca per Vallanca. La intervenci\u00f3 es desenvolupa a partir del quil\u00f2metre&nbsp; 2,5 del cam\u00ed i discorre \u00edntegrament en el terme municipal de Moya (Cuenca), ja que&nbsp; l&#8217;\u00e0rea que recau a la prov\u00edncia de Val\u00e8ncia es troba en bon estat.<\/p>\n\n\n\n<p class=\"wp-block-paragraph\">No obstant aix\u00f2, en el tram entre els punts quilom\u00e8trics 2,5 i 5,3, el cam\u00ed presenta un tractament superficial molt deteriorat pel transcurs del temps, mentres que en l&#8217;\u00faltim interval fins al quil\u00f2metre 7,5 el cam\u00ed presenta defici\u00e8ncies i irregularitats que dificulten el tr\u00e0nsit.&nbsp;<\/p>\n\n\n\n<p class=\"wp-block-paragraph\">Per a millorar les caracter\u00edstiques estructurals i superficials del ferm existent, s&#8217;utilitzaran t\u00e8cniques que disminu\u00efsquen l&#8217;impacte ambiental de l&#8217;obra. Aix\u00ed, la reutilitzaci\u00f3 de materials in situ contribu\u00efx a no haver d&#8217;obrir nous jaciments d&#8217;\u00e0rids, ni a reduir les reserves dels existents; mentres que la disminuci\u00f3 del transports&nbsp; disminu\u00efx les emissions de CO<sub>2<\/sub> i altres contaminants, aix\u00ed com els impactes col\u00b7laterals que provoca sobre els camins i flora adjacents (pols, erosions, etc.). D&#8217;esta manera s&#8217;aconseguix una millor adaptaci\u00f3 mediambiental, sostenibilitat i integraci\u00f3 paisatg\u00edstica per l&#8217;entorn que travessa.<\/p>\n\n\n\n<p class=\"wp-block-paragraph\">L&#8217;actuaci\u00f3, amb un pressupost total de licitaci\u00f3 de les obres de 509.843,97 euros i un termini d&#8217;execuci\u00f3 de quatre mesos, inclou la millora de la senyalitzaci\u00f3 vertical, marques vi\u00e0ries i dotaci\u00f3 d&#8217;elements d&#8217;abalisament necessaris, a m\u00e9s de la millora del drenatge superficial mitjan\u00e7ant l&#8217;execuci\u00f3 de guals inundables de formig\u00f3 i cunetes de seguretat.<\/p>\n","protected":false},"excerpt":{"rendered":"<div class=\"mh-excerpt\">L&#8217;\u00e0rea de Carreteres que dirigix Reme Mazzolari publica el projecte constructiu per a millorar l&#8217;estat del Camino de Negr\u00f3n a la N-330. Es tracta de la continuaci\u00f3 de la CV-478, la qual connecta Ademuz amb <a class=\"mh-excerpt-more\" href=\"https:\/\/tucomarca.whitekongsoftware.com\/ca\/la-diputacio-millorara-la-connexio-per-carretera-entre-el-rincon-de-ademuz-i-la-provincia-de-cuenca\/\" title=\"La Diputaci\u00f3 millorar\u00e0 la connexi\u00f3 per carretera entre el Rinc\u00f3n de Ademuz i la prov\u00edncia de Cuenca\">[+] <\/a><\/div>\n","protected":false},"author":13,"featured_media":216929,"comment_status":"open","ping_status":"open","sticky":false,"template":"","format":"standard","meta":{"footnotes":""},"categories":[10890,10926,10898,10948,10894,10904,10896],"tags":[12903,12039],"class_list":["post-216932","post","type-post","status-publish","format-standard","has-post-thumbnail","category-ademus","category-ademus-ca","category-ventana-ca","category-infraestructuras-ca","category-la-comarca-ca","category-sin-categorizar-ca","category-seccion-ca","tag-infraestructuras-ca","tag-rincon-de-ademuz-ca"],"_links":{"self":[{"href":"https:\/\/tucomarca.whitekongsoftware.com\/ca\/wp-json\/wp\/v2\/posts\/216932","targetHints":{"allow":["GET"]}}],"collection":[{"href":"https:\/\/tucomarca.whitekongsoftware.com\/ca\/wp-json\/wp\/v2\/posts"}],"about":[{"href":"https:\/\/tucomarca.whitekongsoftware.com\/ca\/wp-json\/wp\/v2\/types\/post"}],"author":[{"embeddable":true,"href":"https:\/\/tucomarca.whitekongsoftware.com\/ca\/wp-json\/wp\/v2\/users\/13"}],"replies":[{"embeddable":true,"href":"https:\/\/tucomarca.whitekongsoftware.com\/ca\/wp-json\/wp\/v2\/comments?post=216932"}],"version-history":[{"count":0,"href":"https:\/\/tucomarca.whitekongsoftware.com\/ca\/wp-json\/wp\/v2\/posts\/216932\/revisions"}],"wp:featuredmedia":[{"embeddable":true,"href":"https:\/\/tucomarca.whitekongsoftware.com\/ca\/wp-json\/wp\/v2\/media\/216929"}],"wp:attachment":[{"href":"https:\/\/tucomarca.whitekongsoftware.com\/ca\/wp-json\/wp\/v2\/media?parent=216932"}],"wp:term":[{"taxonomy":"category","embeddable":true,"href":"https:\/\/tucomarca.whitekongsoftware.com\/ca\/wp-json\/wp\/v2\/categories?post=216932"},{"taxonomy":"post_tag","embeddable":true,"href":"https:\/\/tucomarca.whitekongsoftware.com\/ca\/wp-json\/wp\/v2\/tags?post=216932"}],"curies":[{"name":"wp","href":"https:\/\/api.w.org\/{rel}","templated":true}]}}