{"id":216845,"date":"2024-04-03T18:00:00","date_gmt":"2024-04-03T16:00:00","guid":{"rendered":"http:\/\/www.tucomarca.com\/wordpress\/segunda\/?p=216845"},"modified":"2024-04-03T21:06:10","modified_gmt":"2024-04-03T19:06:10","slug":"el-fum-dun-incendi-forestal-a-vilamarxant-obliga-a-desallotjar-a-80-persones-dun-alberg","status":"publish","type":"post","link":"https:\/\/tucomarca.whitekongsoftware.com\/ca\/el-fum-dun-incendi-forestal-a-vilamarxant-obliga-a-desallotjar-a-80-persones-dun-alberg\/","title":{"rendered":"El fum d&#8217;un incendi forestal a Vilamarxant obliga a desallotjar a 80 persones d&#8217;un alberg"},"content":{"rendered":"\n<p class=\"wp-block-paragraph\">Efectius del Consorci Provincial de Bombers de Val\u00e8ncia han intervingut en un incendi forestal deslligat aquest dimecres al migdia a Vilamarxant al marge del riu T\u00faria que ha obligat al desallotjament de 80 persones d&#8217;una resid\u00e8ncia.<\/p>\n\n\n\n<p class=\"wp-block-paragraph\">L&#8217;alcalde de Vilamarxant, H\u00e9ctor Troyano, ha declarat que ha sigut &#8220;necess\u00e0ria l&#8217;evacuaci\u00f3 del alberge Mes de Zampa, on s&#8217;allotjaven 80 persones, no pel foc en si, sin\u00f3 pel fum que s&#8217;ha produ\u00eft en la zona&#8221;.&nbsp;<\/p>\n\n\n\n<p class=\"wp-block-paragraph\">Per part de la Policia Local i Gu\u00e0rdia Civil de Vilamarxant s&#8217;ha realitzat sense incidents l&#8217;evacuaci\u00f3 de manera preventiva del alberge Mes de Zampa, on en eixe moment s&#8217;allotjaven 80 persones. El tel\u00e8fon d&#8217;emerg\u00e8ncies 112 ha rebut fins a 400 crides alertant d&#8217;aquest incendi.<\/p>\n\n\n\n<p class=\"wp-block-paragraph\">Segons fonts del Consorci, fins al lloc s&#8217;ha despla\u00e7at inicialment amb una dotaci\u00f3 del parc de l&#8217;Eliana, dues brigades forestals del Consorci, un coordinador i un t\u00e8cnic forestal, aix\u00ed com bombers forestals i aeris de GVA.&nbsp;<\/p>\n\n\n\n<p class=\"wp-block-paragraph\">Als mitjans s&#8217;han incorporat posteriorment sis mitjans aeris, tres avions i tres helic\u00f2pters, que han realitzat cerca de 60 desc\u00e0rregues.<\/p>\n\n\n\n<p class=\"wp-block-paragraph\">A les 20,53 hores el Consorci Provincial de Bombers ha donat per extingit l&#8217;incendi.<\/p>\n\n\n\n<figure class=\"wp-block-gallery has-nested-images columns-1 is-cropped wp-block-gallery-1 is-layout-flex wp-block-gallery-is-layout-flex\">\n<figure class=\"wp-block-image size-large\"><img loading=\"lazy\" decoding=\"async\" width=\"1181\" height=\"886\" data-id=\"216832\" src=\"http:\/\/www.tucomarca.com\/wordpress\/segunda\/wp-content\/uploads\/2024\/04\/bomberosVilamarxant02.jpg\" alt=\"\" class=\"wp-image-216832\" srcset=\"https:\/\/tucomarca.whitekongsoftware.com\/wp-content\/uploads\/2024\/04\/bomberosVilamarxant02.jpg 1181w, https:\/\/tucomarca.whitekongsoftware.com\/wp-content\/uploads\/2024\/04\/bomberosVilamarxant02-300x225.jpg 300w, https:\/\/tucomarca.whitekongsoftware.com\/wp-content\/uploads\/2024\/04\/bomberosVilamarxant02-1024x768.jpg 1024w, https:\/\/tucomarca.whitekongsoftware.com\/wp-content\/uploads\/2024\/04\/bomberosVilamarxant02-768x576.jpg 768w, https:\/\/tucomarca.whitekongsoftware.com\/wp-content\/uploads\/2024\/04\/bomberosVilamarxant02-678x509.jpg 678w, https:\/\/tucomarca.whitekongsoftware.com\/wp-content\/uploads\/2024\/04\/bomberosVilamarxant02-326x245.jpg 326w, https:\/\/tucomarca.whitekongsoftware.com\/wp-content\/uploads\/2024\/04\/bomberosVilamarxant02-80x60.jpg 80w\" sizes=\"auto, (max-width: 1181px) 100vw, 1181px\" \/><\/figure>\n\n\n\n<figure class=\"wp-block-image size-large\"><img loading=\"lazy\" decoding=\"async\" width=\"1181\" height=\"886\" data-id=\"216840\" src=\"http:\/\/www.tucomarca.com\/wordpress\/segunda\/wp-content\/uploads\/2024\/04\/bomberosVilamarxant06.jpg\" alt=\"\" class=\"wp-image-216840\" srcset=\"https:\/\/tucomarca.whitekongsoftware.com\/wp-content\/uploads\/2024\/04\/bomberosVilamarxant06.jpg 1181w, https:\/\/tucomarca.whitekongsoftware.com\/wp-content\/uploads\/2024\/04\/bomberosVilamarxant06-300x225.jpg 300w, https:\/\/tucomarca.whitekongsoftware.com\/wp-content\/uploads\/2024\/04\/bomberosVilamarxant06-1024x768.jpg 1024w, https:\/\/tucomarca.whitekongsoftware.com\/wp-content\/uploads\/2024\/04\/bomberosVilamarxant06-768x576.jpg 768w, https:\/\/tucomarca.whitekongsoftware.com\/wp-content\/uploads\/2024\/04\/bomberosVilamarxant06-678x509.jpg 678w, https:\/\/tucomarca.whitekongsoftware.com\/wp-content\/uploads\/2024\/04\/bomberosVilamarxant06-326x245.jpg 326w, https:\/\/tucomarca.whitekongsoftware.com\/wp-content\/uploads\/2024\/04\/bomberosVilamarxant06-80x60.jpg 80w\" sizes=\"auto, (max-width: 1181px) 100vw, 1181px\" \/><\/figure>\n\n\n\n<figure class=\"wp-block-image size-large\"><img loading=\"lazy\" decoding=\"async\" width=\"1181\" height=\"664\" data-id=\"216834\" src=\"http:\/\/www.tucomarca.com\/wordpress\/segunda\/wp-content\/uploads\/2024\/04\/bomberosVilamarxant03.jpg\" alt=\"\" class=\"wp-image-216834\" srcset=\"https:\/\/tucomarca.whitekongsoftware.com\/wp-content\/uploads\/2024\/04\/bomberosVilamarxant03.jpg 1181w, https:\/\/tucomarca.whitekongsoftware.com\/wp-content\/uploads\/2024\/04\/bomberosVilamarxant03-300x169.jpg 300w, https:\/\/tucomarca.whitekongsoftware.com\/wp-content\/uploads\/2024\/04\/bomberosVilamarxant03-1024x576.jpg 1024w, https:\/\/tucomarca.whitekongsoftware.com\/wp-content\/uploads\/2024\/04\/bomberosVilamarxant03-768x432.jpg 768w, https:\/\/tucomarca.whitekongsoftware.com\/wp-content\/uploads\/2024\/04\/bomberosVilamarxant03-678x381.jpg 678w\" sizes=\"auto, (max-width: 1181px) 100vw, 1181px\" \/><\/figure>\n\n\n\n<figure class=\"wp-block-image size-large\"><img loading=\"lazy\" decoding=\"async\" width=\"1181\" height=\"664\" data-id=\"216836\" src=\"http:\/\/www.tucomarca.com\/wordpress\/segunda\/wp-content\/uploads\/2024\/04\/bomberosVilamarxant04.jpg\" alt=\"\" class=\"wp-image-216836\" srcset=\"https:\/\/tucomarca.whitekongsoftware.com\/wp-content\/uploads\/2024\/04\/bomberosVilamarxant04.jpg 1181w, https:\/\/tucomarca.whitekongsoftware.com\/wp-content\/uploads\/2024\/04\/bomberosVilamarxant04-300x169.jpg 300w, https:\/\/tucomarca.whitekongsoftware.com\/wp-content\/uploads\/2024\/04\/bomberosVilamarxant04-1024x576.jpg 1024w, https:\/\/tucomarca.whitekongsoftware.com\/wp-content\/uploads\/2024\/04\/bomberosVilamarxant04-768x432.jpg 768w, https:\/\/tucomarca.whitekongsoftware.com\/wp-content\/uploads\/2024\/04\/bomberosVilamarxant04-678x381.jpg 678w\" sizes=\"auto, (max-width: 1181px) 100vw, 1181px\" \/><\/figure>\n\n\n\n<figure class=\"wp-block-image size-large\"><img loading=\"lazy\" decoding=\"async\" width=\"1181\" height=\"664\" data-id=\"216838\" src=\"http:\/\/www.tucomarca.com\/wordpress\/segunda\/wp-content\/uploads\/2024\/04\/bomberosVilamarxant05.jpg\" alt=\"\" class=\"wp-image-216838\" srcset=\"https:\/\/tucomarca.whitekongsoftware.com\/wp-content\/uploads\/2024\/04\/bomberosVilamarxant05.jpg 1181w, https:\/\/tucomarca.whitekongsoftware.com\/wp-content\/uploads\/2024\/04\/bomberosVilamarxant05-300x169.jpg 300w, https:\/\/tucomarca.whitekongsoftware.com\/wp-content\/uploads\/2024\/04\/bomberosVilamarxant05-1024x576.jpg 1024w, https:\/\/tucomarca.whitekongsoftware.com\/wp-content\/uploads\/2024\/04\/bomberosVilamarxant05-768x432.jpg 768w, https:\/\/tucomarca.whitekongsoftware.com\/wp-content\/uploads\/2024\/04\/bomberosVilamarxant05-678x381.jpg 678w\" sizes=\"auto, (max-width: 1181px) 100vw, 1181px\" \/><\/figure>\n<\/figure>\n","protected":false},"excerpt":{"rendered":"<div class=\"mh-excerpt\">Efectius del Consorci Provincial de Bombers de Val\u00e8ncia han intervingut en un incendi forestal deslligat aquest dimecres al migdia a Vilamarxant al marge del riu T\u00faria que ha obligat al desallotjament de 80 persones d&#8217;una <a class=\"mh-excerpt-more\" href=\"https:\/\/tucomarca.whitekongsoftware.com\/ca\/el-fum-dun-incendi-forestal-a-vilamarxant-obliga-a-desallotjar-a-80-persones-dun-alberg\/\" title=\"El fum d&#8217;un incendi forestal a Vilamarxant obliga a desallotjar a 80 persones d&#8217;un alberg\">[+] <\/a><\/div>\n","protected":false},"author":1,"featured_media":216831,"comment_status":"open","ping_status":"open","sticky":false,"template":"","format":"gallery","meta":{"footnotes":""},"categories":[10892,10898,10948,10894,10904,10903,10896,10897,10927],"tags":[10899,12834,11090],"class_list":["post-216845","post","type-post","status-publish","format-gallery","has-post-thumbnail","category-camp-de-turia-ca","category-ventana-ca","category-infraestructuras-ca","category-la-comarca-ca","category-sin-categorizar-ca","category-medio-ambiente-la-comarca-ca","category-seccion-ca","category-sucesos-la-comarca-ca","category-vilamarxant-ca","tag-camp-de-turia-ca","tag-consorcio-provincial-de-bomberos-de-valencia-ca","tag-vilamarxant-ca","post_format-post-format-gallery"],"_links":{"self":[{"href":"https:\/\/tucomarca.whitekongsoftware.com\/ca\/wp-json\/wp\/v2\/posts\/216845","targetHints":{"allow":["GET"]}}],"collection":[{"href":"https:\/\/tucomarca.whitekongsoftware.com\/ca\/wp-json\/wp\/v2\/posts"}],"about":[{"href":"https:\/\/tucomarca.whitekongsoftware.com\/ca\/wp-json\/wp\/v2\/types\/post"}],"author":[{"embeddable":true,"href":"https:\/\/tucomarca.whitekongsoftware.com\/ca\/wp-json\/wp\/v2\/users\/1"}],"replies":[{"embeddable":true,"href":"https:\/\/tucomarca.whitekongsoftware.com\/ca\/wp-json\/wp\/v2\/comments?post=216845"}],"version-history":[{"count":0,"href":"https:\/\/tucomarca.whitekongsoftware.com\/ca\/wp-json\/wp\/v2\/posts\/216845\/revisions"}],"wp:featuredmedia":[{"embeddable":true,"href":"https:\/\/tucomarca.whitekongsoftware.com\/ca\/wp-json\/wp\/v2\/media\/216831"}],"wp:attachment":[{"href":"https:\/\/tucomarca.whitekongsoftware.com\/ca\/wp-json\/wp\/v2\/media?parent=216845"}],"wp:term":[{"taxonomy":"category","embeddable":true,"href":"https:\/\/tucomarca.whitekongsoftware.com\/ca\/wp-json\/wp\/v2\/categories?post=216845"},{"taxonomy":"post_tag","embeddable":true,"href":"https:\/\/tucomarca.whitekongsoftware.com\/ca\/wp-json\/wp\/v2\/tags?post=216845"}],"curies":[{"name":"wp","href":"https:\/\/api.w.org\/{rel}","templated":true}]}}