{"id":216735,"date":"2024-04-02T12:00:00","date_gmt":"2024-04-02T11:00:00","guid":{"rendered":"http:\/\/www.tucomarca.com\/wordpress\/segunda\/?p=216735"},"modified":"2024-04-02T23:04:15","modified_gmt":"2024-04-02T22:04:15","slug":"riba-roja-de-turia-va-adjudicar-30-milions-deuros-en-els-ultims-cinc-anys-en-els-contractes-publics-i-va-estalviar-fins-a-44-milions-deuros","status":"publish","type":"post","link":"https:\/\/tucomarca.whitekongsoftware.com\/ca\/riba-roja-de-turia-va-adjudicar-30-milions-deuros-en-els-ultims-cinc-anys-en-els-contractes-publics-i-va-estalviar-fins-a-44-milions-deuros\/","title":{"rendered":"Riba-roja de T\u00faria va adjudicar 30 milions d&#8217;euros en els \u00faltims cinc anys en els contractes p\u00fablics i va estalviar fins a 4\u20194 milions d&#8217;euros&nbsp;"},"content":{"rendered":"\n<h3 class=\"wp-block-heading\">L&#8217;equip de govern dona compte al ple municipal del Pla de Contractaci\u00f3 del passat exercici en el qual es detallen els processos de licitaci\u00f3 p\u00fablica&nbsp;<\/h3>\n\n\n\n<p class=\"wp-block-paragraph\">El Pla de Contractaci\u00f3 P\u00fablica de l&#8217;Ajuntament de Riba-roja de T\u00faria va permetre l&#8217;any passat estalviar un total de 630.756 euros despr\u00e9s de traure a licitaci\u00f3 p\u00fablica un total de 87 contractes per un valor econ\u00f2mic total de 6 milions d&#8217;euros que, finalment, es van adjudicar per un valor de 5\u20194 milions d&#8217;euros. A m\u00e9s, entre els anys 2019 i 2023 es van arribar a adjudicar 30 milions d&#8217;euros en contractacions p\u00fabliques i es van estalviar 4\u20194 milions d&#8217;euros a les arques p\u00fabliques.&nbsp;<\/p>\n\n\n\n<p class=\"wp-block-paragraph\">Una de les novetats introdu\u00efdes per l&#8217;Ajuntament de Riba-roja de T\u00faria en el Pla de Contractaci\u00f3 de 2023 ha consistit en la vinculaci\u00f3 de cadascun dels contractes adjudicats al llarg del passat any amb les metes disposades en l&#8217;Agenda 2030 aprovada per l&#8217;Assemblea General de l&#8217;ONU en favor de les persones, el planeta i la prosperitat com a objectius principals, pau universal i acc\u00e9s a la just\u00edcia.&nbsp;<\/p>\n\n\n\n<p class=\"wp-block-paragraph\">D&#8217;entre els Objectius de Desenvolupament Sostenible (ODS) que s&#8217;han implantat en els contractes p\u00fablics del passat any cal destacar l&#8217;especial contribuci\u00f3 del ODS n\u00famero 8 respecte del Treball Decent i Creixement Econ\u00f2mic, el ODS n\u00famero 9 sobre Ind\u00fastria, Innovaci\u00f3 i Infraestructura, el n\u00famero 11 sobre Ciutats i Comunitats Sostenibles i, finalment, el ODS n\u00famero 7 sobre Energia Assequible i No Contaminant.&nbsp;<\/p>\n\n\n\n<p class=\"wp-block-paragraph\">A m\u00e9s, cal ressenyar que des de finals de l&#8217;any 2022 i principis de l&#8217;any 2023 s&#8217;ha desenvolupat una eina, denominada Visor de Contractaci\u00f3, en el qual, en temps real, qualsevol ciutad\u00e0 vaig poder consultar tota la informaci\u00f3 afectada per la contractaci\u00f3 p\u00fablica de l&#8217;Ajuntament de Riba-roja de T\u00faria, amb les adjudicacions, imports, estad\u00edstiques i gr\u00e0fiques per tipus de contractes, categories i els diversos exercicis comptables.&nbsp;<\/p>\n\n\n\n<p class=\"wp-block-paragraph\">La Mem\u00f2ria del Pla de Contractaci\u00f3 de l&#8217;any 2023 de Riba-roja de T\u00faria constata l&#8217;abs\u00e8ncia de cap mena de recurs especial respecte de qualsevol contracte p\u00fablic per part d&#8217;empreses licitadores o possibles candidats a l&#8217;adjudicaci\u00f3. El document argumenta que aquest fet est\u00e0 basat en una major formaci\u00f3 per part de les empreses a l&#8217;hora de conc\u00f3rrer i formar part de la contractaci\u00f3 p\u00fablica, un s\u00edmptoma que els contractes s\u00f3n m\u00e9s clars i transparents, amb un objecte concret i ben detallat.&nbsp;<\/p>\n\n\n\n<p class=\"wp-block-paragraph\">El document donat a con\u00e9ixer en el ple municipal de Riba-roja de T\u00faria subratlla alguns dels objectius consolidats al llarg del passat exercici en mat\u00e8ria de contractaci\u00f3, quant a bones pr\u00e0ctiques, com la consolidaci\u00f3 de la c\u00e0tedra i la professionalitzaci\u00f3 de tots els actors en els procediments de licitaci\u00f3 p\u00fablica, la continuaci\u00f3 de la comissi\u00f3 de contractaci\u00f3 i, tamb\u00e9, els premis, la participaci\u00f3 en els congressos i les publicacions realitzades per a erigir-se a l&#8217;avantguarda en termes de contractaci\u00f3 p\u00fablica, entre altres.&nbsp;<\/p>\n\n\n\n<p class=\"wp-block-paragraph\">Al llarg del passat any, els 6 milions d&#8217;euros que es van traure a licitaci\u00f3 p\u00fablica es van estructurar en els 1\u20197 milions d&#8217;euros corresponents a subministraments, adjudicats per 1\u20196 milions d&#8217;euros. Per part seua, en serveis es van licitar altres 1\u20196 milions d&#8217;euros que, finalment, es van adjudicar per 1\u20194 milions d&#8217;euros. En mat\u00e8ria d&#8217;obres, es van licitar contractes per valor de 2\u20196 milions d&#8217;euros, adjudicats en altres 2\u20193 milions d&#8217;euros.&nbsp;<\/p>\n\n\n\n<p class=\"wp-block-paragraph\">El Pla de Contractaci\u00f3 anuncia en la seua mem\u00f2ria els objectius que es plantegen per als contractes d&#8217;enguany, amb la consolidaci\u00f3 de l&#8217;execuci\u00f3 planificada de la contractaci\u00f3 p\u00fablica, de manera que entre la planificaci\u00f3 i l&#8217;execuci\u00f3 existisca cada vegada menys dist\u00e0ncia, una major an\u00e0lisi de l&#8217;execuci\u00f3 dels contractes, continuar refor\u00e7ant la simplificaci\u00f3 en els tr\u00e0mits de licitaci\u00f3 i apostar per una major formaci\u00f3 del personal de l&#8217;ajuntament i de les empreses licitadores, especialment les pimes.&nbsp;<\/p>\n\n\n\n<p class=\"wp-block-paragraph\">L&#8217;alcalde de Riba-roja de T\u00faria, Robert Raga, ha afirmat que la mem\u00f2ria \u201c\u00e9s una de les proves m\u00e9s evidents del treball que s&#8217;ha fet en els \u00faltims anys en benefici d&#8217;una major transpar\u00e8ncia i participaci\u00f3 per part de les empreses en tots els contractes p\u00fablics, de fet, som pioners en la Comunitat Valenciana en la introducci\u00f3 d&#8217;eines que consoliden el cam\u00ed empr\u00e9s\u201d.<\/p>\n\n\n\n<p class=\"wp-block-paragraph\"><\/p>\n","protected":false},"excerpt":{"rendered":"<div class=\"mh-excerpt\">L&#8217;equip de govern dona compte al ple municipal del Pla de Contractaci\u00f3 del passat exercici en el qual es detallen els processos de licitaci\u00f3 p\u00fablica&nbsp; El Pla de Contractaci\u00f3 P\u00fablica de l&#8217;Ajuntament de Riba-roja de <a class=\"mh-excerpt-more\" href=\"https:\/\/tucomarca.whitekongsoftware.com\/ca\/riba-roja-de-turia-va-adjudicar-30-milions-deuros-en-els-ultims-cinc-anys-en-els-contractes-publics-i-va-estalviar-fins-a-44-milions-deuros\/\" title=\"Riba-roja de T\u00faria va adjudicar 30 milions d&#8217;euros en els \u00faltims cinc anys en els contractes p\u00fablics i va estalviar fins a 4\u20194 milions d&#8217;euros&nbsp;\">[+] <\/a><\/div>\n","protected":false},"author":12,"featured_media":216734,"comment_status":"open","ping_status":"open","sticky":false,"template":"","format":"standard","meta":{"footnotes":""},"categories":[10892,10894,10947,10906,10896],"tags":[10899,15024],"class_list":["post-216735","post","type-post","status-publish","format-standard","has-post-thumbnail","category-camp-de-turia-ca","category-la-comarca-ca","category-politica","category-riba-roja-ca","category-seccion-ca","tag-camp-de-turia-ca","tag-riba-roja-de-turia-ca"],"_links":{"self":[{"href":"https:\/\/tucomarca.whitekongsoftware.com\/ca\/wp-json\/wp\/v2\/posts\/216735","targetHints":{"allow":["GET"]}}],"collection":[{"href":"https:\/\/tucomarca.whitekongsoftware.com\/ca\/wp-json\/wp\/v2\/posts"}],"about":[{"href":"https:\/\/tucomarca.whitekongsoftware.com\/ca\/wp-json\/wp\/v2\/types\/post"}],"author":[{"embeddable":true,"href":"https:\/\/tucomarca.whitekongsoftware.com\/ca\/wp-json\/wp\/v2\/users\/12"}],"replies":[{"embeddable":true,"href":"https:\/\/tucomarca.whitekongsoftware.com\/ca\/wp-json\/wp\/v2\/comments?post=216735"}],"version-history":[{"count":0,"href":"https:\/\/tucomarca.whitekongsoftware.com\/ca\/wp-json\/wp\/v2\/posts\/216735\/revisions"}],"wp:featuredmedia":[{"embeddable":true,"href":"https:\/\/tucomarca.whitekongsoftware.com\/ca\/wp-json\/wp\/v2\/media\/216734"}],"wp:attachment":[{"href":"https:\/\/tucomarca.whitekongsoftware.com\/ca\/wp-json\/wp\/v2\/media?parent=216735"}],"wp:term":[{"taxonomy":"category","embeddable":true,"href":"https:\/\/tucomarca.whitekongsoftware.com\/ca\/wp-json\/wp\/v2\/categories?post=216735"},{"taxonomy":"post_tag","embeddable":true,"href":"https:\/\/tucomarca.whitekongsoftware.com\/ca\/wp-json\/wp\/v2\/tags?post=216735"}],"curies":[{"name":"wp","href":"https:\/\/api.w.org\/{rel}","templated":true}]}}