{"id":216726,"date":"2024-04-03T01:00:00","date_gmt":"2024-04-02T23:00:00","guid":{"rendered":"http:\/\/www.tucomarca.com\/wordpress\/segunda\/?p=216726"},"modified":"2024-04-03T01:21:03","modified_gmt":"2024-04-02T23:21:03","slug":"la-plataforma-salvem-farrajon-demana-establir-un-front-comu-entre-la-societat-civil-i-la-corporacio-local-per-a-protegir-aquest-paratge","status":"publish","type":"post","link":"https:\/\/tucomarca.whitekongsoftware.com\/ca\/la-plataforma-salvem-farrajon-demana-establir-un-front-comu-entre-la-societat-civil-i-la-corporacio-local-per-a-protegir-aquest-paratge\/","title":{"rendered":"La Plataforma Salvem Farraj\u00f3n demana establir un front com\u00fa entre la societat civil i la corporaci\u00f3 local per a protegir aquest paratge"},"content":{"rendered":"\n<p class=\"wp-block-paragraph\">La Plataforma Salvem Farraj\u00f3n ha redactat un escrit dirigit als diferents grups pol\u00edtics que conformen la corporaci\u00f3 Municipal de Bunyol, a fi d&#8217;establir un front com\u00fa entre la societat civil i la corporaci\u00f3 local que afronte el repte de protegir Farraj\u00f3n, el nostre estimat i hist\u00f2ric paratge natural, de la cobd\u00edcia i l&#8217;especulaci\u00f3 de fons d&#8217;inversi\u00f3 que busquen el negoci f\u00e0cil i r\u00e0pid amb la instal\u00b7laci\u00f3 de plantes fotovoltaiques en s\u00f2l no urbanitzable com\u00fa (SNUC) que arrasen el territori, afavoreixen l&#8217;oligopoli energ\u00e8tic que patim en l&#8217;actualitat el negoci centralitzat de la qual i fraudulent empobreix i redueix la poblaci\u00f3 del m\u00f3n rural. Per a aix\u00f2, la plataforma els ha instat a trav\u00e9s del seu escrit a realitzar les seg\u00fcents actuacions:<\/p>\n\n\n\n<ol class=\"wp-block-list\"><li>Que se sotmeta a informaci\u00f3 p\u00fablica -m\u00e9s enll\u00e0 del tauler d&#8217;anuncis- i a trav\u00e9s de tots els canals municipals possibles el pla de participaci\u00f3 p\u00fablica rem\u00e9s al Ayto per l&#8217;empresa Espai Solar Mediterrani que inclou un Estudi d&#8217;integraci\u00f3 paisatg\u00edstica del projecte de planta solar fotovoltaica, amb empla\u00e7ament en la parcel\u00b7la 162 del Pol\u00edgon 9 (FARRAJ\u00d3N).<\/li><li>Que acorden l&#8217;aprovaci\u00f3 d&#8217;una moci\u00f3 en el pr\u00f2xim ple en la qual es defense la NO instal\u00b7laci\u00f3 de la planta fotovoltaica \u201cBunyol Espai Solar 1\u201d i traslladen aquest acord al promotor.<\/li><li>Que alhora, manifesten el seu posicionament a favor o en contra de futures noves instal\u00b7lacions de Plantes Fotovoltaiques i e\u00f2liques que afecten la nostra Comarca.<\/li><li>I vist que tant l&#8217;actual Govern com l&#8217;anterior sempre s&#8217;han posicionat a favor dels objectius de la Plataforma Salvem Farraj\u00f3n d&#8217;acord amb les seues diferents actuacions administratives realitzades fins a la data:<br><strong>Se sotmeta a debat la necessitat urgent d&#8217;interposar un contenci\u00f3s-administratiu<\/strong>, (tal com se li va traslladar a la Sra. Alcaldessa en la reuni\u00f3 mantinguda el passat dia 21 de mar\u00e7) contra la construcci\u00f3 de la Planta One-Victoria, at\u00e9s que hi ha arguments i possibilitats jur\u00eddiques reals per a oposar-se, i sobretot perqu\u00e8 l&#8217;empresa ja t\u00e9 el perm\u00eds de construcci\u00f3 i el temps que queda \u00e9s esc\u00e0s. La Plataforma insisteix en la import\u00e0ncia d&#8217;aquest punt, ja que aquesta \u00e9s l&#8217;\u00faltima opci\u00f3 administratiu-jur\u00eddica possible que queda per a impedir la construcci\u00f3 d&#8217;aquesta planta.<\/li><\/ol>\n\n\n\n<p class=\"wp-block-paragraph\">La Plataforma espera i confia que sent aquestes peticions el sentir de la poblaci\u00f3, tots els partits representats en el consistori, conjuminen esfor\u00e7os i treballen en la consecuci\u00f3 de l&#8217;objectiu buscat que no \u00e9s un altre que la total protecci\u00f3 del nostre preuat paratge, perqu\u00e8 no entre ni unisca sola planta en les seues terres.<\/p>\n","protected":false},"excerpt":{"rendered":"<div class=\"mh-excerpt\">La Plataforma Salvem Farraj\u00f3n ha redactat un escrit dirigit als diferents grups pol\u00edtics que conformen la corporaci\u00f3 Municipal de Bunyol, a fi d&#8217;establir un front com\u00fa entre la societat civil i la corporaci\u00f3 local que <a class=\"mh-excerpt-more\" href=\"https:\/\/tucomarca.whitekongsoftware.com\/ca\/la-plataforma-salvem-farrajon-demana-establir-un-front-comu-entre-la-societat-civil-i-la-corporacio-local-per-a-protegir-aquest-paratge\/\" title=\"La Plataforma Salvem Farraj\u00f3n demana establir un front com\u00fa entre la societat civil i la corporaci\u00f3 local per a protegir aquest paratge\">[+] <\/a><\/div>\n","protected":false},"author":12,"featured_media":216725,"comment_status":"open","ping_status":"open","sticky":false,"template":"","format":"standard","meta":{"footnotes":""},"categories":[10911,10948,10894,10912,10903,10947,10896],"tags":[10913,10914,18631],"class_list":["post-216726","post","type-post","status-publish","format-standard","has-post-thumbnail","category-bunol-ca","category-infraestructuras-ca","category-la-comarca-ca","category-la-hoya-ca","category-medio-ambiente-la-comarca-ca","category-politica","category-seccion-ca","tag-bunol-ca","tag-la-hoya-de-bunol-chiva-ca","tag-plataforma-salvemos-farrajon-ca"],"_links":{"self":[{"href":"https:\/\/tucomarca.whitekongsoftware.com\/ca\/wp-json\/wp\/v2\/posts\/216726","targetHints":{"allow":["GET"]}}],"collection":[{"href":"https:\/\/tucomarca.whitekongsoftware.com\/ca\/wp-json\/wp\/v2\/posts"}],"about":[{"href":"https:\/\/tucomarca.whitekongsoftware.com\/ca\/wp-json\/wp\/v2\/types\/post"}],"author":[{"embeddable":true,"href":"https:\/\/tucomarca.whitekongsoftware.com\/ca\/wp-json\/wp\/v2\/users\/12"}],"replies":[{"embeddable":true,"href":"https:\/\/tucomarca.whitekongsoftware.com\/ca\/wp-json\/wp\/v2\/comments?post=216726"}],"version-history":[{"count":0,"href":"https:\/\/tucomarca.whitekongsoftware.com\/ca\/wp-json\/wp\/v2\/posts\/216726\/revisions"}],"wp:featuredmedia":[{"embeddable":true,"href":"https:\/\/tucomarca.whitekongsoftware.com\/ca\/wp-json\/wp\/v2\/media\/216725"}],"wp:attachment":[{"href":"https:\/\/tucomarca.whitekongsoftware.com\/ca\/wp-json\/wp\/v2\/media?parent=216726"}],"wp:term":[{"taxonomy":"category","embeddable":true,"href":"https:\/\/tucomarca.whitekongsoftware.com\/ca\/wp-json\/wp\/v2\/categories?post=216726"},{"taxonomy":"post_tag","embeddable":true,"href":"https:\/\/tucomarca.whitekongsoftware.com\/ca\/wp-json\/wp\/v2\/tags?post=216726"}],"curies":[{"name":"wp","href":"https:\/\/api.w.org\/{rel}","templated":true}]}}